{"id":3114,"date":"2021-03-16T14:15:59","date_gmt":"2021-03-16T17:15:59","guid":{"rendered":"http:\/\/fmtinkunaco.com.ar\/?p=3114"},"modified":"2021-03-16T14:15:59","modified_gmt":"2021-03-16T17:15:59","slug":"la-asamblea-no-al-cierre-de-las-salitas-de-jose-c-paz-realizara-un-nuevo-censo-en-los-caps","status":"publish","type":"post","link":"https:\/\/fmtinkunaco.ar\/?p=3114","title":{"rendered":"La Asamblea no al cierre de las salitas de Jos\u00e9. C. Paz realizar\u00e1 un nuevo censo en los CAPS"},"content":{"rendered":"<p>La Asamblea no al cierre de las salitas del partido de Jos\u00e9. C. Paz, se reuni\u00f3 por primera vez en este 2021 el domingo pasado, de manera virtual.<\/p>\n<p>En asamblea decidieron volver a realizar el censo en los diferentes Centros de atenci\u00f3n primaria de la salud del partido para tener datos certeros sobre la realidad de los mismos.<\/p>\n<p>En di\u00e1logo con el programa radial \u201cEncuentro con las Noticias\u201d, Florencia Gonz\u00e1lez, integrante de la asamblea, remarc\u00f3 que el vaciamiento sistem\u00e1tico de la atenci\u00f3n primaria, nunca ceso, \u201cEl vaciamiento continua, nada m\u00e1s que por ah\u00ed hay golpes grandes como por ejemplo que un centro de salud no tenga atenci\u00f3n medica, de las 5 atenciones b\u00e1sicas, que es enfermer\u00eda, ginecolog\u00eda, cl\u00ednico medico, pediatr\u00eda y obstetricia. Sigue avanzando, por ah\u00ed m\u00e1s lentamente, pero es evidente\u201d.<\/p>\n<p>En esta l\u00ednea, Gonz\u00e1lez puntualiz\u00f3 en la situaci\u00f3n de la Sala de Mirador de Altube, \u201cEn este momento, la sala Mirador de Altube solamente cuenta con obstetricia y con enfermer\u00eda, que es un centro de vacunaci\u00f3n de los siete que pusieron. No hay ni cl\u00ednica medica, ni pediatr\u00eda, ni ginecolog\u00eda\u201d.<\/p>\n<p>Adem\u00e1s, Florencia, explic\u00f3 cu\u00e1les son las respuestas que suelen dar desde la municipalidad pace\u00f1a, <em>\u201cQue no pueden porque los m\u00e9dicos no quieren venir, porque no consiguen m\u00e9dicos pero precisamente el doctor que se hab\u00eda ido, que es el neumonologo, el quiere volver y se manifest\u00f3, fue a la municipalidad, hablo y le dijeron que no cuentan con fondos para contratar m\u00e9dicos. Y cuando yo voy, a mi me dicen que no hay m\u00e9dicos, que el m\u00e9dico tiene que ir a hablar con ellos y el m\u00e9dico va y le dicen que no cuentan con fondos pero que los van a llamar en alg\u00fan momento\u201d.<\/em><\/p>\n<p>Finalmente, Florencia Gonz\u00e1lez, explic\u00f3 la decisi\u00f3n de la asamblea de realizar nuevamente el censo en los diferentes CAPS para visibilizar con datos certeros las necesidades cotidianas, y para esto le pidi\u00f3 ayuda a la comunidad <em>\u201cPedirle \u00a0a la gente que si quiere colaborar o si ellos ven alguna situaci\u00f3n, alg\u00fan faltante de m\u00e9dicos o algo, que nosotros los podr\u00edamos ayudar y vamos\u00a0 a hacer el censo que hacemos todos los a\u00f1os para ver qu\u00e9 es lo que est\u00e1 faltando a comparaci\u00f3n del a\u00f1o pasado y ver que podemos solicitar porque como siempre los centros est\u00e1n con el pasto largo, se est\u00e1n cayendo a pedazos, no hay ning\u00fan tipo de colaboraci\u00f3n de la municipalidad\u201d.<\/em><\/p>\n<p>Compartimos la entrevista completa<\/p>\n<p><a href=\"https:\/\/archive.org\/details\/audio-florencia-gonzalez-16-03-2021\">Descargar<\/a><\/p>\n<p>&nbsp;<\/p>\n<audio class=\"wp-audio-shortcode\" id=\"audio-3114-2\" preload=\"none\" style=\"width: 100%;\" controls=\"controls\"><source type=\"audio\/mpeg\" src=\"https:\/\/archive.org\/download\/audio-florencia-gonzalez-16-03-2021\/AUDIO%20-%20FLORENCIA%20GONZALEZ%2016%2003%202021.mp3?_=2\" \/><a href=\"https:\/\/archive.org\/download\/audio-florencia-gonzalez-16-03-2021\/AUDIO%20-%20FLORENCIA%20GONZALEZ%2016%2003%202021.mp3\">https:\/\/archive.org\/download\/audio-florencia-gonzalez-16-03-2021\/AUDIO%20-%20FLORENCIA%20GONZALEZ%2016%2003%202021.mp3<\/a><\/audio>\n<div class=\"powerpress_player\" id=\"powerpress_player_1163\"><audio class=\"wp-audio-shortcode\" id=\"audio-3114-1\" preload=\"none\" style=\"width: 100%;\" controls=\"controls\"><source type=\"audio\/mpeg\" src=\"https:\/\/archive.org\/download\/audio-florencia-gonzalez-16-03-2021\/AUDIO%20-%20FLORENCIA%20GONZALEZ%2016%2003%202021.mp3?_=1\" \/><a href=\"https:\/\/archive.org\/download\/audio-florencia-gonzalez-16-03-2021\/AUDIO%20-%20FLORENCIA%20GONZALEZ%2016%2003%202021.mp3\">https:\/\/archive.org\/download\/audio-florencia-gonzalez-16-03-2021\/AUDIO%20-%20FLORENCIA%20GONZALEZ%2016%2003%202021.mp3<\/a><\/audio><\/div><p class=\"powerpress_links powerpress_links_mp3\" style=\"margin-bottom: 1px !important;\">Podcast: <a href=\"https:\/\/archive.org\/download\/audio-florencia-gonzalez-16-03-2021\/AUDIO%20-%20FLORENCIA%20GONZALEZ%2016%2003%202021.mp3\" class=\"powerpress_link_pinw\" target=\"_blank\" title=\"Reproducir en una nueva ventana\" onclick=\"return powerpress_pinw('https:\/\/fmtinkunaco.ar\/?powerpress_pinw=3114-podcast');\" rel=\"nofollow\">Reproducir en una nueva ventana<\/a> | <a href=\"https:\/\/archive.org\/download\/audio-florencia-gonzalez-16-03-2021\/AUDIO%20-%20FLORENCIA%20GONZALEZ%2016%2003%202021.mp3\" class=\"powerpress_link_d\" title=\"Descargar\" rel=\"nofollow\" download=\"AUDIO%20-%20FLORENCIA%20GONZALEZ%2016%2003%202021.mp3\">Descargar<\/a><\/p>","protected":false},"excerpt":{"rendered":"<p>La Asamblea no al cierre de las salitas del partido de Jos\u00e9. C. Paz, se reuni\u00f3 por primera vez en este 2021 el domingo pasado, de manera virtual. En asamblea decidieron volver a realizar el censo en los diferentes Centros de atenci\u00f3n primaria de la salud del partido para tener datos certeros sobre la realidad [&hellip;]<\/p>\n","protected":false},"author":1,"featured_media":3115,"comment_status":"open","ping_status":"open","sticky":false,"template":"","format":"standard","meta":{"footnotes":""},"categories":[7],"tags":[337],"class_list":["post-3114","post","type-post","status-publish","format-standard","has-post-thumbnail","hentry","category-salud","tag-municipio-de-jose-c-paz"],"_links":{"self":[{"href":"https:\/\/fmtinkunaco.ar\/index.php?rest_route=\/wp\/v2\/posts\/3114","targetHints":{"allow":["GET"]}}],"collection":[{"href":"https:\/\/fmtinkunaco.ar\/index.php?rest_route=\/wp\/v2\/posts"}],"about":[{"href":"https:\/\/fmtinkunaco.ar\/index.php?rest_route=\/wp\/v2\/types\/post"}],"author":[{"embeddable":true,"href":"https:\/\/fmtinkunaco.ar\/index.php?rest_route=\/wp\/v2\/users\/1"}],"replies":[{"embeddable":true,"href":"https:\/\/fmtinkunaco.ar\/index.php?rest_route=%2Fwp%2Fv2%2Fcomments&post=3114"}],"version-history":[{"count":0,"href":"https:\/\/fmtinkunaco.ar\/index.php?rest_route=\/wp\/v2\/posts\/3114\/revisions"}],"wp:featuredmedia":[{"embeddable":true,"href":"https:\/\/fmtinkunaco.ar\/index.php?rest_route=\/"}],"wp:attachment":[{"href":"https:\/\/fmtinkunaco.ar\/index.php?rest_route=%2Fwp%2Fv2%2Fmedia&parent=3114"}],"wp:term":[{"taxonomy":"category","embeddable":true,"href":"https:\/\/fmtinkunaco.ar\/index.php?rest_route=%2Fwp%2Fv2%2Fcategories&post=3114"},{"taxonomy":"post_tag","embeddable":true,"href":"https:\/\/fmtinkunaco.ar\/index.php?rest_route=%2Fwp%2Fv2%2Ftags&post=3114"}],"curies":[{"name":"wp","href":"https:\/\/api.w.org\/{rel}","templated":true}]}}