{"id":3141,"date":"2021-03-17T12:14:22","date_gmt":"2021-03-17T15:14:22","guid":{"rendered":"http:\/\/fmtinkunaco.com.ar\/?p=3141"},"modified":"2021-03-17T12:14:22","modified_gmt":"2021-03-17T15:14:22","slug":"educadoras-y-educadores-populares-lanzan-la-campana-vacunacion-para-trabajadorxs-comunitarixs","status":"publish","type":"post","link":"https:\/\/fmtinkunaco.ar\/?p=3141","title":{"rendered":"Educadoras y educadores populares lanzan la campa\u00f1a \u201cVacunaci\u00f3n para Trabajadorxs Comunitarixs\u201d"},"content":{"rendered":"<p>En nuestra regi\u00f3n, educadores y educadoras populares de la Red El Encuentro de Jos\u00e9. C. Paz y la Red Andando de Moreno, lanzaron la campa\u00f1a <em>\u201cVacunaci\u00f3n para Trabajadorxs Comunitarixs<\/em>\u201d.<\/p>\n<p>La campa\u00f1a se lanz\u00f3, teniendo en cuenta que durante toda la pandemia cumplieron funciones esenciales de cuidado y sosteniendo una primera l\u00ednea contra el hambre. En este contexto consideran que es fundamental que el Estado los priorice. Teniendo tambi\u00e9n en cuenta que en periodo de aislamiento fueron considerados personal esencial y recibieron su permiso de circulaci\u00f3n.<\/p>\n<p>En di\u00e1logo con el programa radial \u201cEncuentro con las Noticias\u201d, Mariana Hoffman, integrante del Centro Comunitario Las Suricatas y de la Red El Encuentro, se refiri\u00f3 a la campa\u00f1a <em>\u201cAl Ministerio de Salud le estamos elevando el pedido de de ser incorporadas a la vacunaci\u00f3n. La verdad es que no tenemos ning\u00fan tipo de respuesta, simplemente estamos anotados todos los educadores y educadoras como ciudadanos pero no dentro del marco de trabajadores esenciales\u201d.<\/em><\/p>\n<p>Hoffman, adem\u00e1s, describi\u00f3 la situaci\u00f3n actual del Centro Comunitario Las Suricatas <em>\u201cDentro de nuestro grupo somos 14 educadoras, todav\u00eda ninguna vacunada; tenemos 2 compa\u00f1eras que son grupo de riesgo. Estamos todas anotadas pero, simplemente, anotadas como ciudadanas, como cualquier ciudadano de la Rep\u00fablica Argentina que se puede anotar en el calendario pero sin tener ning\u00fan tipo de consideraci\u00f3n para el trabajo esencial que venimos realizando\u201d.<\/em><\/p>\n<p>Las trabajadoras y trabajadores comunitarios exigen que se los reconozca y se los incluya dentro de los grupos esenciales\u00a0 para acceder a la vacuna contra el COVID 19.<\/p>\n<p>Compartimos la entrevista completa<\/p>\n<p><a href=\"https:\/\/archive.org\/details\/audio-mariana-hoffman-red-el-encuentro-17-03-2021\">Descargar<\/a><\/p>\n<p>&nbsp;<\/p>\n<audio class=\"wp-audio-shortcode\" id=\"audio-3141-2\" preload=\"none\" style=\"width: 100%;\" controls=\"controls\"><source type=\"audio\/mpeg\" src=\"https:\/\/archive.org\/download\/audio-mariana-hoffman-red-el-encuentro-17-03-2021\/AUDIO%20-%20MARIANA%20HOFFMAN%20%28RED%20EL%20ENCUENTRO%29%2017%2003%202021.mp3?_=2\" \/><a href=\"https:\/\/archive.org\/download\/audio-mariana-hoffman-red-el-encuentro-17-03-2021\/AUDIO%20-%20MARIANA%20HOFFMAN%20%28RED%20EL%20ENCUENTRO%29%2017%2003%202021.mp3\">https:\/\/archive.org\/download\/audio-mariana-hoffman-red-el-encuentro-17-03-2021\/AUDIO%20-%20MARIANA%20HOFFMAN%20%28RED%20EL%20ENCUENTRO%29%2017%2003%202021.mp3<\/a><\/audio>\n<div class=\"powerpress_player\" id=\"powerpress_player_6392\"><audio class=\"wp-audio-shortcode\" id=\"audio-3141-1\" preload=\"none\" style=\"width: 100%;\" controls=\"controls\"><source type=\"audio\/mpeg\" src=\"https:\/\/archive.org\/download\/audio-mariana-hoffman-red-el-encuentro-17-03-2021\/AUDIO%20-%20MARIANA%20HOFFMAN%20%28RED%20EL%20ENCUENTRO%29%2017%2003%202021.mp3?_=1\" \/><a href=\"https:\/\/archive.org\/download\/audio-mariana-hoffman-red-el-encuentro-17-03-2021\/AUDIO%20-%20MARIANA%20HOFFMAN%20%28RED%20EL%20ENCUENTRO%29%2017%2003%202021.mp3\">https:\/\/archive.org\/download\/audio-mariana-hoffman-red-el-encuentro-17-03-2021\/AUDIO%20-%20MARIANA%20HOFFMAN%20%28RED%20EL%20ENCUENTRO%29%2017%2003%202021.mp3<\/a><\/audio><\/div><p class=\"powerpress_links powerpress_links_mp3\" style=\"margin-bottom: 1px !important;\">Podcast: <a href=\"https:\/\/archive.org\/download\/audio-mariana-hoffman-red-el-encuentro-17-03-2021\/AUDIO%20-%20MARIANA%20HOFFMAN%20%28RED%20EL%20ENCUENTRO%29%2017%2003%202021.mp3\" class=\"powerpress_link_pinw\" target=\"_blank\" title=\"Reproducir en una nueva ventana\" onclick=\"return powerpress_pinw('https:\/\/fmtinkunaco.ar\/?powerpress_pinw=3141-podcast');\" rel=\"nofollow\">Reproducir en una nueva ventana<\/a> | <a href=\"https:\/\/archive.org\/download\/audio-mariana-hoffman-red-el-encuentro-17-03-2021\/AUDIO%20-%20MARIANA%20HOFFMAN%20%28RED%20EL%20ENCUENTRO%29%2017%2003%202021.mp3\" class=\"powerpress_link_d\" title=\"Descargar\" rel=\"nofollow\" download=\"AUDIO%20-%20MARIANA%20HOFFMAN%20%28RED%20EL%20ENCUENTRO%29%2017%2003%202021.mp3\">Descargar<\/a><\/p>","protected":false},"excerpt":{"rendered":"<p>En nuestra regi\u00f3n, educadores y educadoras populares de la Red El Encuentro de Jos\u00e9. C. Paz y la Red Andando de Moreno, lanzaron la campa\u00f1a \u201cVacunaci\u00f3n para Trabajadorxs Comunitarixs\u201d. La campa\u00f1a se lanz\u00f3, teniendo en cuenta que durante toda la pandemia cumplieron funciones esenciales de cuidado y sosteniendo una primera l\u00ednea contra el hambre. En [&hellip;]<\/p>\n","protected":false},"author":1,"featured_media":3142,"comment_status":"open","ping_status":"open","sticky":false,"template":"","format":"standard","meta":{"footnotes":""},"categories":[4,7],"tags":[138],"class_list":["post-3141","post","type-post","status-publish","format-standard","has-post-thumbnail","hentry","category-derechos-humanos","category-salud","tag-covid-19"],"_links":{"self":[{"href":"https:\/\/fmtinkunaco.ar\/index.php?rest_route=\/wp\/v2\/posts\/3141","targetHints":{"allow":["GET"]}}],"collection":[{"href":"https:\/\/fmtinkunaco.ar\/index.php?rest_route=\/wp\/v2\/posts"}],"about":[{"href":"https:\/\/fmtinkunaco.ar\/index.php?rest_route=\/wp\/v2\/types\/post"}],"author":[{"embeddable":true,"href":"https:\/\/fmtinkunaco.ar\/index.php?rest_route=\/wp\/v2\/users\/1"}],"replies":[{"embeddable":true,"href":"https:\/\/fmtinkunaco.ar\/index.php?rest_route=%2Fwp%2Fv2%2Fcomments&post=3141"}],"version-history":[{"count":0,"href":"https:\/\/fmtinkunaco.ar\/index.php?rest_route=\/wp\/v2\/posts\/3141\/revisions"}],"wp:featuredmedia":[{"embeddable":true,"href":"https:\/\/fmtinkunaco.ar\/index.php?rest_route=\/"}],"wp:attachment":[{"href":"https:\/\/fmtinkunaco.ar\/index.php?rest_route=%2Fwp%2Fv2%2Fmedia&parent=3141"}],"wp:term":[{"taxonomy":"category","embeddable":true,"href":"https:\/\/fmtinkunaco.ar\/index.php?rest_route=%2Fwp%2Fv2%2Fcategories&post=3141"},{"taxonomy":"post_tag","embeddable":true,"href":"https:\/\/fmtinkunaco.ar\/index.php?rest_route=%2Fwp%2Fv2%2Ftags&post=3141"}],"curies":[{"name":"wp","href":"https:\/\/api.w.org\/{rel}","templated":true}]}}