{"id":3144,"date":"2021-03-17T13:59:21","date_gmt":"2021-03-17T16:59:21","guid":{"rendered":"http:\/\/fmtinkunaco.com.ar\/?p=3144"},"modified":"2021-03-17T13:59:21","modified_gmt":"2021-03-17T16:59:21","slug":"jornada-nacional-de-lucha-de-los-movimientos-sociales-la-canasta-nos-aplasta","status":"publish","type":"post","link":"https:\/\/fmtinkunaco.ar\/?p=3144","title":{"rendered":"Jornada Nacional de Lucha de los movimientos sociales: \u201cLa canasta nos aplasta\u201d"},"content":{"rendered":"<p>Hoy, mi\u00e9rcoles 17 de marzo, movimientos sociales de todo el pa\u00eds realizaron la jornada de lucha \u201cLa canasta nos aplasta\u201d, con movilizaciones y ollas populares.<\/p>\n<p>En CABA, los movimientos se concentraron en Independencia y 9 de julio, y movilizaron hacia la Coordinadora de las Industrias de Productos Alimenticios.<\/p>\n<p>En di\u00e1logo con el programa radial \u201cEncuentro con las Noticias\u201d, Marianela Navarro, integrante del Frente de Organizaciones en Lucha, se refiri\u00f3 a la consigna de la jornada,<em> \u201cNuestra consigna de esta jornada de lucha es que la canasta nos aplasta porque el aumento de los alimentos de primera necesidad se ha ido por las nubes y nuestros salarios sigue en $10 mil pesos por mes, estamos por debajo de la l\u00ednea de indigencia y esta jornada de protesta tiene dos ejes fundamentales: por un lado, que en un pa\u00eds que es productor de alimentos sea un lujo comprar un kilo de carne o tomar un litro de leche lo consideramos una absoluta injusticia como tambi\u00e9n, como muestra la desigualdad que se vive en nuestro pa\u00eds, un salario que no llega ni para mantener una familia una semana\u201d.<br \/>\n<\/em><br \/>\nNavarro, adem\u00e1s, sostuvo <em>\u201cNosotros como movimientos sociales, como trabajadores de las cooperativas estamos exigiendo una recomposici\u00f3n salarial para todos los trabajadores que, en el marco de la pandemia, desarrollamos un mont\u00f3n de actividades para darles de comer a miles de personas en todo el pa\u00eds\u201d.<br \/>\n<\/em><br \/>\nLos movimientos sostienen que durante toda la pandemia se ha triplicado la cantidad de personas que asisten a los comedores comunitarios pero que no reciben respuestas del gobierno.<\/p>\n<p>Marianela Navarro, explic\u00f3, <em>\u201cTenemos una lucha cotidiana con el Ministerio de Desarrollo Social porque no solo que no entregan el alimento hace tres meses, sino que cuando lo entregan, cuando hacen los env\u00edos, realmente es imposible de cocinar ni siquiera un guiso; o sea son tres o cuatro productos y hay mucho trabajo, a pulm\u00f3n, de las organizaciones sociales pero falta la parte que tiene que poner el Estado para resolver esto. Nosotros les estamos cumpliendo una funci\u00f3n de sacar adelante a miles de familias en todo el pa\u00eds pero hay una funci\u00f3n del Estado que es indelegable\u201d<\/em>.<\/p>\n<p>Compartimos la entrevista completa<\/p>\n<p><a href=\"https:\/\/archive.org\/details\/audio-marianela-navarro-fol-17-03-2021\">Descargar<\/a><\/p>\n<p>&nbsp;<\/p>\n<audio class=\"wp-audio-shortcode\" id=\"audio-3144-2\" preload=\"none\" style=\"width: 100%;\" controls=\"controls\"><source type=\"audio\/mpeg\" src=\"https:\/\/archive.org\/download\/audio-marianela-navarro-fol-17-03-2021\/AUDIO%20-%20MARIANELA%20NAVARRO%20%28FOL%29%2017%2003%202021.mp3?_=2\" \/><a href=\"https:\/\/archive.org\/download\/audio-marianela-navarro-fol-17-03-2021\/AUDIO%20-%20MARIANELA%20NAVARRO%20%28FOL%29%2017%2003%202021.mp3\">https:\/\/archive.org\/download\/audio-marianela-navarro-fol-17-03-2021\/AUDIO%20-%20MARIANELA%20NAVARRO%20%28FOL%29%2017%2003%202021.mp3<\/a><\/audio>\n<div class=\"powerpress_player\" id=\"powerpress_player_1627\"><audio class=\"wp-audio-shortcode\" id=\"audio-3144-1\" preload=\"none\" style=\"width: 100%;\" controls=\"controls\"><source type=\"audio\/mpeg\" src=\"https:\/\/archive.org\/download\/audio-marianela-navarro-fol-17-03-2021\/AUDIO%20-%20MARIANELA%20NAVARRO%20%28FOL%29%2017%2003%202021.mp3?_=1\" \/><a href=\"https:\/\/archive.org\/download\/audio-marianela-navarro-fol-17-03-2021\/AUDIO%20-%20MARIANELA%20NAVARRO%20%28FOL%29%2017%2003%202021.mp3\">https:\/\/archive.org\/download\/audio-marianela-navarro-fol-17-03-2021\/AUDIO%20-%20MARIANELA%20NAVARRO%20%28FOL%29%2017%2003%202021.mp3<\/a><\/audio><\/div><p class=\"powerpress_links powerpress_links_mp3\" style=\"margin-bottom: 1px !important;\">Podcast: <a href=\"https:\/\/archive.org\/download\/audio-marianela-navarro-fol-17-03-2021\/AUDIO%20-%20MARIANELA%20NAVARRO%20%28FOL%29%2017%2003%202021.mp3\" class=\"powerpress_link_pinw\" target=\"_blank\" title=\"Reproducir en una nueva ventana\" onclick=\"return powerpress_pinw('https:\/\/fmtinkunaco.ar\/?powerpress_pinw=3144-podcast');\" rel=\"nofollow\">Reproducir en una nueva ventana<\/a> | <a href=\"https:\/\/archive.org\/download\/audio-marianela-navarro-fol-17-03-2021\/AUDIO%20-%20MARIANELA%20NAVARRO%20%28FOL%29%2017%2003%202021.mp3\" class=\"powerpress_link_d\" title=\"Descargar\" rel=\"nofollow\" download=\"AUDIO%20-%20MARIANELA%20NAVARRO%20%28FOL%29%2017%2003%202021.mp3\">Descargar<\/a><\/p>","protected":false},"excerpt":{"rendered":"<p>Hoy, mi\u00e9rcoles 17 de marzo, movimientos sociales de todo el pa\u00eds realizaron la jornada de lucha \u201cLa canasta nos aplasta\u201d, con movilizaciones y ollas populares. En CABA, los movimientos se concentraron en Independencia y 9 de julio, y movilizaron hacia la Coordinadora de las Industrias de Productos Alimenticios. En di\u00e1logo con el programa radial \u201cEncuentro [&hellip;]<\/p>\n","protected":false},"author":1,"featured_media":3145,"comment_status":"open","ping_status":"open","sticky":false,"template":"","format":"standard","meta":{"footnotes":""},"categories":[4,9],"tags":[],"class_list":["post-3144","post","type-post","status-publish","format-standard","has-post-thumbnail","hentry","category-derechos-humanos","category-sociedad"],"_links":{"self":[{"href":"https:\/\/fmtinkunaco.ar\/index.php?rest_route=\/wp\/v2\/posts\/3144","targetHints":{"allow":["GET"]}}],"collection":[{"href":"https:\/\/fmtinkunaco.ar\/index.php?rest_route=\/wp\/v2\/posts"}],"about":[{"href":"https:\/\/fmtinkunaco.ar\/index.php?rest_route=\/wp\/v2\/types\/post"}],"author":[{"embeddable":true,"href":"https:\/\/fmtinkunaco.ar\/index.php?rest_route=\/wp\/v2\/users\/1"}],"replies":[{"embeddable":true,"href":"https:\/\/fmtinkunaco.ar\/index.php?rest_route=%2Fwp%2Fv2%2Fcomments&post=3144"}],"version-history":[{"count":0,"href":"https:\/\/fmtinkunaco.ar\/index.php?rest_route=\/wp\/v2\/posts\/3144\/revisions"}],"wp:featuredmedia":[{"embeddable":true,"href":"https:\/\/fmtinkunaco.ar\/index.php?rest_route=\/"}],"wp:attachment":[{"href":"https:\/\/fmtinkunaco.ar\/index.php?rest_route=%2Fwp%2Fv2%2Fmedia&parent=3144"}],"wp:term":[{"taxonomy":"category","embeddable":true,"href":"https:\/\/fmtinkunaco.ar\/index.php?rest_route=%2Fwp%2Fv2%2Fcategories&post=3144"},{"taxonomy":"post_tag","embeddable":true,"href":"https:\/\/fmtinkunaco.ar\/index.php?rest_route=%2Fwp%2Fv2%2Ftags&post=3144"}],"curies":[{"name":"wp","href":"https:\/\/api.w.org\/{rel}","templated":true}]}}