{"id":3167,"date":"2021-03-17T15:41:42","date_gmt":"2021-03-17T18:41:42","guid":{"rendered":"http:\/\/fmtinkunaco.com.ar\/?p=3167"},"modified":"2021-03-17T15:41:42","modified_gmt":"2021-03-17T18:41:42","slug":"a-45-anos-del-golpe-de-estado-acto-por-la-memoria-en-campo-de-mayo","status":"publish","type":"post","link":"https:\/\/fmtinkunaco.ar\/?p=3167","title":{"rendered":"A 45 a\u00f1os del Golpe de Estado, acto por la Memoria en Campo de Mayo"},"content":{"rendered":"<p>La Asociaci\u00f3n de Sobrevivientes, Familiares, Compa\u00f1eros y Compa\u00f1eras de Campo de Mayo realizar\u00e1 ma\u00f1ana, 19 de marzo, un acto por la Memoria en la se\u00f1alizaci\u00f3n de El Campito, a las 11 de la ma\u00f1ana.<\/p>\n<p>El Campito, funcion\u00f3 durante la \u00faltima dictadura c\u00edvica, militar y eclesi\u00e1stica como uno de los Centros Clandestinos de Detenci\u00f3n y Exterminio m\u00e1s significativos del pa\u00eds y el \u00fanico que aun continua en actividad como guarnici\u00f3n militar.<\/p>\n<p>En di\u00e1logo con el programa radial \u201cEncuentro con las Noticias\u201d, Iris Avellaneda, Sobreviviente de Campo de Mayo y Presidenta de la Asociaci\u00f3n Sobrevivientes, Familiares, Compa\u00f1eros y Compa\u00f1eras de Campo de Mayo se refiri\u00f3 al significado de un nuevo acto en El Campito, <em>\u201cEstamos prepar\u00e1ndolo con mucho entusiasmo porque ya hizo una a\u00f1o y medio, en el 2020 ten\u00edamos preparada la fecha y todo y por la pandemia se tuvo que suspender. (\u2026) La esperanza nuestra es que Campo de Mayo sea el Sitio de Memoria que tanto estamos peleando y\u00a0 rogando para que se haga pero con la pandemia, mucho no hemos podido hacer pero bueno, uno hace lo que puede\u201d.<\/em><\/p>\n<p>Iris, explic\u00f3 la importancia de poder convertir a Campo de Mayo en un Sitio de Memoria, <em>\u201cLa importancia de esto es hacer el homenaje a tantos compa\u00f1eros que han quedado ah\u00ed y sabemos que hay gente enterrada ah\u00ed, por los vuelos de la muerte que han sido varios los que tiraron en el mar y en el rio; y despu\u00e9s por nosotros mismos los sobrevivientes, que sepamos qu\u00e9 paso con nuestros familiares\u201d.<\/em><\/p>\n<p>Finalmente, Iris Avellaneda, se refiri\u00f3 a la situaci\u00f3n de los juicios y los tiempos de la justicia en lo que responde a las condenas, <em>\u201cLos milicos se est\u00e1n muriendo, la justicia es una mierda \u2013 perd\u00f3name la expresi\u00f3n \u2013 pero los milicos, la mayor\u00eda, est\u00e1n libres. El caso nuestro que tenemos tantos y tantos a\u00f1os, desde el 2009, que hicimos el juicio, hay uno de ellos que est\u00e1 libre en Navarro y que el 24 le vamos a hacer un acto all\u00e1 y vamos\u00a0 a hacer un repudio porque no puede ser que Casaci\u00f3n haga lo que hizo. En el 2013 encajono la causa, porque cuando se hizo el juicio y la Jueza les dio la pena, eran 5 los milicos, y como nosotros no est\u00e1bamos de acuerdo con los dos militares que les dieron 8 a\u00f1os, nosotros apelamos, y la apelaci\u00f3n sali\u00f3 a favor nuestro y se les dio 12, resulta que desde el 2013, la causa esta encajonada y los muchachos est\u00e1n libres\u201d.<\/em><\/p>\n<p>La actividad ser\u00e1 sobre la entrada del pol\u00edgono de tiro federal, ubicado sobre la calle Camino Idoate.<\/p>\n<p>Compartimos la entrevista completa<\/p>\n<p><a href=\"https:\/\/archive.org\/details\/audio-iris-avellaneda-17-03-2021\">Descargar<\/a><\/p>\n<p>&nbsp;<\/p>\n<audio class=\"wp-audio-shortcode\" id=\"audio-3167-2\" preload=\"none\" style=\"width: 100%;\" controls=\"controls\"><source type=\"audio\/mpeg\" src=\"https:\/\/archive.org\/download\/audio-iris-avellaneda-17-03-2021\/AUDIO%20-%20IRIS%20AVELLANEDA%2017%2003%202021.mp3?_=2\" \/><a href=\"https:\/\/archive.org\/download\/audio-iris-avellaneda-17-03-2021\/AUDIO%20-%20IRIS%20AVELLANEDA%2017%2003%202021.mp3\">https:\/\/archive.org\/download\/audio-iris-avellaneda-17-03-2021\/AUDIO%20-%20IRIS%20AVELLANEDA%2017%2003%202021.mp3<\/a><\/audio>\n<div class=\"powerpress_player\" id=\"powerpress_player_765\"><audio class=\"wp-audio-shortcode\" id=\"audio-3167-1\" preload=\"none\" style=\"width: 100%;\" controls=\"controls\"><source type=\"audio\/mpeg\" src=\"https:\/\/archive.org\/download\/audio-iris-avellaneda-17-03-2021\/AUDIO%20-%20IRIS%20AVELLANEDA%2017%2003%202021.mp3?_=1\" \/><a href=\"https:\/\/archive.org\/download\/audio-iris-avellaneda-17-03-2021\/AUDIO%20-%20IRIS%20AVELLANEDA%2017%2003%202021.mp3\">https:\/\/archive.org\/download\/audio-iris-avellaneda-17-03-2021\/AUDIO%20-%20IRIS%20AVELLANEDA%2017%2003%202021.mp3<\/a><\/audio><\/div><p class=\"powerpress_links powerpress_links_mp3\" style=\"margin-bottom: 1px !important;\">Podcast: <a href=\"https:\/\/archive.org\/download\/audio-iris-avellaneda-17-03-2021\/AUDIO%20-%20IRIS%20AVELLANEDA%2017%2003%202021.mp3\" class=\"powerpress_link_pinw\" target=\"_blank\" title=\"Reproducir en una nueva ventana\" onclick=\"return powerpress_pinw('https:\/\/fmtinkunaco.ar\/?powerpress_pinw=3167-podcast');\" rel=\"nofollow\">Reproducir en una nueva ventana<\/a> | <a href=\"https:\/\/archive.org\/download\/audio-iris-avellaneda-17-03-2021\/AUDIO%20-%20IRIS%20AVELLANEDA%2017%2003%202021.mp3\" class=\"powerpress_link_d\" title=\"Descargar\" rel=\"nofollow\" download=\"AUDIO%20-%20IRIS%20AVELLANEDA%2017%2003%202021.mp3\">Descargar<\/a><\/p>","protected":false},"excerpt":{"rendered":"<p>La Asociaci\u00f3n de Sobrevivientes, Familiares, Compa\u00f1eros y Compa\u00f1eras de Campo de Mayo realizar\u00e1 ma\u00f1ana, 19 de marzo, un acto por la Memoria en la se\u00f1alizaci\u00f3n de El Campito, a las 11 de la ma\u00f1ana. El Campito, funcion\u00f3 durante la \u00faltima dictadura c\u00edvica, militar y eclesi\u00e1stica como uno de los Centros Clandestinos de Detenci\u00f3n y Exterminio [&hellip;]<\/p>\n","protected":false},"author":1,"featured_media":3168,"comment_status":"open","ping_status":"open","sticky":false,"template":"","format":"standard","meta":{"footnotes":""},"categories":[4],"tags":[],"class_list":["post-3167","post","type-post","status-publish","format-standard","has-post-thumbnail","hentry","category-derechos-humanos"],"_links":{"self":[{"href":"https:\/\/fmtinkunaco.ar\/index.php?rest_route=\/wp\/v2\/posts\/3167","targetHints":{"allow":["GET"]}}],"collection":[{"href":"https:\/\/fmtinkunaco.ar\/index.php?rest_route=\/wp\/v2\/posts"}],"about":[{"href":"https:\/\/fmtinkunaco.ar\/index.php?rest_route=\/wp\/v2\/types\/post"}],"author":[{"embeddable":true,"href":"https:\/\/fmtinkunaco.ar\/index.php?rest_route=\/wp\/v2\/users\/1"}],"replies":[{"embeddable":true,"href":"https:\/\/fmtinkunaco.ar\/index.php?rest_route=%2Fwp%2Fv2%2Fcomments&post=3167"}],"version-history":[{"count":0,"href":"https:\/\/fmtinkunaco.ar\/index.php?rest_route=\/wp\/v2\/posts\/3167\/revisions"}],"wp:featuredmedia":[{"embeddable":true,"href":"https:\/\/fmtinkunaco.ar\/index.php?rest_route=\/"}],"wp:attachment":[{"href":"https:\/\/fmtinkunaco.ar\/index.php?rest_route=%2Fwp%2Fv2%2Fmedia&parent=3167"}],"wp:term":[{"taxonomy":"category","embeddable":true,"href":"https:\/\/fmtinkunaco.ar\/index.php?rest_route=%2Fwp%2Fv2%2Fcategories&post=3167"},{"taxonomy":"post_tag","embeddable":true,"href":"https:\/\/fmtinkunaco.ar\/index.php?rest_route=%2Fwp%2Fv2%2Ftags&post=3167"}],"curies":[{"name":"wp","href":"https:\/\/api.w.org\/{rel}","templated":true}]}}