{"id":3177,"date":"2021-03-18T13:49:13","date_gmt":"2021-03-18T16:49:13","guid":{"rendered":"http:\/\/fmtinkunaco.com.ar\/?p=3177"},"modified":"2021-03-18T13:49:13","modified_gmt":"2021-03-18T16:49:13","slug":"el-colectivo-de-organismos-de-derechos-humanos-zona-oeste-organiza-la-caravana-por-la-memoria-la-verdad-y-la-justicia","status":"publish","type":"post","link":"https:\/\/fmtinkunaco.ar\/?p=3177","title":{"rendered":"El Colectivo de Organismos de Derechos Humanos Zona Oeste organiza la \u201cCaravana por la Memoria, la Verdad y la Justicia\u201d"},"content":{"rendered":"<p>El Colectivo de Organismos de Derechos Humanos Zona Oeste, organiza la \u201cCaravana por la Memoria\u201d para el pr\u00f3ximo s\u00e1bado 20 de marzo, en el marco de la conmemoraci\u00f3n de los 45 a\u00f1os del golpe de estado en nuestro pa\u00eds.<\/p>\n<p>En di\u00e1logo con el programa radial \u201cEncuentro con las Noticias\u201d, Martha Ibarra, referente de Moreno por la Memoria, asociaci\u00f3n integrante del colectivo, se refiri\u00f3 a las actividades en el marco de este aniversario en un contexto de pandemia <em>\u201cLas actividades que estamos haciendo son distintas, reprogramadas, comparadas a a\u00f1os anteriores. El a\u00f1o pasado no llegamos a hacer casi nada, a partir de la cuarentena, se suspendieron todas las actividades presenciales y, despu\u00e9s, comenzamos a hacer actividades virtuales pero fue justo en marzo. As\u00ed que este a\u00f1o se decidi\u00f3, en varios organismos no estaban de acuerdo en hacer actividades presenciales y otros que si con los cuidados necesarios de distanciamiento y que no sean actividades masivas, as\u00ed que nosotros tambi\u00e9n pensamos hacer algunas tomando esas precauciones\u201d.<\/em><\/p>\n<p>Martha Ibarra, adem\u00e1s, puntualiz\u00f3 en la Caravana por la Memoria, <em>\u201cLa Caravana por la Memoria, la Verdad y la Justicia\u201d que une los centros clandestinos del circuito represivo de la sub zona 16, que es de donde depend\u00eda Moreno, que ten\u00eda como base la 8va Brigada A\u00e9rea con el grupo de tareas 12, la hacemos este s\u00e1bado a partir de las 10 de la ma\u00f1ana porque siempre empieza mucho m\u00e1s temprano en la Comisaria 1ra de Moreno pero por esta cuesti\u00f3n de los cuidados no va a haber testimonios de los sobrevivientes o de familiares, solamente se va a leer un documento en cada localidad que se pasa, una sola vez, y se van a colocar siluetas. O sea que va a ser una caravana mucho m\u00e1s r\u00e1pida que otros a\u00f1os\u201d.<\/em><\/p>\n<p>La caravana se propone unir los Centros Clandestinos de Detenci\u00f3n Tortura y Exterminio y los Sitios de Memoria del Circuito Represivo de la Sub zona 16 a cargo de la Fuerza A\u00e9rea (Moreno \u2013 Merlo &#8211; el Viejo Mor\u00f3n, hoy Ituzaingo, Hurlingham y Mor\u00f3n).<\/p>\n<p>El recorrido ser\u00e1:<\/p>\n<p>10:00 hs Comisar\u00eda 1\u00b0 MORENO, Belgrano esquina Merlo<br \/>\n10:45 hs Ex Instituto de Menores Riglos (hoy UNM), Av Bme Mitre\u00a0 1891<br \/>\n11:00 hs Comisar\u00eda 5\u00b0 Paso del Rey &#8211; Moreno- Alcorta Sur 259<br \/>\n11:30 hs Comisar\u00eda 1\u00b0 Merlo, av Libertador 368<br \/>\n12:15 hs\u00a0 Plaza de Ituzaing\u00f3 (sur)<br \/>\n13:00 hs Comisar\u00eda 3\u00b0 Castelar -Mor\u00f3n<br \/>\n13:30 hs 7\u00b0 Brigada A\u00e9rea Mor\u00f3n<br \/>\n14:00 hs RIBA Mor\u00f3n<br \/>\n14:45 hs Hospital Posadas &#8211; Mor\u00f3n<br \/>\n16:30 hs Comisar\u00eda 2\u00b0 Villa Tesei &#8211; Hurlingham<br \/>\n17:30 hs Mansi\u00f3n Ser\u00e9 &#8211; Castelar &#8211;\u00a0 Mor\u00f3n<\/p>\n<p>Compartimos la entrevista completa<\/p>\n<p><a href=\"https:\/\/archive.org\/details\/audio-martha-ibarra-mxm-18-03-2021\">Descargar<\/a><\/p>\n<p>&nbsp;<\/p>\n<audio class=\"wp-audio-shortcode\" id=\"audio-3177-2\" preload=\"none\" style=\"width: 100%;\" controls=\"controls\"><source type=\"audio\/mpeg\" src=\"https:\/\/archive.org\/download\/audio-martha-ibarra-mxm-18-03-2021\/AUDIO%20-%20MARTHA%20IBARRA%20%28MXM%29%2018%2003%202021.mp3?_=2\" \/><a href=\"https:\/\/archive.org\/download\/audio-martha-ibarra-mxm-18-03-2021\/AUDIO%20-%20MARTHA%20IBARRA%20%28MXM%29%2018%2003%202021.mp3\">https:\/\/archive.org\/download\/audio-martha-ibarra-mxm-18-03-2021\/AUDIO%20-%20MARTHA%20IBARRA%20%28MXM%29%2018%2003%202021.mp3<\/a><\/audio>\n<p>&nbsp;<\/p>\n<div class=\"powerpress_player\" id=\"powerpress_player_3107\"><audio class=\"wp-audio-shortcode\" id=\"audio-3177-1\" preload=\"none\" style=\"width: 100%;\" controls=\"controls\"><source type=\"audio\/mpeg\" src=\"https:\/\/archive.org\/download\/audio-martha-ibarra-mxm-18-03-2021\/AUDIO%20-%20MARTHA%20IBARRA%20%28MXM%29%2018%2003%202021.mp3?_=1\" \/><a href=\"https:\/\/archive.org\/download\/audio-martha-ibarra-mxm-18-03-2021\/AUDIO%20-%20MARTHA%20IBARRA%20%28MXM%29%2018%2003%202021.mp3\">https:\/\/archive.org\/download\/audio-martha-ibarra-mxm-18-03-2021\/AUDIO%20-%20MARTHA%20IBARRA%20%28MXM%29%2018%2003%202021.mp3<\/a><\/audio><\/div><p class=\"powerpress_links powerpress_links_mp3\" style=\"margin-bottom: 1px !important;\">Podcast: <a href=\"https:\/\/archive.org\/download\/audio-martha-ibarra-mxm-18-03-2021\/AUDIO%20-%20MARTHA%20IBARRA%20%28MXM%29%2018%2003%202021.mp3\" class=\"powerpress_link_pinw\" target=\"_blank\" title=\"Reproducir en una nueva ventana\" onclick=\"return powerpress_pinw('https:\/\/fmtinkunaco.ar\/?powerpress_pinw=3177-podcast');\" rel=\"nofollow\">Reproducir en una nueva ventana<\/a> | <a href=\"https:\/\/archive.org\/download\/audio-martha-ibarra-mxm-18-03-2021\/AUDIO%20-%20MARTHA%20IBARRA%20%28MXM%29%2018%2003%202021.mp3\" class=\"powerpress_link_d\" title=\"Descargar\" rel=\"nofollow\" download=\"AUDIO%20-%20MARTHA%20IBARRA%20%28MXM%29%2018%2003%202021.mp3\">Descargar<\/a><\/p>","protected":false},"excerpt":{"rendered":"<p>El Colectivo de Organismos de Derechos Humanos Zona Oeste, organiza la \u201cCaravana por la Memoria\u201d para el pr\u00f3ximo s\u00e1bado 20 de marzo, en el marco de la conmemoraci\u00f3n de los 45 a\u00f1os del golpe de estado en nuestro pa\u00eds. En di\u00e1logo con el programa radial \u201cEncuentro con las Noticias\u201d, Martha Ibarra, referente de Moreno por [&hellip;]<\/p>\n","protected":false},"author":1,"featured_media":3178,"comment_status":"open","ping_status":"open","sticky":false,"template":"","format":"standard","meta":{"footnotes":""},"categories":[4],"tags":[],"class_list":["post-3177","post","type-post","status-publish","format-standard","has-post-thumbnail","hentry","category-derechos-humanos"],"_links":{"self":[{"href":"https:\/\/fmtinkunaco.ar\/index.php?rest_route=\/wp\/v2\/posts\/3177","targetHints":{"allow":["GET"]}}],"collection":[{"href":"https:\/\/fmtinkunaco.ar\/index.php?rest_route=\/wp\/v2\/posts"}],"about":[{"href":"https:\/\/fmtinkunaco.ar\/index.php?rest_route=\/wp\/v2\/types\/post"}],"author":[{"embeddable":true,"href":"https:\/\/fmtinkunaco.ar\/index.php?rest_route=\/wp\/v2\/users\/1"}],"replies":[{"embeddable":true,"href":"https:\/\/fmtinkunaco.ar\/index.php?rest_route=%2Fwp%2Fv2%2Fcomments&post=3177"}],"version-history":[{"count":0,"href":"https:\/\/fmtinkunaco.ar\/index.php?rest_route=\/wp\/v2\/posts\/3177\/revisions"}],"wp:featuredmedia":[{"embeddable":true,"href":"https:\/\/fmtinkunaco.ar\/index.php?rest_route=\/"}],"wp:attachment":[{"href":"https:\/\/fmtinkunaco.ar\/index.php?rest_route=%2Fwp%2Fv2%2Fmedia&parent=3177"}],"wp:term":[{"taxonomy":"category","embeddable":true,"href":"https:\/\/fmtinkunaco.ar\/index.php?rest_route=%2Fwp%2Fv2%2Fcategories&post=3177"},{"taxonomy":"post_tag","embeddable":true,"href":"https:\/\/fmtinkunaco.ar\/index.php?rest_route=%2Fwp%2Fv2%2Ftags&post=3177"}],"curies":[{"name":"wp","href":"https:\/\/api.w.org\/{rel}","templated":true}]}}