{"id":3184,"date":"2021-03-19T11:14:58","date_gmt":"2021-03-19T14:14:58","guid":{"rendered":"http:\/\/fmtinkunaco.com.ar\/?p=3184"},"modified":"2021-03-19T11:14:58","modified_gmt":"2021-03-19T14:14:58","slug":"la-asociacion-de-musicxs-noroeste-con-nuevos-proyectos-para-este-2021","status":"publish","type":"post","link":"https:\/\/fmtinkunaco.ar\/?p=3184","title":{"rendered":"La Asociaci\u00f3n de M\u00fasicxs Noroeste con nuevos proyectos para este 2021"},"content":{"rendered":"<p>Los trabajadores y las trabajadoras de la cultura son, probablemente, uno de los sectores m\u00e1s afectados y afectadas por la pandemia y la imposibilidad de desarrollar sus actividades. Incluso en esta \u201cnueva normalidad\u201d, son pocas las actividades culturales que se han activado en el contexto de distanciamiento social, preventivo y obligatorio.<\/p>\n<p>En este marco, la Asociaci\u00f3n de M\u00fasicxs Noroeste, comenz\u00f3 a reorganizarse y actualmente tienen activos diversos proyectos.<\/p>\n<p>En di\u00e1logo con el programa radial \u201cEncuentro con las Noticias\u201d, Mariano Mariscal, referente de la Asociaci\u00f3n de M\u00fasicxs Noroeste, realiz\u00f3 un balance del a\u00f1o 2020, <em>\u201cEl a\u00f1o pasado hemos hecho un mont\u00f3n de trabajo y este a\u00f1o nos pudimos ordenar un poquito mejor desde un mont\u00f3n de aspectos como para trabajar mas tranquilos porque la realidad es que era algo nuevo y el contexto era muy complejo. La \u00fanica posibilidad para hacer shows eran los streaming y la \u00fanica manera de difundir la m\u00fasica era a trav\u00e9s de las redes, era muy dif\u00edcil. (\u2026) Hoy por suerte se va de a poquito reactivando, de manera progresiva, los escenarios, adem\u00e1s del vinculo con los municipios que se fue afianzando\u201d.<\/em><\/p>\n<p>En esta l\u00ednea de trabajo en conjunto, Mariano Mariscal, describi\u00f3 algunos de los proyectos que tienen este nuevo a\u00f1o, <em>\u201cEste a\u00f1o estamos articulando algunas capacitaciones, por ejemplo ahora el 10 de abril vamos a hacer una gratuita, tenemos ah\u00ed a dos oradores que la tienen muy clara con el tema de la discograf\u00eda en redes sociales, c\u00f3mo subir tu disco, c\u00f3mo darle difusi\u00f3n, c\u00f3mo manejar esas cosas en redes; ese es el primer cursito que vamos a dar pero la idea es empezar a dar varias capacitaciones para los m\u00fasicos.<\/em><br \/>\n<em> Tenemos articulaci\u00f3n con una diplomatura, ah\u00ed va a haber un ciclo de m\u00fasica tambi\u00e9n, para la gente de adentro y para la gente de afuera como lo es Desde la Terraza, que si el clima nos lo permite vamos a hacer por lo menos un encuentro m\u00e1s. (\u2026) Lo pr\u00f3ximo es un festival por la memoria, va a haber un programa especial por la radio, se viene un ciclo ac\u00fastico presencial en Jade Bar que es en San Miguel\u201d.<\/em><\/p>\n<p>Finalmente, Mariscal explic\u00f3 cu\u00e1les son los posibilidades de vinculaci\u00f3n y de foment\u00f3 para las actividades culturales, <em>\u201cNosotros como organizaci\u00f3n que todav\u00eda no estamos legalizados con ese nombre, comenzamos el tramite, obviamente la intenci\u00f3n es ayudar al m\u00fasico, al artista, al trabajador de la cultura a trav\u00e9s de los fomentos. Hoy lo m\u00e1s com\u00fan es poder acceder a un fomento que brinda el INAMU o el Fondo Nacional de las Artes, que organizaciones como la nuestra brindan un apoyo econ\u00f3mico para que uno pueda genera un proyecto y en ese proyecto que uno genera poder contemplar el pago a los m\u00fasicos o a la gente que trabajo. Hoy lo m\u00e1s f\u00e1cil que tenemos es esto o la articulaci\u00f3n con los bares\u201d.<\/em><\/p>\n<p>Compartimos la entrevista completa<\/p>\n<p><a href=\"https:\/\/archive.org\/details\/audio-mariano-mariscal-19-03-2021-musicos-noroeste\">Descargar<\/a><\/p>\n<p>&nbsp;<\/p>\n<audio class=\"wp-audio-shortcode\" id=\"audio-3184-2\" preload=\"none\" style=\"width: 100%;\" controls=\"controls\"><source type=\"audio\/mpeg\" src=\"https:\/\/archive.org\/download\/audio-mariano-mariscal-19-03-2021-musicos-noroeste\/AUDIO%20-%20MARIANO%20MARISCAL%2019%2003%202021%20%28MUSICOS%20NOROESTE%29.mp3?_=2\" \/><a href=\"https:\/\/archive.org\/download\/audio-mariano-mariscal-19-03-2021-musicos-noroeste\/AUDIO%20-%20MARIANO%20MARISCAL%2019%2003%202021%20%28MUSICOS%20NOROESTE%29.mp3\">https:\/\/archive.org\/download\/audio-mariano-mariscal-19-03-2021-musicos-noroeste\/AUDIO%20-%20MARIANO%20MARISCAL%2019%2003%202021%20%28MUSICOS%20NOROESTE%29.mp3<\/a><\/audio>\n<div class=\"powerpress_player\" id=\"powerpress_player_3662\"><audio class=\"wp-audio-shortcode\" id=\"audio-3184-1\" preload=\"none\" style=\"width: 100%;\" controls=\"controls\"><source type=\"audio\/mpeg\" src=\"https:\/\/archive.org\/download\/audio-mariano-mariscal-19-03-2021-musicos-noroeste\/AUDIO%20-%20MARIANO%20MARISCAL%2019%2003%202021%20%28MUSICOS%20NOROESTE%29.mp3?_=1\" \/><a href=\"https:\/\/archive.org\/download\/audio-mariano-mariscal-19-03-2021-musicos-noroeste\/AUDIO%20-%20MARIANO%20MARISCAL%2019%2003%202021%20%28MUSICOS%20NOROESTE%29.mp3\">https:\/\/archive.org\/download\/audio-mariano-mariscal-19-03-2021-musicos-noroeste\/AUDIO%20-%20MARIANO%20MARISCAL%2019%2003%202021%20%28MUSICOS%20NOROESTE%29.mp3<\/a><\/audio><\/div><p class=\"powerpress_links powerpress_links_mp3\" style=\"margin-bottom: 1px !important;\">Podcast: <a href=\"https:\/\/archive.org\/download\/audio-mariano-mariscal-19-03-2021-musicos-noroeste\/AUDIO%20-%20MARIANO%20MARISCAL%2019%2003%202021%20%28MUSICOS%20NOROESTE%29.mp3\" class=\"powerpress_link_pinw\" target=\"_blank\" title=\"Reproducir en una nueva ventana\" onclick=\"return powerpress_pinw('https:\/\/fmtinkunaco.ar\/?powerpress_pinw=3184-podcast');\" rel=\"nofollow\">Reproducir en una nueva ventana<\/a> | <a href=\"https:\/\/archive.org\/download\/audio-mariano-mariscal-19-03-2021-musicos-noroeste\/AUDIO%20-%20MARIANO%20MARISCAL%2019%2003%202021%20%28MUSICOS%20NOROESTE%29.mp3\" class=\"powerpress_link_d\" title=\"Descargar\" rel=\"nofollow\" download=\"AUDIO%20-%20MARIANO%20MARISCAL%2019%2003%202021%20%28MUSICOS%20NOROESTE%29.mp3\">Descargar<\/a><\/p>","protected":false},"excerpt":{"rendered":"<p>Los trabajadores y las trabajadoras de la cultura son, probablemente, uno de los sectores m\u00e1s afectados y afectadas por la pandemia y la imposibilidad de desarrollar sus actividades. Incluso en esta \u201cnueva normalidad\u201d, son pocas las actividades culturales que se han activado en el contexto de distanciamiento social, preventivo y obligatorio. En este marco, la [&hellip;]<\/p>\n","protected":false},"author":1,"featured_media":3185,"comment_status":"open","ping_status":"open","sticky":false,"template":"","format":"standard","meta":{"footnotes":""},"categories":[3],"tags":[],"class_list":["post-3184","post","type-post","status-publish","format-standard","has-post-thumbnail","hentry","category-cultura"],"_links":{"self":[{"href":"https:\/\/fmtinkunaco.ar\/index.php?rest_route=\/wp\/v2\/posts\/3184","targetHints":{"allow":["GET"]}}],"collection":[{"href":"https:\/\/fmtinkunaco.ar\/index.php?rest_route=\/wp\/v2\/posts"}],"about":[{"href":"https:\/\/fmtinkunaco.ar\/index.php?rest_route=\/wp\/v2\/types\/post"}],"author":[{"embeddable":true,"href":"https:\/\/fmtinkunaco.ar\/index.php?rest_route=\/wp\/v2\/users\/1"}],"replies":[{"embeddable":true,"href":"https:\/\/fmtinkunaco.ar\/index.php?rest_route=%2Fwp%2Fv2%2Fcomments&post=3184"}],"version-history":[{"count":0,"href":"https:\/\/fmtinkunaco.ar\/index.php?rest_route=\/wp\/v2\/posts\/3184\/revisions"}],"wp:featuredmedia":[{"embeddable":true,"href":"https:\/\/fmtinkunaco.ar\/index.php?rest_route=\/"}],"wp:attachment":[{"href":"https:\/\/fmtinkunaco.ar\/index.php?rest_route=%2Fwp%2Fv2%2Fmedia&parent=3184"}],"wp:term":[{"taxonomy":"category","embeddable":true,"href":"https:\/\/fmtinkunaco.ar\/index.php?rest_route=%2Fwp%2Fv2%2Fcategories&post=3184"},{"taxonomy":"post_tag","embeddable":true,"href":"https:\/\/fmtinkunaco.ar\/index.php?rest_route=%2Fwp%2Fv2%2Ftags&post=3184"}],"curies":[{"name":"wp","href":"https:\/\/api.w.org\/{rel}","templated":true}]}}