{"id":3188,"date":"2021-03-22T11:15:18","date_gmt":"2021-03-22T14:15:18","guid":{"rendered":"http:\/\/fmtinkunaco.com.ar\/?p=3188"},"modified":"2021-03-22T11:15:18","modified_gmt":"2021-03-22T14:15:18","slug":"a-45-anos-del-golpe-civico-militar-senalizacion-del-ex-centro-clandestino-de-detencion-el-cilindro","status":"publish","type":"post","link":"https:\/\/fmtinkunaco.ar\/?p=3188","title":{"rendered":"A 45 a\u00f1os del golpe c\u00edvico &#8211; militar: Se\u00f1alizaci\u00f3n del Ex Centro Clandestino de Detenci\u00f3n \u201cEl Cilindro\u201d"},"content":{"rendered":"<p>La CTA Aut\u00f3noma de Malvinas Argentinas, junto a la APDH de Zona Norte, realiz\u00f3 una acci\u00f3n de visibilizaci\u00f3n a 45 a\u00f1os del inicio del \u00faltimo golpe c\u00edvico-militar el ex Batall\u00f3n 601, d\u00f3nde funcion\u00f3 el Centro Clandestino de Detenci\u00f3n \u00abEl Cilindro\u00bb.<\/p>\n<p>La actividad fue hoy, lunes 22 de marzo, a partir de las 10hs y participaron referentes nacionales y provinciales de nuestra CTA Aut\u00f3noma, adem\u00e1s de compa\u00f1erxs del territorio, estatales y trabajadores del sector privado.<\/p>\n<p>En di\u00e1logo con el programa radial \u201cEncuentro con las Noticias\u201d, Diego Carrizo, Secretario de DD HH CTA Aut\u00f3noma de Malvinas Argentinas, se refiri\u00f3 a la actividad <em>\u201cNosotros estamos sobre la entrada de lo que es el Ex Batall\u00f3n 601, sobre ruta 197, y lo que vamos a hacer es pegar un placa sobre la vereda para que quede ya se\u00f1alizada y vamos a pegar unos carteles donde diga la leyenda de que Aqu\u00ed funcion\u00f3 un Centro Clandestino de Detenci\u00f3n, en el Cilindro, y tambi\u00e9n vamos a pegar unas siluetas; todo en el marco del pr\u00f3ximo 24 de marzo porque entendemos que la Memoria hay que seguir ejercit\u00e1ndola, para que el pueblo no se olvide de lo que pas\u00f3 hace 45 a\u00f1os atr\u00e1s\u201d.<\/em><\/p>\n<p>Carrizo, adem\u00e1s, describi\u00f3 el acto <em>\u201cDespu\u00e9s de pegar la placa, de pegar los carteles, hay un peque\u00f1o acto donde van a hablar referentes de las distintas organizaciones que estamos ac\u00e1\u201d.<\/em><\/p>\n<p>Adem\u00e1s, Carrizo, se refiri\u00f3 a las acciones del propio 24 de Marzo, \u201cNosotros el 24 vamos a marchar con el Encuentro Memoria, Verdad y Justicia\u201d.<\/p>\n<p>Compartimos la entrevista completa<\/p>\n<p><a href=\"https:\/\/archive.org\/details\/audio-diego-carrizo-cta-ddhh-malvinas-argentinas-22-03-2021\">Descargar<\/a><\/p>\n<p>&nbsp;<\/p>\n<audio class=\"wp-audio-shortcode\" id=\"audio-3188-2\" preload=\"none\" style=\"width: 100%;\" controls=\"controls\"><source type=\"audio\/mpeg\" src=\"https:\/\/archive.org\/download\/audio-diego-carrizo-cta-ddhh-malvinas-argentinas-22-03-2021\/AUDIO%20-%20DIEGO%20CARRIZO%20%28CTA%20DDHH%20MALVINAS%20ARGENTINAS%29%2022%2003%202021.mp3?_=2\" \/><a href=\"https:\/\/archive.org\/download\/audio-diego-carrizo-cta-ddhh-malvinas-argentinas-22-03-2021\/AUDIO%20-%20DIEGO%20CARRIZO%20%28CTA%20DDHH%20MALVINAS%20ARGENTINAS%29%2022%2003%202021.mp3\">https:\/\/archive.org\/download\/audio-diego-carrizo-cta-ddhh-malvinas-argentinas-22-03-2021\/AUDIO%20-%20DIEGO%20CARRIZO%20%28CTA%20DDHH%20MALVINAS%20ARGENTINAS%29%2022%2003%202021.mp3<\/a><\/audio>\n<div class=\"powerpress_player\" id=\"powerpress_player_4047\"><audio class=\"wp-audio-shortcode\" id=\"audio-3188-1\" preload=\"none\" style=\"width: 100%;\" controls=\"controls\"><source type=\"audio\/mpeg\" src=\"https:\/\/archive.org\/download\/audio-diego-carrizo-cta-ddhh-malvinas-argentinas-22-03-2021\/AUDIO%20-%20DIEGO%20CARRIZO%20%28CTA%20DDHH%20MALVINAS%20ARGENTINAS%29%2022%2003%202021.mp3?_=1\" \/><a href=\"https:\/\/archive.org\/download\/audio-diego-carrizo-cta-ddhh-malvinas-argentinas-22-03-2021\/AUDIO%20-%20DIEGO%20CARRIZO%20%28CTA%20DDHH%20MALVINAS%20ARGENTINAS%29%2022%2003%202021.mp3\">https:\/\/archive.org\/download\/audio-diego-carrizo-cta-ddhh-malvinas-argentinas-22-03-2021\/AUDIO%20-%20DIEGO%20CARRIZO%20%28CTA%20DDHH%20MALVINAS%20ARGENTINAS%29%2022%2003%202021.mp3<\/a><\/audio><\/div><p class=\"powerpress_links powerpress_links_mp3\" style=\"margin-bottom: 1px !important;\">Podcast: <a href=\"https:\/\/archive.org\/download\/audio-diego-carrizo-cta-ddhh-malvinas-argentinas-22-03-2021\/AUDIO%20-%20DIEGO%20CARRIZO%20%28CTA%20DDHH%20MALVINAS%20ARGENTINAS%29%2022%2003%202021.mp3\" class=\"powerpress_link_pinw\" target=\"_blank\" title=\"Reproducir en una nueva ventana\" onclick=\"return powerpress_pinw('https:\/\/fmtinkunaco.ar\/?powerpress_pinw=3188-podcast');\" rel=\"nofollow\">Reproducir en una nueva ventana<\/a> | <a href=\"https:\/\/archive.org\/download\/audio-diego-carrizo-cta-ddhh-malvinas-argentinas-22-03-2021\/AUDIO%20-%20DIEGO%20CARRIZO%20%28CTA%20DDHH%20MALVINAS%20ARGENTINAS%29%2022%2003%202021.mp3\" class=\"powerpress_link_d\" title=\"Descargar\" rel=\"nofollow\" download=\"AUDIO%20-%20DIEGO%20CARRIZO%20%28CTA%20DDHH%20MALVINAS%20ARGENTINAS%29%2022%2003%202021.mp3\">Descargar<\/a><\/p>","protected":false},"excerpt":{"rendered":"<p>La CTA Aut\u00f3noma de Malvinas Argentinas, junto a la APDH de Zona Norte, realiz\u00f3 una acci\u00f3n de visibilizaci\u00f3n a 45 a\u00f1os del inicio del \u00faltimo golpe c\u00edvico-militar el ex Batall\u00f3n 601, d\u00f3nde funcion\u00f3 el Centro Clandestino de Detenci\u00f3n \u00abEl Cilindro\u00bb. La actividad fue hoy, lunes 22 de marzo, a partir de las 10hs y participaron [&hellip;]<\/p>\n","protected":false},"author":1,"featured_media":3189,"comment_status":"open","ping_status":"open","sticky":false,"template":"","format":"standard","meta":{"footnotes":""},"categories":[4],"tags":[],"class_list":["post-3188","post","type-post","status-publish","format-standard","has-post-thumbnail","hentry","category-derechos-humanos"],"_links":{"self":[{"href":"https:\/\/fmtinkunaco.ar\/index.php?rest_route=\/wp\/v2\/posts\/3188","targetHints":{"allow":["GET"]}}],"collection":[{"href":"https:\/\/fmtinkunaco.ar\/index.php?rest_route=\/wp\/v2\/posts"}],"about":[{"href":"https:\/\/fmtinkunaco.ar\/index.php?rest_route=\/wp\/v2\/types\/post"}],"author":[{"embeddable":true,"href":"https:\/\/fmtinkunaco.ar\/index.php?rest_route=\/wp\/v2\/users\/1"}],"replies":[{"embeddable":true,"href":"https:\/\/fmtinkunaco.ar\/index.php?rest_route=%2Fwp%2Fv2%2Fcomments&post=3188"}],"version-history":[{"count":0,"href":"https:\/\/fmtinkunaco.ar\/index.php?rest_route=\/wp\/v2\/posts\/3188\/revisions"}],"wp:featuredmedia":[{"embeddable":true,"href":"https:\/\/fmtinkunaco.ar\/index.php?rest_route=\/"}],"wp:attachment":[{"href":"https:\/\/fmtinkunaco.ar\/index.php?rest_route=%2Fwp%2Fv2%2Fmedia&parent=3188"}],"wp:term":[{"taxonomy":"category","embeddable":true,"href":"https:\/\/fmtinkunaco.ar\/index.php?rest_route=%2Fwp%2Fv2%2Fcategories&post=3188"},{"taxonomy":"post_tag","embeddable":true,"href":"https:\/\/fmtinkunaco.ar\/index.php?rest_route=%2Fwp%2Fv2%2Ftags&post=3188"}],"curies":[{"name":"wp","href":"https:\/\/api.w.org\/{rel}","templated":true}]}}