{"id":3192,"date":"2021-03-22T13:43:44","date_gmt":"2021-03-22T16:43:44","guid":{"rendered":"http:\/\/fmtinkunaco.com.ar\/?p=3192"},"modified":"2021-03-22T13:43:44","modified_gmt":"2021-03-22T16:43:44","slug":"la-apdh-zona-norte-denuncia-que-el-gobierno-de-leo-nardini-les-impidio-senalizar-el-ex-centro-clandestino-el-cilindro","status":"publish","type":"post","link":"https:\/\/fmtinkunaco.ar\/?p=3192","title":{"rendered":"La APDH Zona Norte denuncia que el gobierno de Leo Nardini les impidi\u00f3 se\u00f1alizar el Ex Centro Clandestino \u201cEl Cilindro\u201d"},"content":{"rendered":"<p>La Asamblea Permanente por los Derechos Humanos Zona Norte realizar\u00eda, en el d\u00eda de hoy, junto a la CTA Aut\u00f3noma de Buenos Aires la se\u00f1alizaci\u00f3n del Ex Centro Clandestino \u201cEl Cilindro\u201d.<\/p>\n<p>La actividad se\u00f1alizaci\u00f3n se realizar\u00eda cerca del mediod\u00eda pero nunca sucedi\u00f3 porque la municipalidad de Malvinas Argentinas, liderada por Leonardo Nardini, envi\u00f3 a las fuerzas policiales e impidieron la concreci\u00f3n de la se\u00f1alizaci\u00f3n.<\/p>\n<p>Dami\u00e1n Ravenna, Presidente de la APDH Zona Norte, se refiri\u00f3 a esta situaci\u00f3n <em>\u201cEstuvimos intentando realizar el se\u00f1alamiento del Ex Centro Clandestino \u201cEl Cilindro\u201d, en Polvorines, municipalidad de Malvinas Argentinas y nos encontramos con que no nos permitieron realizar el se\u00f1alamiento. Ocho m\u00f3viles policiales que amedrentaron, en este acto, a la militancia y presentes\u201d.<\/em><\/p>\n<p>Ravenna, adem\u00e1s, se refiri\u00f3 a las autoridades, <em>\u201cHablamos con la gente de la municipalidad, en especial con Zulma, que es la que est\u00e1 a cargo de la Direcci\u00f3n de Derechos Humanos, quien no nos respondi\u00f3 los mensajes, tampoco se apersono en el lugar y de esta manera continuo la violencia institucional ejercida por la polic\u00eda hacia la militancia, defensora de los Derechos Humanos, que est\u00e1bamos ah\u00ed presentes\u201d<\/em><\/p>\n<p>Dami\u00e1n Ravenna, explic\u00f3 que prev\u00e9n realizar una denuncia formal por este hecho, <em>\u201cNos hemos comunicado con el gobierno de la provincia de Buenos Aires y con el gobierno nacional en la parte de lo que es violencia institucional para realizar las denuncias pertinentes por este acto que va en contra del ejercicio de la memoria, por parte del pueblo y de sus organizaciones sociales. Para nosotros esto es un artero ataque hacia un Organismo hist\u00f3rico como es la APDH, que surgi\u00f3 en 1975\u201d.<\/em><\/p>\n<p>Finalmente, Ravenna, remarc\u00f3 <em>\u201cLa Memoria no se negocia, la Memoria no le pertenece a ning\u00fan gobierno. La Memoria es del pueblo\u201d<\/em>.<\/p>\n<p>Compartimos el testimonio completo<\/p>\n<p><a href=\"https:\/\/archive.org\/details\/audio-damian-ravenna-22-03-2021\">Descargar<\/a><\/p>\n<audio class=\"wp-audio-shortcode\" id=\"audio-3192-2\" preload=\"none\" style=\"width: 100%;\" controls=\"controls\"><source type=\"audio\/mpeg\" src=\"https:\/\/archive.org\/download\/audio-damian-ravenna-22-03-2021\/AUDIO%20-%20DAMIAN%20RAVENNA%2022%2003%202021.mp3?_=2\" \/><a href=\"https:\/\/archive.org\/download\/audio-damian-ravenna-22-03-2021\/AUDIO%20-%20DAMIAN%20RAVENNA%2022%2003%202021.mp3\">https:\/\/archive.org\/download\/audio-damian-ravenna-22-03-2021\/AUDIO%20-%20DAMIAN%20RAVENNA%2022%2003%202021.mp3<\/a><\/audio>\n<div class=\"powerpress_player\" id=\"powerpress_player_4424\"><audio class=\"wp-audio-shortcode\" id=\"audio-3192-1\" preload=\"none\" style=\"width: 100%;\" controls=\"controls\"><source type=\"audio\/mpeg\" src=\"https:\/\/archive.org\/download\/audio-damian-ravenna-22-03-2021\/AUDIO%20-%20DAMIAN%20RAVENNA%2022%2003%202021.mp3?_=1\" \/><a href=\"https:\/\/archive.org\/download\/audio-damian-ravenna-22-03-2021\/AUDIO%20-%20DAMIAN%20RAVENNA%2022%2003%202021.mp3\">https:\/\/archive.org\/download\/audio-damian-ravenna-22-03-2021\/AUDIO%20-%20DAMIAN%20RAVENNA%2022%2003%202021.mp3<\/a><\/audio><\/div><p class=\"powerpress_links powerpress_links_mp3\" style=\"margin-bottom: 1px !important;\">Podcast: <a href=\"https:\/\/archive.org\/download\/audio-damian-ravenna-22-03-2021\/AUDIO%20-%20DAMIAN%20RAVENNA%2022%2003%202021.mp3\" class=\"powerpress_link_pinw\" target=\"_blank\" title=\"Reproducir en una nueva ventana\" onclick=\"return powerpress_pinw('https:\/\/fmtinkunaco.ar\/?powerpress_pinw=3192-podcast');\" rel=\"nofollow\">Reproducir en una nueva ventana<\/a> | <a href=\"https:\/\/archive.org\/download\/audio-damian-ravenna-22-03-2021\/AUDIO%20-%20DAMIAN%20RAVENNA%2022%2003%202021.mp3\" class=\"powerpress_link_d\" title=\"Descargar\" rel=\"nofollow\" download=\"AUDIO%20-%20DAMIAN%20RAVENNA%2022%2003%202021.mp3\">Descargar<\/a><\/p>","protected":false},"excerpt":{"rendered":"<p>La Asamblea Permanente por los Derechos Humanos Zona Norte realizar\u00eda, en el d\u00eda de hoy, junto a la CTA Aut\u00f3noma de Buenos Aires la se\u00f1alizaci\u00f3n del Ex Centro Clandestino \u201cEl Cilindro\u201d. La actividad se\u00f1alizaci\u00f3n se realizar\u00eda cerca del mediod\u00eda pero nunca sucedi\u00f3 porque la municipalidad de Malvinas Argentinas, liderada por Leonardo Nardini, envi\u00f3 a las [&hellip;]<\/p>\n","protected":false},"author":1,"featured_media":3193,"comment_status":"open","ping_status":"open","sticky":false,"template":"","format":"standard","meta":{"footnotes":""},"categories":[4],"tags":[],"class_list":["post-3192","post","type-post","status-publish","format-standard","has-post-thumbnail","hentry","category-derechos-humanos"],"_links":{"self":[{"href":"https:\/\/fmtinkunaco.ar\/index.php?rest_route=\/wp\/v2\/posts\/3192","targetHints":{"allow":["GET"]}}],"collection":[{"href":"https:\/\/fmtinkunaco.ar\/index.php?rest_route=\/wp\/v2\/posts"}],"about":[{"href":"https:\/\/fmtinkunaco.ar\/index.php?rest_route=\/wp\/v2\/types\/post"}],"author":[{"embeddable":true,"href":"https:\/\/fmtinkunaco.ar\/index.php?rest_route=\/wp\/v2\/users\/1"}],"replies":[{"embeddable":true,"href":"https:\/\/fmtinkunaco.ar\/index.php?rest_route=%2Fwp%2Fv2%2Fcomments&post=3192"}],"version-history":[{"count":0,"href":"https:\/\/fmtinkunaco.ar\/index.php?rest_route=\/wp\/v2\/posts\/3192\/revisions"}],"wp:featuredmedia":[{"embeddable":true,"href":"https:\/\/fmtinkunaco.ar\/index.php?rest_route=\/"}],"wp:attachment":[{"href":"https:\/\/fmtinkunaco.ar\/index.php?rest_route=%2Fwp%2Fv2%2Fmedia&parent=3192"}],"wp:term":[{"taxonomy":"category","embeddable":true,"href":"https:\/\/fmtinkunaco.ar\/index.php?rest_route=%2Fwp%2Fv2%2Fcategories&post=3192"},{"taxonomy":"post_tag","embeddable":true,"href":"https:\/\/fmtinkunaco.ar\/index.php?rest_route=%2Fwp%2Fv2%2Ftags&post=3192"}],"curies":[{"name":"wp","href":"https:\/\/api.w.org\/{rel}","templated":true}]}}