{"id":3195,"date":"2021-03-23T11:34:17","date_gmt":"2021-03-23T14:34:17","guid":{"rendered":"http:\/\/fmtinkunaco.com.ar\/?p=3195"},"modified":"2021-03-23T11:34:17","modified_gmt":"2021-03-23T14:34:17","slug":"la-orquesta-municipal-de-jose-c-paz-realizara-un-concierto-por-la-memoria","status":"publish","type":"post","link":"https:\/\/fmtinkunaco.ar\/?p=3195","title":{"rendered":"La Orquesta Municipal de Jos\u00e9. C. Paz realizar\u00e1 un Concierto por la Memoria"},"content":{"rendered":"<p>A 45 a\u00f1os del golpe c\u00edvico militar y eclesi\u00e1stico, la Orquesta Municipal de Jos\u00e9. C. Paz, se suma a plantar Memoria y realizar\u00e1 un concierto hoy, martes 23 de marzo, en la Plaza Manuel Belgrano, Altube y Roque S\u00e1enz Pe\u00f1a, a partir de las 19 hs.<\/p>\n<p>En di\u00e1logo con el programa radial \u201cEncuentro con las Noticias\u201d, Clara Parodi, Directora de la Orquesta Municipal de Jos\u00e9. C. Paz, se refiri\u00f3 al concierto del d\u00eda de hoy, <em>\u201cEste a\u00f1o nosotros empezamos nuestra temporada numero 10, una temporada media dif\u00edcil porque seguimos sobreviviendo como podemos y en lucha y empezamos a organizar la temporada y, justamente, con los compa\u00f1eros del cuerpo de delegados viendo que se acercaba la fecha del 24 de Marzo y (\u2026) reflexionamos bastante en que es nuestro deber tambi\u00e9n que nuestros \u00a0conciertos sean con conciencia, entonces bueno un poco por eso fue la decisi\u00f3n de hacer un concierto ya con este sentido, que no sea solo hacer un concierto y nada m\u00e1s sino con otro peso y acompa\u00f1ando en este a\u00f1o tan importante tambi\u00e9n\u201d.<\/em><\/p>\n<p>Adem\u00e1s, Parodi, explic\u00f3 que el repertorio fue elegido especialmente para invitar a la reflexi\u00f3n, <em>\u201cPreparamos todo un concierto referido a la fecha, es decir, vamos a hacer algunas versiones de canciones tal vez ya conocidas como, por ejemplo, La Memoria de Le\u00f3n Gieco versi\u00f3n sinf\u00f3nica y otros arreglos tambi\u00e9n. En el medio vamos a tener lectura de poes\u00edas, mientras vamos musicalizando, pero no es un concierto tradicional, como uno est\u00e1 acostumbrado a ver a la orquesta, sino realmente va a ser un concierto que invita a la reflexi\u00f3n por lo tanto el repertorio fue seleccionado, puntualmente, para este momento.<\/em><br \/>\n<em> (\u2026) La idea es que desde el mismo arte tambi\u00e9n podamos transformar y llevar a la reflexi\u00f3n, acompa\u00f1ar a todas las familias de todos los desaparecidos y desaparecidas, recordar a los 30 mil es un poco nuestra meta tambi\u00e9n desde este concierto\u201d.<\/em><\/p>\n<p>La invitaci\u00f3n es hoy, a partir de las 19 hs, en la Plaza Manuel Belgrano. La invitaci\u00f3n es al aire libre y bajo los protocolos sanitarios.<\/p>\n<p>Finalmente, Clara Parodi, explic\u00f3 que la situaci\u00f3n de los trabajadores y las trabajadoras de la Orquesta se encuentra con los mismos conflictos con el municipio de Jos\u00e9. C. Paz, <em>\u201cSeguimos en la misma instancia, estamos justamente esperando que salgan altas que ya nos dijeron que tendr\u00edan que salir este mes, lo cual estamos esperando porque la documentaci\u00f3n ya se present\u00f3. Es una decisi\u00f3n pol\u00edtica en s\u00ed, as\u00ed que se cumpla as\u00ed por lo menos como nosotros le ven\u00edamos diciendo al Secretario de Gobierno, por lo menos volver a tener el mismo ingreso en mano que ten\u00edamos en marzo del a\u00f1o pasado pero ahora actualmente nuestro ingreso es el que cobr\u00e1bamos en 2018, entonces con la inflaci\u00f3n y con la inflaci\u00f3n y con la devaluaci\u00f3n que nos atraviesa es urgente una actualizaci\u00f3n de ese monto\u201d.<\/em><\/p>\n<p>El a\u00f1o pasado los trabajadores y trabajadoras cobraban $4600, m\u00e1s la diferencia por aquellos compa\u00f1eros o compa\u00f1eras que ten\u00edan hijos o asignaciones familiares, este a\u00f1o todo el plantel de la Orquesta se encuentra cobrando $3500 pesos, sin ning\u00fan tipo de beneficio, ni aguinaldo, ni obra social, ni una diferencia por hijos.<\/p>\n<p>Compartimos la entrevista completa<\/p>\n<p><a href=\"https:\/\/archive.org\/details\/audio-clara-parodi-23-03-2021\">Descargar<\/a><\/p>\n<p>&nbsp;<\/p>\n<audio class=\"wp-audio-shortcode\" id=\"audio-3195-2\" preload=\"none\" style=\"width: 100%;\" controls=\"controls\"><source type=\"audio\/mpeg\" src=\"https:\/\/archive.org\/download\/audio-clara-parodi-23-03-2021\/AUDIO%20-%20CLARA%20PARODI%2023%2003%202021.mp3?_=2\" \/><a href=\"https:\/\/archive.org\/download\/audio-clara-parodi-23-03-2021\/AUDIO%20-%20CLARA%20PARODI%2023%2003%202021.mp3\">https:\/\/archive.org\/download\/audio-clara-parodi-23-03-2021\/AUDIO%20-%20CLARA%20PARODI%2023%2003%202021.mp3<\/a><\/audio>\n<div class=\"powerpress_player\" id=\"powerpress_player_9894\"><audio class=\"wp-audio-shortcode\" id=\"audio-3195-1\" preload=\"none\" style=\"width: 100%;\" controls=\"controls\"><source type=\"audio\/mpeg\" src=\"https:\/\/archive.org\/download\/audio-clara-parodi-23-03-2021\/AUDIO%20-%20CLARA%20PARODI%2023%2003%202021.mp3?_=1\" \/><a href=\"https:\/\/archive.org\/download\/audio-clara-parodi-23-03-2021\/AUDIO%20-%20CLARA%20PARODI%2023%2003%202021.mp3\">https:\/\/archive.org\/download\/audio-clara-parodi-23-03-2021\/AUDIO%20-%20CLARA%20PARODI%2023%2003%202021.mp3<\/a><\/audio><\/div><p class=\"powerpress_links powerpress_links_mp3\" style=\"margin-bottom: 1px !important;\">Podcast: <a href=\"https:\/\/archive.org\/download\/audio-clara-parodi-23-03-2021\/AUDIO%20-%20CLARA%20PARODI%2023%2003%202021.mp3\" class=\"powerpress_link_pinw\" target=\"_blank\" title=\"Reproducir en una nueva ventana\" onclick=\"return powerpress_pinw('https:\/\/fmtinkunaco.ar\/?powerpress_pinw=3195-podcast');\" rel=\"nofollow\">Reproducir en una nueva ventana<\/a> | <a href=\"https:\/\/archive.org\/download\/audio-clara-parodi-23-03-2021\/AUDIO%20-%20CLARA%20PARODI%2023%2003%202021.mp3\" class=\"powerpress_link_d\" title=\"Descargar\" rel=\"nofollow\" download=\"AUDIO%20-%20CLARA%20PARODI%2023%2003%202021.mp3\">Descargar<\/a><\/p>","protected":false},"excerpt":{"rendered":"<p>A 45 a\u00f1os del golpe c\u00edvico militar y eclesi\u00e1stico, la Orquesta Municipal de Jos\u00e9. C. Paz, se suma a plantar Memoria y realizar\u00e1 un concierto hoy, martes 23 de marzo, en la Plaza Manuel Belgrano, Altube y Roque S\u00e1enz Pe\u00f1a, a partir de las 19 hs. En di\u00e1logo con el programa radial \u201cEncuentro con las [&hellip;]<\/p>\n","protected":false},"author":1,"featured_media":3196,"comment_status":"open","ping_status":"open","sticky":false,"template":"","format":"standard","meta":{"footnotes":""},"categories":[3,4],"tags":[368],"class_list":["post-3195","post","type-post","status-publish","format-standard","has-post-thumbnail","hentry","category-cultura","category-derechos-humanos","tag-orquesta-municipal-jose-c-paz"],"_links":{"self":[{"href":"https:\/\/fmtinkunaco.ar\/index.php?rest_route=\/wp\/v2\/posts\/3195","targetHints":{"allow":["GET"]}}],"collection":[{"href":"https:\/\/fmtinkunaco.ar\/index.php?rest_route=\/wp\/v2\/posts"}],"about":[{"href":"https:\/\/fmtinkunaco.ar\/index.php?rest_route=\/wp\/v2\/types\/post"}],"author":[{"embeddable":true,"href":"https:\/\/fmtinkunaco.ar\/index.php?rest_route=\/wp\/v2\/users\/1"}],"replies":[{"embeddable":true,"href":"https:\/\/fmtinkunaco.ar\/index.php?rest_route=%2Fwp%2Fv2%2Fcomments&post=3195"}],"version-history":[{"count":0,"href":"https:\/\/fmtinkunaco.ar\/index.php?rest_route=\/wp\/v2\/posts\/3195\/revisions"}],"wp:featuredmedia":[{"embeddable":true,"href":"https:\/\/fmtinkunaco.ar\/index.php?rest_route=\/"}],"wp:attachment":[{"href":"https:\/\/fmtinkunaco.ar\/index.php?rest_route=%2Fwp%2Fv2%2Fmedia&parent=3195"}],"wp:term":[{"taxonomy":"category","embeddable":true,"href":"https:\/\/fmtinkunaco.ar\/index.php?rest_route=%2Fwp%2Fv2%2Fcategories&post=3195"},{"taxonomy":"post_tag","embeddable":true,"href":"https:\/\/fmtinkunaco.ar\/index.php?rest_route=%2Fwp%2Fv2%2Ftags&post=3195"}],"curies":[{"name":"wp","href":"https:\/\/api.w.org\/{rel}","templated":true}]}}