{"id":3239,"date":"2021-03-26T10:51:07","date_gmt":"2021-03-26T13:51:07","guid":{"rendered":"http:\/\/fmtinkunaco.com.ar\/?p=3239"},"modified":"2021-03-26T10:51:07","modified_gmt":"2021-03-26T13:51:07","slug":"la-asociacion-judicial-bonaerense-rechaza-oferta-salarial-por-insuficiente","status":"publish","type":"post","link":"https:\/\/fmtinkunaco.ar\/?p=3239","title":{"rendered":"La Asociaci\u00f3n Judicial Bonaerense rechaza oferta salarial por insuficiente"},"content":{"rendered":"<p>En el d\u00eda de ayer, jueves 25 de marzo, en el marco de la continuidad de la negociaci\u00f3n salarial, el gobierno provincial realiz\u00f3 la propuesta a la Asociaci\u00f3n Judicial Bonaerense (AJB) de un 12% de incremento salarial a partir del 1 de marzo, un 9% a partir del 1 de julio y un 11% a partir del 1 de septiembre \u2013calculados sobre los haberes correspondientes a diciembre de 2020-, lo que suma un 32% de aumento para los primeros nueve meses del a\u00f1o. La oferta incluye adem\u00e1s una cl\u00e1usula de reapertura en el mes de noviembre.<\/p>\n<p>Las y los representantes de la AJB manifestaron la insuficiencia del aumento ofrecido, teniendo como par\u00e1metro que resulta muy inferior al acuerdo que realizaron otros sectores del estado.<\/p>\n<p>En di\u00e1logo con el programa radial \u201cEncuentro con las Noticias\u201d, Carlos Ariel Gil, Secretario General de la Asociaci\u00f3n Bonaerense de San Mart\u00edn, se refiri\u00f3 al rechaz\u00f3 a la propuesta, <em>\u201cNosotros la catalogamos de insuficiente, en el sentido de que se espera que empate a la inflaci\u00f3n; nuestro pedido era de recomposici\u00f3n salarial de nuestro salario real. Nosotros venimos de dos a\u00f1os, 2018 y 2019, de mucha p\u00e9rdida salarial. El a\u00f1o pasado, nuestra paritaria la cerramos con alg\u00fan punto por debajo de la inflaci\u00f3n, entendiendo que es complejo el estado general por la pandemia y las situaciones que pasan en la actualidad que todos sabemos pero este a\u00f1o est\u00e1bamos convencidos de que ten\u00eda que haber alg\u00fan tipo de recuperaci\u00f3n del salario real; por eso decimos que es insuficiente\u201d.<\/em><\/p>\n<p>Adem\u00e1s, Gil, agreg\u00f3, <em>\u201cEn l\u00edneas generales no es una mala propuesta pero creemos que se puede mejorar todav\u00eda, por eso vamos a tener otra reuni\u00f3n la semana que viene, esperemos de llegar porque es corta. Y si no es la semana que viene, ser\u00e1 la pr\u00f3xima como para ya ir definiendo y que todo avance\u201d.<\/em><\/p>\n<p>Gil, Finalmente, remarc\u00f3 uno de los pedidos que los trabajadores y trabajadores realizaron que responde a ser incluidos como personal esencial para acceder a la vacunaci\u00f3n, <em>\u201cEso es un pedido que se hizo, tambi\u00e9n desde el Sindicato, a la Corte; la Corte en teor\u00eda lo tendr\u00eda que haber pedido al Ejecutivo provincial y no, no fuimos incorporados en el esquema de vacunaci\u00f3n. Es algo que venimos reclamando porque nosotros siempre seguimos trabajando presencialmente y aparte, la realidad, es que recibimos personas todo el tiempo porque hay cosas que se tienen que hacer presencialmente, los Juzgados Penales siguen recibiendo personas con conflicto con la Ley Penal, o detenidos, los Juzgados de Familia se siguen atendiendo a mujeres que vienen con situaciones de violencia de g\u00e9nero. (\u2026) El Poder Judicial sigui\u00f3 funcionando en la presencialidad, durante la pandemia, y nosotros lo que pedimos obviamente es que nos incorporen en el esquema vacunatorio, cosa que todav\u00eda no sucedi\u00f3\u201d.<br \/>\n<\/em><br \/>\nLos trabajadores y las trabajadoras judiciales esperan la pr\u00f3xima semana para poder concretar la reuni\u00f3n para llegar a un acuerdo salarial.<\/p>\n<p>Compartimos la entrevista completa<\/p>\n<p><a href=\"https:\/\/archive.org\/details\/audio-carlos-ariel-gil-ajb-26-03-2021\">Descargar<\/a><\/p>\n<p>&nbsp;<\/p>\n<audio class=\"wp-audio-shortcode\" id=\"audio-3239-2\" preload=\"none\" style=\"width: 100%;\" controls=\"controls\"><source type=\"audio\/mpeg\" src=\"https:\/\/archive.org\/download\/audio-carlos-ariel-gil-ajb-26-03-2021\/AUDIO%20-%20CARLOS%20ARIEL%20GIL%20%28AJB%29%2026%2003%202021.mp3?_=2\" \/><a href=\"https:\/\/archive.org\/download\/audio-carlos-ariel-gil-ajb-26-03-2021\/AUDIO%20-%20CARLOS%20ARIEL%20GIL%20%28AJB%29%2026%2003%202021.mp3\">https:\/\/archive.org\/download\/audio-carlos-ariel-gil-ajb-26-03-2021\/AUDIO%20-%20CARLOS%20ARIEL%20GIL%20%28AJB%29%2026%2003%202021.mp3<\/a><\/audio>\n<div class=\"powerpress_player\" id=\"powerpress_player_5702\"><audio class=\"wp-audio-shortcode\" id=\"audio-3239-1\" preload=\"none\" style=\"width: 100%;\" controls=\"controls\"><source type=\"audio\/mpeg\" src=\"https:\/\/archive.org\/download\/audio-carlos-ariel-gil-ajb-26-03-2021\/AUDIO%20-%20CARLOS%20ARIEL%20GIL%20%28AJB%29%2026%2003%202021.mp3?_=1\" \/><a href=\"https:\/\/archive.org\/download\/audio-carlos-ariel-gil-ajb-26-03-2021\/AUDIO%20-%20CARLOS%20ARIEL%20GIL%20%28AJB%29%2026%2003%202021.mp3\">https:\/\/archive.org\/download\/audio-carlos-ariel-gil-ajb-26-03-2021\/AUDIO%20-%20CARLOS%20ARIEL%20GIL%20%28AJB%29%2026%2003%202021.mp3<\/a><\/audio><\/div><p class=\"powerpress_links powerpress_links_mp3\" style=\"margin-bottom: 1px !important;\">Podcast: <a href=\"https:\/\/archive.org\/download\/audio-carlos-ariel-gil-ajb-26-03-2021\/AUDIO%20-%20CARLOS%20ARIEL%20GIL%20%28AJB%29%2026%2003%202021.mp3\" class=\"powerpress_link_pinw\" target=\"_blank\" title=\"Reproducir en una nueva ventana\" onclick=\"return powerpress_pinw('https:\/\/fmtinkunaco.ar\/?powerpress_pinw=3239-podcast');\" rel=\"nofollow\">Reproducir en una nueva ventana<\/a> | <a href=\"https:\/\/archive.org\/download\/audio-carlos-ariel-gil-ajb-26-03-2021\/AUDIO%20-%20CARLOS%20ARIEL%20GIL%20%28AJB%29%2026%2003%202021.mp3\" class=\"powerpress_link_d\" title=\"Descargar\" rel=\"nofollow\" download=\"AUDIO%20-%20CARLOS%20ARIEL%20GIL%20%28AJB%29%2026%2003%202021.mp3\">Descargar<\/a><\/p>","protected":false},"excerpt":{"rendered":"<p>En el d\u00eda de ayer, jueves 25 de marzo, en el marco de la continuidad de la negociaci\u00f3n salarial, el gobierno provincial realiz\u00f3 la propuesta a la Asociaci\u00f3n Judicial Bonaerense (AJB) de un 12% de incremento salarial a partir del 1 de marzo, un 9% a partir del 1 de julio y un 11% a [&hellip;]<\/p>\n","protected":false},"author":1,"featured_media":3240,"comment_status":"open","ping_status":"open","sticky":false,"template":"","format":"standard","meta":{"footnotes":""},"categories":[9],"tags":[271,377],"class_list":["post-3239","post","type-post","status-publish","format-standard","has-post-thumbnail","hentry","category-sociedad","tag-la-asociacion-judicial-bonaerense","tag-paritaria-2021"],"_links":{"self":[{"href":"https:\/\/fmtinkunaco.ar\/index.php?rest_route=\/wp\/v2\/posts\/3239","targetHints":{"allow":["GET"]}}],"collection":[{"href":"https:\/\/fmtinkunaco.ar\/index.php?rest_route=\/wp\/v2\/posts"}],"about":[{"href":"https:\/\/fmtinkunaco.ar\/index.php?rest_route=\/wp\/v2\/types\/post"}],"author":[{"embeddable":true,"href":"https:\/\/fmtinkunaco.ar\/index.php?rest_route=\/wp\/v2\/users\/1"}],"replies":[{"embeddable":true,"href":"https:\/\/fmtinkunaco.ar\/index.php?rest_route=%2Fwp%2Fv2%2Fcomments&post=3239"}],"version-history":[{"count":0,"href":"https:\/\/fmtinkunaco.ar\/index.php?rest_route=\/wp\/v2\/posts\/3239\/revisions"}],"wp:featuredmedia":[{"embeddable":true,"href":"https:\/\/fmtinkunaco.ar\/index.php?rest_route=\/"}],"wp:attachment":[{"href":"https:\/\/fmtinkunaco.ar\/index.php?rest_route=%2Fwp%2Fv2%2Fmedia&parent=3239"}],"wp:term":[{"taxonomy":"category","embeddable":true,"href":"https:\/\/fmtinkunaco.ar\/index.php?rest_route=%2Fwp%2Fv2%2Fcategories&post=3239"},{"taxonomy":"post_tag","embeddable":true,"href":"https:\/\/fmtinkunaco.ar\/index.php?rest_route=%2Fwp%2Fv2%2Ftags&post=3239"}],"curies":[{"name":"wp","href":"https:\/\/api.w.org\/{rel}","templated":true}]}}