{"id":3299,"date":"2021-04-12T13:46:20","date_gmt":"2021-04-12T16:46:20","guid":{"rendered":"http:\/\/fmtinkunaco.com.ar\/?p=3299"},"modified":"2021-04-12T13:46:20","modified_gmt":"2021-04-12T16:46:20","slug":"la-asociacion-de-judiciales-bonaerenses-cerro-en-un-34-la-paritaria-2021","status":"publish","type":"post","link":"https:\/\/fmtinkunaco.ar\/?p=3299","title":{"rendered":"La Asociaci\u00f3n de Judiciales Bonaerenses cerr\u00f3 en un 34% la paritaria 2021"},"content":{"rendered":"<p>La Asociaci\u00f3n de Judiciales Bonaerenses acept\u00f3 la propuesta formulada por el gobierno de la provincia de Buenos Aires.<\/p>\n<p>La propuesta aceptada consiste en un 14% de incremento a partir del 1\u00b0 de marzo; un 9% adicional a partir del 1\u00b0 de julio (acumula 23%); un 11% a partir del 1\u00b0 de septiembre (acumula 34%), todos los valores calculados sobre los salarios vigentes al mes de diciembre de 2020. Adem\u00e1s incluye la reapertura de la negociaci\u00f3n en el marco de la paritaria 2021 en el mes de noviembre 2021, para determinar el incremento del cuarto trimestre y una cl\u00e1usula de reapertura anticipada en caso que la inflaci\u00f3n supere el aumento acordado antes del mes de noviembre.<\/p>\n<p>En di\u00e1logo con el programa radial \u201cEncuentro con las Noticias\u201d, Carlos Ariel Gil, Secretario General de la Asociaci\u00f3n Bonaerense de San Mart\u00edn, se refiri\u00f3 al porcentaje aceptado por los trabajadores y trabajadoras en asamblea, <em>\u201cEl jueves de la semana pasada logramos cerrar paritarias por los primeros tres trimestres, cerramos un 34 % escalonado; el primer trimestre vamos a recibir un 14%, el segundo un 9% y el tercero un 11% m\u00e1s para totalizar el 34%. O sea, se mejoraron 2 puntos la <a href=\"http:\/\/fmtinkunaco.com.ar\/la-asociacion-judicial-bonaerense-rechaza-oferta-salarial-por-insuficiente\/\">oferta inicial<\/a> que se hab\u00eda mandado y aparte de esto tambi\u00e9n estamos re categorizando las 3 categor\u00edas mas bajas en los escalaf\u00f3n\u201d.<\/em><\/p>\n<p>Gil, adem\u00e1s, remarc\u00f3 que en el mes de noviembre se tienen que volver a reunir <em>\u201cEn noviembre nos tenemos que sentar a discutir el \u00faltimo trimestre del a\u00f1o, sobretodo porque estamos acostumbrados hace unos a\u00f1os a que son meses complicados los de fin de a\u00f1o y tambi\u00e9n tenemos un compromiso de reapertura, en caso de que a lo largo del a\u00f1o, se supere la inflaci\u00f3n\u201d.<\/em><\/p>\n<p>Compartimos la entrevista completa<\/p>\n<p><a href=\"https:\/\/archive.org\/details\/audio-carlos-ariel-gil-judiciales-12-04-2021\">Descargar<\/p>\n<p><\/a><\/p>\n<audio class=\"wp-audio-shortcode\" id=\"audio-3299-2\" preload=\"none\" style=\"width: 100%;\" controls=\"controls\"><source type=\"audio\/mpeg\" src=\"https:\/\/archive.org\/download\/audio-carlos-ariel-gil-judiciales-12-04-2021\/AUDIO%20-%20CARLOS%20ARIEL%20GIL%20%28JUDICIALES%29%2012%2004%202021.mp3?_=2\" \/><a href=\"https:\/\/archive.org\/download\/audio-carlos-ariel-gil-judiciales-12-04-2021\/AUDIO%20-%20CARLOS%20ARIEL%20GIL%20%28JUDICIALES%29%2012%2004%202021.mp3\">https:\/\/archive.org\/download\/audio-carlos-ariel-gil-judiciales-12-04-2021\/AUDIO%20-%20CARLOS%20ARIEL%20GIL%20%28JUDICIALES%29%2012%2004%202021.mp3<\/a><\/audio>\n<div class=\"powerpress_player\" id=\"powerpress_player_2631\"><audio class=\"wp-audio-shortcode\" id=\"audio-3299-1\" preload=\"none\" style=\"width: 100%;\" controls=\"controls\"><source type=\"audio\/mpeg\" src=\"https:\/\/archive.org\/download\/audio-carlos-ariel-gil-judiciales-12-04-2021\/AUDIO%20-%20CARLOS%20ARIEL%20GIL%20%28JUDICIALES%29%2012%2004%202021.mp3?_=1\" \/><a href=\"https:\/\/archive.org\/download\/audio-carlos-ariel-gil-judiciales-12-04-2021\/AUDIO%20-%20CARLOS%20ARIEL%20GIL%20%28JUDICIALES%29%2012%2004%202021.mp3\">https:\/\/archive.org\/download\/audio-carlos-ariel-gil-judiciales-12-04-2021\/AUDIO%20-%20CARLOS%20ARIEL%20GIL%20%28JUDICIALES%29%2012%2004%202021.mp3<\/a><\/audio><\/div><p class=\"powerpress_links powerpress_links_mp3\" style=\"margin-bottom: 1px !important;\">Podcast: <a href=\"https:\/\/archive.org\/download\/audio-carlos-ariel-gil-judiciales-12-04-2021\/AUDIO%20-%20CARLOS%20ARIEL%20GIL%20%28JUDICIALES%29%2012%2004%202021.mp3\" class=\"powerpress_link_pinw\" target=\"_blank\" title=\"Reproducir en una nueva ventana\" onclick=\"return powerpress_pinw('https:\/\/fmtinkunaco.ar\/?powerpress_pinw=3299-podcast');\" rel=\"nofollow\">Reproducir en una nueva ventana<\/a> | <a href=\"https:\/\/archive.org\/download\/audio-carlos-ariel-gil-judiciales-12-04-2021\/AUDIO%20-%20CARLOS%20ARIEL%20GIL%20%28JUDICIALES%29%2012%2004%202021.mp3\" class=\"powerpress_link_d\" title=\"Descargar\" rel=\"nofollow\" download=\"AUDIO%20-%20CARLOS%20ARIEL%20GIL%20%28JUDICIALES%29%2012%2004%202021.mp3\">Descargar<\/a><\/p>","protected":false},"excerpt":{"rendered":"<p>La Asociaci\u00f3n de Judiciales Bonaerenses acept\u00f3 la propuesta formulada por el gobierno de la provincia de Buenos Aires. La propuesta aceptada consiste en un 14% de incremento a partir del 1\u00b0 de marzo; un 9% adicional a partir del 1\u00b0 de julio (acumula 23%); un 11% a partir del 1\u00b0 de septiembre (acumula 34%), todos [&hellip;]<\/p>\n","protected":false},"author":1,"featured_media":3240,"comment_status":"open","ping_status":"open","sticky":false,"template":"","format":"standard","meta":{"footnotes":""},"categories":[4,9],"tags":[271,381],"class_list":["post-3299","post","type-post","status-publish","format-standard","has-post-thumbnail","hentry","category-derechos-humanos","category-sociedad","tag-la-asociacion-judicial-bonaerense","tag-paritarias-2021"],"_links":{"self":[{"href":"https:\/\/fmtinkunaco.ar\/index.php?rest_route=\/wp\/v2\/posts\/3299","targetHints":{"allow":["GET"]}}],"collection":[{"href":"https:\/\/fmtinkunaco.ar\/index.php?rest_route=\/wp\/v2\/posts"}],"about":[{"href":"https:\/\/fmtinkunaco.ar\/index.php?rest_route=\/wp\/v2\/types\/post"}],"author":[{"embeddable":true,"href":"https:\/\/fmtinkunaco.ar\/index.php?rest_route=\/wp\/v2\/users\/1"}],"replies":[{"embeddable":true,"href":"https:\/\/fmtinkunaco.ar\/index.php?rest_route=%2Fwp%2Fv2%2Fcomments&post=3299"}],"version-history":[{"count":0,"href":"https:\/\/fmtinkunaco.ar\/index.php?rest_route=\/wp\/v2\/posts\/3299\/revisions"}],"wp:featuredmedia":[{"embeddable":true,"href":"https:\/\/fmtinkunaco.ar\/index.php?rest_route=\/"}],"wp:attachment":[{"href":"https:\/\/fmtinkunaco.ar\/index.php?rest_route=%2Fwp%2Fv2%2Fmedia&parent=3299"}],"wp:term":[{"taxonomy":"category","embeddable":true,"href":"https:\/\/fmtinkunaco.ar\/index.php?rest_route=%2Fwp%2Fv2%2Fcategories&post=3299"},{"taxonomy":"post_tag","embeddable":true,"href":"https:\/\/fmtinkunaco.ar\/index.php?rest_route=%2Fwp%2Fv2%2Ftags&post=3299"}],"curies":[{"name":"wp","href":"https:\/\/api.w.org\/{rel}","templated":true}]}}