{"id":3303,"date":"2021-04-12T14:40:04","date_gmt":"2021-04-12T17:40:04","guid":{"rendered":"http:\/\/fmtinkunaco.com.ar\/?p=3303"},"modified":"2021-04-12T14:40:04","modified_gmt":"2021-04-12T17:40:04","slug":"la-union-de-familias-obreras-cumplio-65-anos-de-trabajo-en-el-territorio","status":"publish","type":"post","link":"https:\/\/fmtinkunaco.ar\/?p=3303","title":{"rendered":"La Uni\u00f3n de Familias Obreras cumpli\u00f3 65 a\u00f1os de trabajo en el territorio"},"content":{"rendered":"<p>La Uni\u00f3n de Familias Obreras (UFO), pionera en el trabajo en la comunidad y fundamental para la obtenci\u00f3n de derechos en el barrio relacionados a la Salud, la Educaci\u00f3n, el Deporte, la Cultural, los Servicios B\u00e1sicos y con una militancia fundamental en lo que respecta a los Derechos Humanos.<\/p>\n<p>En di\u00e1logo con el programa radial \u201cEncuentro con las Noticias\u201d, Francisco \u201cPancho\u201d Arr\u00faa, se refiri\u00f3 al surgimiento de la organizaci\u00f3n, <em>\u201cEsta entidad surgi\u00f3 con todas las necesidades del vecindario, no solamente de la escuela y la salud, el trabajo, la vivienda, todo lo que abarcaba. As\u00ed que por eso decimos que los fundadores son visionarios porque vieron todos los conceptos de lo que es un mejor vivir\u201d.<\/em><\/p>\n<p>La Uni\u00f3n de Familias Obreras, contin\u00faa siendo fundamental para garantizar los derechos de la comunidad y trabajando con ni\u00f1os y j\u00f3venes.<\/p>\n<p>Compartimos la entrevista completa<\/p>\n<p><a href=\"https:\/\/archive.org\/details\/audio-pancho-arrua-ufo-12-04-2021\">Descargar<\/a><\/p>\n<p>&nbsp;<\/p>\n<audio class=\"wp-audio-shortcode\" id=\"audio-3303-2\" preload=\"none\" style=\"width: 100%;\" controls=\"controls\"><source type=\"audio\/mpeg\" src=\"https:\/\/archive.org\/download\/audio-pancho-arrua-ufo-12-04-2021\/AUDIO%20-%20PANCHO%20ARRUA%20%28UFO%29%2012%2004%202021.mp3?_=2\" \/><a href=\"https:\/\/archive.org\/download\/audio-pancho-arrua-ufo-12-04-2021\/AUDIO%20-%20PANCHO%20ARRUA%20%28UFO%29%2012%2004%202021.mp3\">https:\/\/archive.org\/download\/audio-pancho-arrua-ufo-12-04-2021\/AUDIO%20-%20PANCHO%20ARRUA%20%28UFO%29%2012%2004%202021.mp3<\/a><\/audio>\n<div class=\"powerpress_player\" id=\"powerpress_player_9275\"><audio class=\"wp-audio-shortcode\" id=\"audio-3303-1\" preload=\"none\" style=\"width: 100%;\" controls=\"controls\"><source type=\"audio\/mpeg\" src=\"https:\/\/archive.org\/download\/audio-pancho-arrua-ufo-12-04-2021\/AUDIO%20-%20PANCHO%20ARRUA%20%28UFO%29%2012%2004%202021.mp3?_=1\" \/><a href=\"https:\/\/archive.org\/download\/audio-pancho-arrua-ufo-12-04-2021\/AUDIO%20-%20PANCHO%20ARRUA%20%28UFO%29%2012%2004%202021.mp3\">https:\/\/archive.org\/download\/audio-pancho-arrua-ufo-12-04-2021\/AUDIO%20-%20PANCHO%20ARRUA%20%28UFO%29%2012%2004%202021.mp3<\/a><\/audio><\/div><p class=\"powerpress_links powerpress_links_mp3\" style=\"margin-bottom: 1px !important;\">Podcast: <a href=\"https:\/\/archive.org\/download\/audio-pancho-arrua-ufo-12-04-2021\/AUDIO%20-%20PANCHO%20ARRUA%20%28UFO%29%2012%2004%202021.mp3\" class=\"powerpress_link_pinw\" target=\"_blank\" title=\"Reproducir en una nueva ventana\" onclick=\"return powerpress_pinw('https:\/\/fmtinkunaco.ar\/?powerpress_pinw=3303-podcast');\" rel=\"nofollow\">Reproducir en una nueva ventana<\/a> | <a href=\"https:\/\/archive.org\/download\/audio-pancho-arrua-ufo-12-04-2021\/AUDIO%20-%20PANCHO%20ARRUA%20%28UFO%29%2012%2004%202021.mp3\" class=\"powerpress_link_d\" title=\"Descargar\" rel=\"nofollow\" download=\"AUDIO%20-%20PANCHO%20ARRUA%20%28UFO%29%2012%2004%202021.mp3\">Descargar<\/a><\/p>","protected":false},"excerpt":{"rendered":"<p>La Uni\u00f3n de Familias Obreras (UFO), pionera en el trabajo en la comunidad y fundamental para la obtenci\u00f3n de derechos en el barrio relacionados a la Salud, la Educaci\u00f3n, el Deporte, la Cultural, los Servicios B\u00e1sicos y con una militancia fundamental en lo que respecta a los Derechos Humanos. En di\u00e1logo con el programa radial [&hellip;]<\/p>\n","protected":false},"author":1,"featured_media":3304,"comment_status":"open","ping_status":"open","sticky":false,"template":"","format":"standard","meta":{"footnotes":""},"categories":[9],"tags":[],"class_list":["post-3303","post","type-post","status-publish","format-standard","has-post-thumbnail","hentry","category-sociedad"],"_links":{"self":[{"href":"https:\/\/fmtinkunaco.ar\/index.php?rest_route=\/wp\/v2\/posts\/3303","targetHints":{"allow":["GET"]}}],"collection":[{"href":"https:\/\/fmtinkunaco.ar\/index.php?rest_route=\/wp\/v2\/posts"}],"about":[{"href":"https:\/\/fmtinkunaco.ar\/index.php?rest_route=\/wp\/v2\/types\/post"}],"author":[{"embeddable":true,"href":"https:\/\/fmtinkunaco.ar\/index.php?rest_route=\/wp\/v2\/users\/1"}],"replies":[{"embeddable":true,"href":"https:\/\/fmtinkunaco.ar\/index.php?rest_route=%2Fwp%2Fv2%2Fcomments&post=3303"}],"version-history":[{"count":0,"href":"https:\/\/fmtinkunaco.ar\/index.php?rest_route=\/wp\/v2\/posts\/3303\/revisions"}],"wp:featuredmedia":[{"embeddable":true,"href":"https:\/\/fmtinkunaco.ar\/index.php?rest_route=\/"}],"wp:attachment":[{"href":"https:\/\/fmtinkunaco.ar\/index.php?rest_route=%2Fwp%2Fv2%2Fmedia&parent=3303"}],"wp:term":[{"taxonomy":"category","embeddable":true,"href":"https:\/\/fmtinkunaco.ar\/index.php?rest_route=%2Fwp%2Fv2%2Fcategories&post=3303"},{"taxonomy":"post_tag","embeddable":true,"href":"https:\/\/fmtinkunaco.ar\/index.php?rest_route=%2Fwp%2Fv2%2Ftags&post=3303"}],"curies":[{"name":"wp","href":"https:\/\/api.w.org\/{rel}","templated":true}]}}