{"id":3306,"date":"2021-04-13T13:33:53","date_gmt":"2021-04-13T16:33:53","guid":{"rendered":"http:\/\/fmtinkunaco.com.ar\/?p=3306"},"modified":"2021-04-13T13:33:53","modified_gmt":"2021-04-13T16:33:53","slug":"la-senaf-conformo-el-primer-consejo-federal-consultivo-de-adolescentes","status":"publish","type":"post","link":"https:\/\/fmtinkunaco.ar\/?p=3306","title":{"rendered":"La SENAF conform\u00f3 el primer Consejo Federal Consultivo de Adolescentes"},"content":{"rendered":"<p>La Secretar\u00eda Nacional de Ni\u00f1ez, Adolescencia y Familia (SENAF), del Ministerio de Desarrollo Social de la Naci\u00f3n, conform\u00f3 el primer Consejo Consultivo de Adolescentes con integrantes de todo el pa\u00eds, 32 titulares y 16 suplentes.<\/p>\n<p>El Consejo Consultivo de Adolescentes es un espacio institucional de participaci\u00f3n, consulta y di\u00e1logo intergeneracional creado para que chicas y chicos de 13 a 17 a\u00f1os.<\/p>\n<p>En di\u00e1logo con el programa radial \u201cEncuentro con las Noticias\u201d, Tiziana Fern\u00e1ndez, integrante del Consejo Consultivo, describi\u00f3 esta conformaci\u00f3n, <em>\u201cEl Consejo est\u00e1 compuesto por 32 titulares y 16 suplentes, pero otra cosa muy positiva del Consejo es que todos tenemos el mismo poder de votar y la misma inferencia sobre las pol\u00edticas infantiles, es decir, nuestro Consejo lo que hace es seleccionar a chicos de todo el pa\u00eds con un mont\u00f3n de criterios distintos, cosa de que haya mucha diversidad a la hora de poder trabajar.<\/em><br \/>\n<em> Esto comenz\u00f3 m\u00e1s que nada el a\u00f1o pasado, hubo una convocatoria adolescente, sino me equivoco se convocaron 11 \u00f3rganos distintos de adolescentes y ah\u00ed se empez\u00f3 a revisar quienes pod\u00edan representar mejor en este Consejo educativo a partir de este a\u00f1o y este a\u00f1o arrancamos\u201d.<\/em><\/p>\n<p>Fern\u00e1ndez, adem\u00e1s, se refiri\u00f3 a los objetivos de trabajo del Consejo, <em>\u201cEste Consejo lo que quiere encargarse m\u00e1s que nada es de tener inferencia en las pol\u00edticas que nos afectan a los j\u00f3venes, es decir, los j\u00f3venes y las j\u00f3venes teniendo inferencia en lo que serian las pol\u00edticas que nos afectan. (\u2026) Las tem\u00e1ticas que m\u00e1s nos conciernen a nosotros son justamente todo lo que respecta a la protecci\u00f3n de las medidas que se tomen en la pol\u00edtica nacional con relaci\u00f3n a los ni\u00f1os y ni\u00f1as y ah\u00ed tenemos una amplia gama de temas para tocar como violencia, genero, todo lo que respecta a la educaci\u00f3n, la verdad es que es s\u00faper amplio\u201d.<\/em><\/p>\n<p>Finalmente, Tiziana Fern\u00e1ndez, sostuvo <em>\u201cSomos una herramienta, la verdad que esto es s\u00faper innovador porque somos de los pocos pa\u00edses en el mundo que cuenta con un \u00f3rgano donde realmente se les da una voz a los adolescentes\u201d.<\/em><\/p>\n<p>Durante su a\u00f1o de mandato, las consejeras y los consejeros deber\u00e1n trasladar y \u00a0representar inquietudes, intereses, demandas y propuestas de las y los adolescentes de todo el territorio argentino.<\/p>\n<p>Compartimos la entrevista completa<\/p>\n<p><a href=\"https:\/\/archive.org\/details\/audio-tiziana-fernandez-senaf-13-04-2021\">Descargar<\/a><\/p>\n<p>&nbsp;<\/p>\n<audio class=\"wp-audio-shortcode\" id=\"audio-3306-2\" preload=\"none\" style=\"width: 100%;\" controls=\"controls\"><source type=\"audio\/mpeg\" src=\"https:\/\/archive.org\/download\/audio-tiziana-fernandez-senaf-13-04-2021\/AUDIO%20-%20TIZIANA%20FERNANDEZ%20%28SENAF%29%2013%2004%202021.mp3?_=2\" \/><a href=\"https:\/\/archive.org\/download\/audio-tiziana-fernandez-senaf-13-04-2021\/AUDIO%20-%20TIZIANA%20FERNANDEZ%20%28SENAF%29%2013%2004%202021.mp3\">https:\/\/archive.org\/download\/audio-tiziana-fernandez-senaf-13-04-2021\/AUDIO%20-%20TIZIANA%20FERNANDEZ%20%28SENAF%29%2013%2004%202021.mp3<\/a><\/audio>\n<div class=\"powerpress_player\" id=\"powerpress_player_6461\"><audio class=\"wp-audio-shortcode\" id=\"audio-3306-1\" preload=\"none\" style=\"width: 100%;\" controls=\"controls\"><source type=\"audio\/mpeg\" src=\"https:\/\/archive.org\/download\/audio-tiziana-fernandez-senaf-13-04-2021\/AUDIO%20-%20TIZIANA%20FERNANDEZ%20%28SENAF%29%2013%2004%202021.mp3?_=1\" \/><a href=\"https:\/\/archive.org\/download\/audio-tiziana-fernandez-senaf-13-04-2021\/AUDIO%20-%20TIZIANA%20FERNANDEZ%20%28SENAF%29%2013%2004%202021.mp3\">https:\/\/archive.org\/download\/audio-tiziana-fernandez-senaf-13-04-2021\/AUDIO%20-%20TIZIANA%20FERNANDEZ%20%28SENAF%29%2013%2004%202021.mp3<\/a><\/audio><\/div><p class=\"powerpress_links powerpress_links_mp3\" style=\"margin-bottom: 1px !important;\">Podcast: <a href=\"https:\/\/archive.org\/download\/audio-tiziana-fernandez-senaf-13-04-2021\/AUDIO%20-%20TIZIANA%20FERNANDEZ%20%28SENAF%29%2013%2004%202021.mp3\" class=\"powerpress_link_pinw\" target=\"_blank\" title=\"Reproducir en una nueva ventana\" onclick=\"return powerpress_pinw('https:\/\/fmtinkunaco.ar\/?powerpress_pinw=3306-podcast');\" rel=\"nofollow\">Reproducir en una nueva ventana<\/a> | <a href=\"https:\/\/archive.org\/download\/audio-tiziana-fernandez-senaf-13-04-2021\/AUDIO%20-%20TIZIANA%20FERNANDEZ%20%28SENAF%29%2013%2004%202021.mp3\" class=\"powerpress_link_d\" title=\"Descargar\" rel=\"nofollow\" download=\"AUDIO%20-%20TIZIANA%20FERNANDEZ%20%28SENAF%29%2013%2004%202021.mp3\">Descargar<\/a><\/p>","protected":false},"excerpt":{"rendered":"<p>La Secretar\u00eda Nacional de Ni\u00f1ez, Adolescencia y Familia (SENAF), del Ministerio de Desarrollo Social de la Naci\u00f3n, conform\u00f3 el primer Consejo Consultivo de Adolescentes con integrantes de todo el pa\u00eds, 32 titulares y 16 suplentes. El Consejo Consultivo de Adolescentes es un espacio institucional de participaci\u00f3n, consulta y di\u00e1logo intergeneracional creado para que chicas y [&hellip;]<\/p>\n","protected":false},"author":1,"featured_media":3307,"comment_status":"open","ping_status":"open","sticky":false,"template":"","format":"standard","meta":{"footnotes":""},"categories":[4,9],"tags":[],"class_list":["post-3306","post","type-post","status-publish","format-standard","has-post-thumbnail","hentry","category-derechos-humanos","category-sociedad"],"_links":{"self":[{"href":"https:\/\/fmtinkunaco.ar\/index.php?rest_route=\/wp\/v2\/posts\/3306","targetHints":{"allow":["GET"]}}],"collection":[{"href":"https:\/\/fmtinkunaco.ar\/index.php?rest_route=\/wp\/v2\/posts"}],"about":[{"href":"https:\/\/fmtinkunaco.ar\/index.php?rest_route=\/wp\/v2\/types\/post"}],"author":[{"embeddable":true,"href":"https:\/\/fmtinkunaco.ar\/index.php?rest_route=\/wp\/v2\/users\/1"}],"replies":[{"embeddable":true,"href":"https:\/\/fmtinkunaco.ar\/index.php?rest_route=%2Fwp%2Fv2%2Fcomments&post=3306"}],"version-history":[{"count":0,"href":"https:\/\/fmtinkunaco.ar\/index.php?rest_route=\/wp\/v2\/posts\/3306\/revisions"}],"wp:featuredmedia":[{"embeddable":true,"href":"https:\/\/fmtinkunaco.ar\/index.php?rest_route=\/"}],"wp:attachment":[{"href":"https:\/\/fmtinkunaco.ar\/index.php?rest_route=%2Fwp%2Fv2%2Fmedia&parent=3306"}],"wp:term":[{"taxonomy":"category","embeddable":true,"href":"https:\/\/fmtinkunaco.ar\/index.php?rest_route=%2Fwp%2Fv2%2Fcategories&post=3306"},{"taxonomy":"post_tag","embeddable":true,"href":"https:\/\/fmtinkunaco.ar\/index.php?rest_route=%2Fwp%2Fv2%2Ftags&post=3306"}],"curies":[{"name":"wp","href":"https:\/\/api.w.org\/{rel}","templated":true}]}}