{"id":3321,"date":"2021-04-15T13:59:26","date_gmt":"2021-04-15T16:59:26","guid":{"rendered":"http:\/\/fmtinkunaco.com.ar\/?p=3321"},"modified":"2021-04-15T13:59:26","modified_gmt":"2021-04-15T16:59:26","slug":"trabajadores-del-hospital-larcade-exigen-la-reincorporacion-de-la-trabajadora-desvinculada-sin-motivos","status":"publish","type":"post","link":"https:\/\/fmtinkunaco.ar\/?p=3321","title":{"rendered":"Trabajadores del Hospital Larcade exigen la reincorporaci\u00f3n de la trabajadora desvinculada sin motivos"},"content":{"rendered":"<p>En el d\u00eda de ayer, la trabajadora del Hospital Larcade, Soledad Dreise se enteraba de su desvinculaci\u00f3n sin ning\u00fan tipo de motivo, luego de sufrir violencia laboral en reiteradas oportunidades.<\/p>\n<p>En este marco, hoy, trabajadores y trabajadoras tomaron de manera pac\u00edfica el pasillo del hospital que comunica a la Direcci\u00f3n del hospital, impidiendo el paso de las autoridades.<\/p>\n<p>En di\u00e1logo con el programa radial \u201cEncuentro con las Noticias\u201d, Soledad Dreise, la trabajadora desafectada, se refer\u00eda a la situaci\u00f3n,<em> \u201cMe citaron en el d\u00eda de ayer, en la Direcci\u00f3n a la una y media, yo me retiro a las dos de la tarde, inform\u00e1ndome que me daban la baja sin ning\u00fan motivo. As\u00ed que me hicieron firmar, firme una nota en disconformidad y hoy empezamos el reclamo. Aparte de todo el hostigamiento que vengo sufriendo hace, m\u00e1s o menos, dos meses; desde que empezamos con esta causa, primero me sacaron de mi lugar de trabajo, me pasaron a otro servicio, me precarizaron m\u00e1s de lo que estaba. (\u2026) Hostigamiento todo el tiempo, de sentarse delante de mi ventanilla, de no poder ir al ba\u00f1o porque si iba al ba\u00f1o y volv\u00eda estaban ellos ah\u00ed al lado\u201d.<\/em><\/p>\n<p>Dreise, adem\u00e1s, describi\u00f3 la presi\u00f3n con la que trabajan los trabajadores y las trabajadoras, <em>\u201cLos m\u00e9dicos est\u00e1n trabajando mal, las enfermeras est\u00e1n trabajando mal, los administrativos, camilleros, limpieza, todos estamos bajo amenazas, bajo presi\u00f3n, todo el personal de salud del Hospital Larcade est\u00e1n trabajando as\u00ed, lo que est\u00e1n de acuerdo con la causa\u201d.<\/em><\/p>\n<p>Frente a esta desvinculaci\u00f3n arbitraria, la comunidad se llamo a manifestarse hoy a partir de las 9 de la ma\u00f1ana en la puerta del Hospital \u2013 Per\u00f3n e Irigoin.<\/p>\n<p>En esta l\u00ednea, Nancy Loschiavo, trabajadora del Larcade, sostuvo que hab\u00eda diferentes gremios acompa\u00f1ando el reclamo, <em>\u201cLa gente de ATE y la gente de CICOP estan acompa\u00f1\u00e1ndonos en cada caso que vamos dando, por suerte, estamos bien asesorados, bien acompa\u00f1ados, trabajando los tres a la par, los trabajadores y los sindicatos\u201d.<\/em><\/p>\n<p>Compartimos la entrevista completa<\/p>\n<p><a href=\"https:\/\/archive.org\/details\/audio-soledad-y-nancy-larcade-15-04-2021\">Descargar<\/a><\/p>\n<p>&nbsp;<\/p>\n<audio class=\"wp-audio-shortcode\" id=\"audio-3321-2\" preload=\"none\" style=\"width: 100%;\" controls=\"controls\"><source type=\"audio\/mpeg\" src=\"https:\/\/archive.org\/download\/audio-soledad-y-nancy-larcade-15-04-2021\/AUDIO%20-%20SOLEDAD%20Y%20NANCY%20%28LARCADE%29%2015%2004%202021.mp3?_=2\" \/><a href=\"https:\/\/archive.org\/download\/audio-soledad-y-nancy-larcade-15-04-2021\/AUDIO%20-%20SOLEDAD%20Y%20NANCY%20%28LARCADE%29%2015%2004%202021.mp3\">https:\/\/archive.org\/download\/audio-soledad-y-nancy-larcade-15-04-2021\/AUDIO%20-%20SOLEDAD%20Y%20NANCY%20%28LARCADE%29%2015%2004%202021.mp3<\/a><\/audio>\n<p>&nbsp;<\/p>\n<div class=\"powerpress_player\" id=\"powerpress_player_9133\"><audio class=\"wp-audio-shortcode\" id=\"audio-3321-1\" preload=\"none\" style=\"width: 100%;\" controls=\"controls\"><source type=\"audio\/mpeg\" src=\"https:\/\/archive.org\/download\/audio-soledad-y-nancy-larcade-15-04-2021\/AUDIO%20-%20SOLEDAD%20Y%20NANCY%20%28LARCADE%29%2015%2004%202021.mp3?_=1\" \/><a href=\"https:\/\/archive.org\/download\/audio-soledad-y-nancy-larcade-15-04-2021\/AUDIO%20-%20SOLEDAD%20Y%20NANCY%20%28LARCADE%29%2015%2004%202021.mp3\">https:\/\/archive.org\/download\/audio-soledad-y-nancy-larcade-15-04-2021\/AUDIO%20-%20SOLEDAD%20Y%20NANCY%20%28LARCADE%29%2015%2004%202021.mp3<\/a><\/audio><\/div><p class=\"powerpress_links powerpress_links_mp3\" style=\"margin-bottom: 1px !important;\">Podcast: <a href=\"https:\/\/archive.org\/download\/audio-soledad-y-nancy-larcade-15-04-2021\/AUDIO%20-%20SOLEDAD%20Y%20NANCY%20%28LARCADE%29%2015%2004%202021.mp3\" class=\"powerpress_link_pinw\" target=\"_blank\" title=\"Reproducir en una nueva ventana\" onclick=\"return powerpress_pinw('https:\/\/fmtinkunaco.ar\/?powerpress_pinw=3321-podcast');\" rel=\"nofollow\">Reproducir en una nueva ventana<\/a> | <a href=\"https:\/\/archive.org\/download\/audio-soledad-y-nancy-larcade-15-04-2021\/AUDIO%20-%20SOLEDAD%20Y%20NANCY%20%28LARCADE%29%2015%2004%202021.mp3\" class=\"powerpress_link_d\" title=\"Descargar\" rel=\"nofollow\" download=\"AUDIO%20-%20SOLEDAD%20Y%20NANCY%20%28LARCADE%29%2015%2004%202021.mp3\">Descargar<\/a><\/p>","protected":false},"excerpt":{"rendered":"<p>En el d\u00eda de ayer, la trabajadora del Hospital Larcade, Soledad Dreise se enteraba de su desvinculaci\u00f3n sin ning\u00fan tipo de motivo, luego de sufrir violencia laboral en reiteradas oportunidades. En este marco, hoy, trabajadores y trabajadoras tomaron de manera pac\u00edfica el pasillo del hospital que comunica a la Direcci\u00f3n del hospital, impidiendo el paso [&hellip;]<\/p>\n","protected":false},"author":1,"featured_media":3322,"comment_status":"open","ping_status":"open","sticky":false,"template":"","format":"standard","meta":{"footnotes":""},"categories":[7],"tags":[336],"class_list":["post-3321","post","type-post","status-publish","format-standard","has-post-thumbnail","hentry","category-salud","tag-municipalidad-de-moreno"],"_links":{"self":[{"href":"https:\/\/fmtinkunaco.ar\/index.php?rest_route=\/wp\/v2\/posts\/3321","targetHints":{"allow":["GET"]}}],"collection":[{"href":"https:\/\/fmtinkunaco.ar\/index.php?rest_route=\/wp\/v2\/posts"}],"about":[{"href":"https:\/\/fmtinkunaco.ar\/index.php?rest_route=\/wp\/v2\/types\/post"}],"author":[{"embeddable":true,"href":"https:\/\/fmtinkunaco.ar\/index.php?rest_route=\/wp\/v2\/users\/1"}],"replies":[{"embeddable":true,"href":"https:\/\/fmtinkunaco.ar\/index.php?rest_route=%2Fwp%2Fv2%2Fcomments&post=3321"}],"version-history":[{"count":0,"href":"https:\/\/fmtinkunaco.ar\/index.php?rest_route=\/wp\/v2\/posts\/3321\/revisions"}],"wp:featuredmedia":[{"embeddable":true,"href":"https:\/\/fmtinkunaco.ar\/index.php?rest_route=\/"}],"wp:attachment":[{"href":"https:\/\/fmtinkunaco.ar\/index.php?rest_route=%2Fwp%2Fv2%2Fmedia&parent=3321"}],"wp:term":[{"taxonomy":"category","embeddable":true,"href":"https:\/\/fmtinkunaco.ar\/index.php?rest_route=%2Fwp%2Fv2%2Fcategories&post=3321"},{"taxonomy":"post_tag","embeddable":true,"href":"https:\/\/fmtinkunaco.ar\/index.php?rest_route=%2Fwp%2Fv2%2Ftags&post=3321"}],"curies":[{"name":"wp","href":"https:\/\/api.w.org\/{rel}","templated":true}]}}