{"id":3330,"date":"2021-04-19T11:35:20","date_gmt":"2021-04-19T14:35:20","guid":{"rendered":"http:\/\/fmtinkunaco.com.ar\/?p=3330"},"modified":"2021-04-19T11:35:20","modified_gmt":"2021-04-19T14:35:20","slug":"a-mas-de-6-meses-de-la-muerte-de-lucia-costa-la-familia-reclama-el-cambio-de-caratula-de-la-causa","status":"publish","type":"post","link":"https:\/\/fmtinkunaco.ar\/?p=3330","title":{"rendered":"A m\u00e1s de 6 meses de la muerte de Luc\u00eda Costa: La familia reclama el cambio de car\u00e1tula de la causa"},"content":{"rendered":"<p>A m\u00e1s de 6 meses de la muerte de <a href=\"http:\/\/fmtinkunaco.com.ar\/san-miguel-la-oposicion-presento-seis-pedidos-de-informe-al-ejecutivo-por-la-muerte-de-lucia-costa\/\">Luc\u00eda Costa<\/a>, joven que falleci\u00f3 luego de la explosi\u00f3n en el Bar Zar Burguers del Municipio de San Miguel, la familia junt\u00f3 a su abogada se encuentra pidiendo el cambio de caratula de Homicidio Culposo a Dolo Eventual.<\/p>\n<p>En di\u00e1logo con el programa radial \u201cEncuentro con las Noticias\u201d, Nilda G\u00f3mez, Abogada de la familia de Luc\u00eda Costa, se refiri\u00f3 al estado de la causa, <em>\u201cLa fiscal est\u00e1 yendo por buen camino, para mi criterio y para lo que esta parte, obviamente, pretende, que es llevar a todos a juicio para que nosotros podamos demostrar la responsabilidad de cada uno y pedir la pena en funci\u00f3n de la responsabilidad que han tenido en este hecho que es aberrante, que no debiera haber sucedido, que es algo que realmente yo no s\u00e9 c\u00f3mo no genera en todo el p\u00fablico, en toda la gente, en toda la sociedad, no genera aun el repudio que deber\u00eda haber generado. Es como que la gente est\u00e1 un poco, por ah\u00ed, como adormecida con tantas cosas<\/em>\u201d.<\/p>\n<p>Adem\u00e1s, la abogada G\u00f3mez, remarc\u00f3 la responsabilidad irreconciliables del Partido sanmiguelino, <em>\u201cPara m\u00ed, San Miguel tiene una gran responsabilidad, el municipio de San Miguel es absolutamente responsable de todo lo que all\u00ed paso, no solamente los guardias, los de seguridad urbana que estaban ah\u00ed, que podr\u00edan haber cerrado el lugar, que podr\u00edan haber cumplido con su deber porque lo podr\u00edan haber echo. Sino aquellas personas que no controlaron lo que habilitaron, los que dieron el permiso, los jefes \u00bfno? Hay que ir para arriba, no s\u00e9 si se est\u00e1 llegando hacia arriba de todo lo que uno pretende, vamos a ir viendo. Reci\u00e9n pasaron seis meses, esto es muy largo, no nos olvidemos que por medida que presenta la parte actora que seriamos nosotros, los que demandamos, hay un mont\u00f3n de otras situaciones que presentan los acusados y que tienen que ver con garant\u00edas del debido proceso, con garant\u00edas constitucionales y eso lleva tiempo\u201d.<\/em><\/p>\n<p>Finalmente, Nilda G\u00f3mez, se refiri\u00f3 a los tiempos de la justicia, <em>\u201cHay que tener en cuenta que esto esta caratulado como un delito culposo y hasta tanto la ley no cambie eso va a seguir siendo un delito culposo cuando no hay intenci\u00f3n o cuando no se puede demostrar la intenci\u00f3n. Este C\u00f3digo Penal que nosotros tenemos, es un C\u00f3digo Penal antiqu\u00edsimo, que no est\u00e1 mostrando la realidad o no esta de alguna manera tipificando nuevas conductas delictivas que deben estar, pero sino est\u00e1n en la Ley y no es un delito, entonces no los podes acusar y s\u00ed eso configura un delito culposo, es decir, no hay intenci\u00f3n de haberla matado, entonces no se configura la cantidad de a\u00f1os que uno puede pedir para un homicidio porque esto es un homicidio y es de 8 a 25 a\u00f1os\u201d.<\/em><\/p>\n<p>Hasta el momento, declararon entre 20 y 30 j\u00f3venes en la causa y la familia de Luc\u00eda Costa junto a su abogada pedir\u00e1n el cambio de car\u00e1tula por Dolo Eventual; ya que el estado en que se encontraba el bar muestra \u201cdesprecio por la vida\u201d.<\/p>\n<p>Compartimos la entrevista completa<\/p>\n<p><a href=\"https:\/\/archive.org\/details\/audio-nilda-gomez-caso-lucia-costa-19-04-2021\">Descargar<\/a><\/p>\n<p>&nbsp;<\/p>\n<audio class=\"wp-audio-shortcode\" id=\"audio-3330-2\" preload=\"none\" style=\"width: 100%;\" controls=\"controls\"><source type=\"audio\/mpeg\" src=\"https:\/\/archive.org\/download\/audio-nilda-gomez-caso-lucia-costa-19-04-2021\/AUDIO%20-%20NILDA%20GOMEZ%20%28CASO%20LUCIA%20COSTA%29%2019%2004%202021.mp3?_=2\" \/><a href=\"https:\/\/archive.org\/download\/audio-nilda-gomez-caso-lucia-costa-19-04-2021\/AUDIO%20-%20NILDA%20GOMEZ%20%28CASO%20LUCIA%20COSTA%29%2019%2004%202021.mp3\">https:\/\/archive.org\/download\/audio-nilda-gomez-caso-lucia-costa-19-04-2021\/AUDIO%20-%20NILDA%20GOMEZ%20%28CASO%20LUCIA%20COSTA%29%2019%2004%202021.mp3<\/a><\/audio>\n<div class=\"powerpress_player\" id=\"powerpress_player_3440\"><audio class=\"wp-audio-shortcode\" id=\"audio-3330-1\" preload=\"none\" style=\"width: 100%;\" controls=\"controls\"><source type=\"audio\/mpeg\" src=\"https:\/\/archive.org\/download\/audio-nilda-gomez-caso-lucia-costa-19-04-2021\/AUDIO%20-%20NILDA%20GOMEZ%20%28CASO%20LUCIA%20COSTA%29%2019%2004%202021.mp3?_=1\" \/><a href=\"https:\/\/archive.org\/download\/audio-nilda-gomez-caso-lucia-costa-19-04-2021\/AUDIO%20-%20NILDA%20GOMEZ%20%28CASO%20LUCIA%20COSTA%29%2019%2004%202021.mp3\">https:\/\/archive.org\/download\/audio-nilda-gomez-caso-lucia-costa-19-04-2021\/AUDIO%20-%20NILDA%20GOMEZ%20%28CASO%20LUCIA%20COSTA%29%2019%2004%202021.mp3<\/a><\/audio><\/div><p class=\"powerpress_links powerpress_links_mp3\" style=\"margin-bottom: 1px !important;\">Podcast: <a href=\"https:\/\/archive.org\/download\/audio-nilda-gomez-caso-lucia-costa-19-04-2021\/AUDIO%20-%20NILDA%20GOMEZ%20%28CASO%20LUCIA%20COSTA%29%2019%2004%202021.mp3\" class=\"powerpress_link_pinw\" target=\"_blank\" title=\"Reproducir en una nueva ventana\" onclick=\"return powerpress_pinw('https:\/\/fmtinkunaco.ar\/?powerpress_pinw=3330-podcast');\" rel=\"nofollow\">Reproducir en una nueva ventana<\/a> | <a href=\"https:\/\/archive.org\/download\/audio-nilda-gomez-caso-lucia-costa-19-04-2021\/AUDIO%20-%20NILDA%20GOMEZ%20%28CASO%20LUCIA%20COSTA%29%2019%2004%202021.mp3\" class=\"powerpress_link_d\" title=\"Descargar\" rel=\"nofollow\" download=\"AUDIO%20-%20NILDA%20GOMEZ%20%28CASO%20LUCIA%20COSTA%29%2019%2004%202021.mp3\">Descargar<\/a><\/p>","protected":false},"excerpt":{"rendered":"<p>A m\u00e1s de 6 meses de la muerte de Luc\u00eda Costa, joven que falleci\u00f3 luego de la explosi\u00f3n en el Bar Zar Burguers del Municipio de San Miguel, la familia junt\u00f3 a su abogada se encuentra pidiendo el cambio de caratula de Homicidio Culposo a Dolo Eventual. En di\u00e1logo con el programa radial \u201cEncuentro con [&hellip;]<\/p>\n","protected":false},"author":1,"featured_media":3331,"comment_status":"open","ping_status":"open","sticky":false,"template":"","format":"standard","meta":{"footnotes":""},"categories":[9],"tags":[292,342],"class_list":["post-3330","post","type-post","status-publish","format-standard","has-post-thumbnail","hentry","category-sociedad","tag-lucia-costa","tag-municipio-de-san-miguel"],"_links":{"self":[{"href":"https:\/\/fmtinkunaco.ar\/index.php?rest_route=\/wp\/v2\/posts\/3330","targetHints":{"allow":["GET"]}}],"collection":[{"href":"https:\/\/fmtinkunaco.ar\/index.php?rest_route=\/wp\/v2\/posts"}],"about":[{"href":"https:\/\/fmtinkunaco.ar\/index.php?rest_route=\/wp\/v2\/types\/post"}],"author":[{"embeddable":true,"href":"https:\/\/fmtinkunaco.ar\/index.php?rest_route=\/wp\/v2\/users\/1"}],"replies":[{"embeddable":true,"href":"https:\/\/fmtinkunaco.ar\/index.php?rest_route=%2Fwp%2Fv2%2Fcomments&post=3330"}],"version-history":[{"count":0,"href":"https:\/\/fmtinkunaco.ar\/index.php?rest_route=\/wp\/v2\/posts\/3330\/revisions"}],"wp:featuredmedia":[{"embeddable":true,"href":"https:\/\/fmtinkunaco.ar\/index.php?rest_route=\/"}],"wp:attachment":[{"href":"https:\/\/fmtinkunaco.ar\/index.php?rest_route=%2Fwp%2Fv2%2Fmedia&parent=3330"}],"wp:term":[{"taxonomy":"category","embeddable":true,"href":"https:\/\/fmtinkunaco.ar\/index.php?rest_route=%2Fwp%2Fv2%2Fcategories&post=3330"},{"taxonomy":"post_tag","embeddable":true,"href":"https:\/\/fmtinkunaco.ar\/index.php?rest_route=%2Fwp%2Fv2%2Ftags&post=3330"}],"curies":[{"name":"wp","href":"https:\/\/api.w.org\/{rel}","templated":true}]}}