{"id":3334,"date":"2021-04-20T10:37:54","date_gmt":"2021-04-20T13:37:54","guid":{"rendered":"http:\/\/fmtinkunaco.com.ar\/?p=3334"},"modified":"2021-04-20T10:37:54","modified_gmt":"2021-04-20T13:37:54","slug":"mujeres-en-accion-mantiene-las-ferias-presenciales-con-horario-reducido","status":"publish","type":"post","link":"https:\/\/fmtinkunaco.ar\/?p=3334","title":{"rendered":"Mujeres en Acci\u00f3n mantiene las ferias presenciales con horario reducido"},"content":{"rendered":"<p>La organizaci\u00f3n Mujeres en Acci\u00f3n, contin\u00faa con las ferias presenciales en la Plaza Antonio Toro de Presidente Derqui pero, frente a las restricciones decretadas en los \u00faltimos d\u00edas por el gobierno nacional, lo har\u00e1n con un horario reducido.<\/p>\n<p>En di\u00e1logo con la FM Tinkunaco, Marianela, integrante de Mujeres en Acci\u00f3n, se refiri\u00f3 a la situaci\u00f3n, <em>\u201cLas ferias presenciales se van a poder seguir haciendo con todas las medidas de protocolo, cuidados, en contexto de covid, pandemia. Con reducci\u00f3n de horario, con todas las medidas sanitarias de distanciamiento, de utilizaci\u00f3n del alcohol, del barbijo\u201d.<\/em><\/p>\n<p>El horario ser\u00e1 de 14hs a 18ha en la Plaza Antonio Toro, las ferias presenciales se realizan los primeros dos s\u00e1bados del mes.<\/p>\n<p><a href=\"https:\/\/archive.org\/details\/audio-02-marianela-mujeres-en-accion-ferias-presenciales\">Descargar<\/a><\/p>\n<p><audio class=\"wp-audio-shortcode\" id=\"audio-3334-2\" preload=\"none\" style=\"width: 100%;\" controls=\"controls\"><source type=\"audio\/mpeg\" src=\"https:\/\/archive.org\/download\/audio-02-marianela-mujeres-en-accion-ferias-presenciales\/AUDIO%2002%20-%20MARIANELA%20MUJERES%20EN%20ACCION%20%28FERIAS%20PRESENCIALES%29.mp3?_=2\" \/><a href=\"https:\/\/archive.org\/download\/audio-02-marianela-mujeres-en-accion-ferias-presenciales\/AUDIO%2002%20-%20MARIANELA%20MUJERES%20EN%20ACCION%20%28FERIAS%20PRESENCIALES%29.mp3\">https:\/\/archive.org\/download\/audio-02-marianela-mujeres-en-accion-ferias-presenciales\/AUDIO%2002%20-%20MARIANELA%20MUJERES%20EN%20ACCION%20%28FERIAS%20PRESENCIALES%29.mp3<\/a><\/audio><br \/>\nA pesar de mantener las ferias en la presencialidad, las emprendedoras se encuentran organizando las ferias virtuales que se realizar\u00e1n los segundos s\u00e1bados de cada mes.<br \/>\nAs\u00ed lo explico Marianela,<em> \u201cSon los segundos s\u00e1bados de cada mes, en el grupo de facebook Mujeres en Acci\u00f3n, la pr\u00f3xima es en el mes de mayo, el 8 de mayo. Donde no solamente hay stands virtuales, a trav\u00e9s del emprendimiento de cada mujer sino tambi\u00e9n hay artistas locales, a trav\u00e9s de los vivos se presentan y difundimos su trabajo\u201d.<\/em><\/p>\n<p><a href=\"https:\/\/archive.org\/details\/audio-01-marianela-mujeres-en-accion-ferias-virtuales\">Descargar<\/a><\/p>\n<audio class=\"wp-audio-shortcode\" id=\"audio-3334-3\" preload=\"none\" style=\"width: 100%;\" controls=\"controls\"><source type=\"audio\/mpeg\" src=\"https:\/\/archive.org\/download\/audio-01-marianela-mujeres-en-accion-ferias-virtuales\/AUDIO%2001%20-%20MARIANELA%20MUJERES%20EN%20ACCION%20%28FERIAS%20VIRTUALES%29.mp3?_=3\" \/><a href=\"https:\/\/archive.org\/download\/audio-01-marianela-mujeres-en-accion-ferias-virtuales\/AUDIO%2001%20-%20MARIANELA%20MUJERES%20EN%20ACCION%20%28FERIAS%20VIRTUALES%29.mp3\">https:\/\/archive.org\/download\/audio-01-marianela-mujeres-en-accion-ferias-virtuales\/AUDIO%2001%20-%20MARIANELA%20MUJERES%20EN%20ACCION%20%28FERIAS%20VIRTUALES%29.mp3<\/a><\/audio>\n<div class=\"powerpress_player\" id=\"powerpress_player_6048\"><audio class=\"wp-audio-shortcode\" id=\"audio-3334-1\" preload=\"none\" style=\"width: 100%;\" controls=\"controls\"><source type=\"audio\/mpeg\" src=\"https:\/\/archive.org\/download\/audio-02-marianela-mujeres-en-accion-ferias-presenciales\/AUDIO%2002%20-%20MARIANELA%20MUJERES%20EN%20ACCION%20%28FERIAS%20PRESENCIALES%29.mp3?_=1\" \/><a href=\"https:\/\/archive.org\/download\/audio-02-marianela-mujeres-en-accion-ferias-presenciales\/AUDIO%2002%20-%20MARIANELA%20MUJERES%20EN%20ACCION%20%28FERIAS%20PRESENCIALES%29.mp3\">https:\/\/archive.org\/download\/audio-02-marianela-mujeres-en-accion-ferias-presenciales\/AUDIO%2002%20-%20MARIANELA%20MUJERES%20EN%20ACCION%20%28FERIAS%20PRESENCIALES%29.mp3<\/a><\/audio><\/div><p class=\"powerpress_links powerpress_links_mp3\" style=\"margin-bottom: 1px !important;\">Podcast: <a href=\"https:\/\/archive.org\/download\/audio-02-marianela-mujeres-en-accion-ferias-presenciales\/AUDIO%2002%20-%20MARIANELA%20MUJERES%20EN%20ACCION%20%28FERIAS%20PRESENCIALES%29.mp3\" class=\"powerpress_link_pinw\" target=\"_blank\" title=\"Reproducir en una nueva ventana\" onclick=\"return powerpress_pinw('https:\/\/fmtinkunaco.ar\/?powerpress_pinw=3334-podcast');\" rel=\"nofollow\">Reproducir en una nueva ventana<\/a> | <a href=\"https:\/\/archive.org\/download\/audio-02-marianela-mujeres-en-accion-ferias-presenciales\/AUDIO%2002%20-%20MARIANELA%20MUJERES%20EN%20ACCION%20%28FERIAS%20PRESENCIALES%29.mp3\" class=\"powerpress_link_d\" title=\"Descargar\" rel=\"nofollow\" download=\"AUDIO%2002%20-%20MARIANELA%20MUJERES%20EN%20ACCION%20%28FERIAS%20PRESENCIALES%29.mp3\">Descargar<\/a><\/p>","protected":false},"excerpt":{"rendered":"<p>La organizaci\u00f3n Mujeres en Acci\u00f3n, contin\u00faa con las ferias presenciales en la Plaza Antonio Toro de Presidente Derqui pero, frente a las restricciones decretadas en los \u00faltimos d\u00edas por el gobierno nacional, lo har\u00e1n con un horario reducido. En di\u00e1logo con la FM Tinkunaco, Marianela, integrante de Mujeres en Acci\u00f3n, se refiri\u00f3 a la situaci\u00f3n, [&hellip;]<\/p>\n","protected":false},"author":1,"featured_media":3335,"comment_status":"open","ping_status":"open","sticky":false,"template":"","format":"standard","meta":{"footnotes":""},"categories":[3],"tags":[333,340],"class_list":["post-3334","post","type-post","status-publish","format-standard","has-post-thumbnail","hentry","category-cultura","tag-mujeres-en-accion","tag-municipio-de-pilar"],"_links":{"self":[{"href":"https:\/\/fmtinkunaco.ar\/index.php?rest_route=\/wp\/v2\/posts\/3334","targetHints":{"allow":["GET"]}}],"collection":[{"href":"https:\/\/fmtinkunaco.ar\/index.php?rest_route=\/wp\/v2\/posts"}],"about":[{"href":"https:\/\/fmtinkunaco.ar\/index.php?rest_route=\/wp\/v2\/types\/post"}],"author":[{"embeddable":true,"href":"https:\/\/fmtinkunaco.ar\/index.php?rest_route=\/wp\/v2\/users\/1"}],"replies":[{"embeddable":true,"href":"https:\/\/fmtinkunaco.ar\/index.php?rest_route=%2Fwp%2Fv2%2Fcomments&post=3334"}],"version-history":[{"count":0,"href":"https:\/\/fmtinkunaco.ar\/index.php?rest_route=\/wp\/v2\/posts\/3334\/revisions"}],"wp:featuredmedia":[{"embeddable":true,"href":"https:\/\/fmtinkunaco.ar\/index.php?rest_route=\/"}],"wp:attachment":[{"href":"https:\/\/fmtinkunaco.ar\/index.php?rest_route=%2Fwp%2Fv2%2Fmedia&parent=3334"}],"wp:term":[{"taxonomy":"category","embeddable":true,"href":"https:\/\/fmtinkunaco.ar\/index.php?rest_route=%2Fwp%2Fv2%2Fcategories&post=3334"},{"taxonomy":"post_tag","embeddable":true,"href":"https:\/\/fmtinkunaco.ar\/index.php?rest_route=%2Fwp%2Fv2%2Ftags&post=3334"}],"curies":[{"name":"wp","href":"https:\/\/api.w.org\/{rel}","templated":true}]}}