{"id":3343,"date":"2021-04-21T10:39:47","date_gmt":"2021-04-21T13:39:47","guid":{"rendered":"http:\/\/fmtinkunaco.com.ar\/?p=3343"},"modified":"2021-04-21T10:39:47","modified_gmt":"2021-04-21T13:39:47","slug":"vecinos-y-vecinos-plantaran-especies-nativas-bajo-el-proyecto-villa-morra-nativa-en-el-municipio-de-pilar","status":"publish","type":"post","link":"https:\/\/fmtinkunaco.ar\/?p=3343","title":{"rendered":"Vecinos y vecinos plantar\u00e1n especies nativas bajo el Proyecto \u201cVilla Morra Nativa\u201d en el Municipio de Pilar"},"content":{"rendered":"<p>Vecinos y vecinas del barrio Villa Morra, del partido de Pilar, se organizan bajo el proyecto \u201cVilla Morra Nativa\u201d que tiene como objetivo la gesti\u00f3n del paisaje de un terreno\u00a0 como plaza para mejorar el \u00e1mbito cotidiano de la comunidad vecinal, la seguridad y\u00a0 promoviendo las actividades al aire libre combinado con la educaci\u00f3n ambiental.<\/p>\n<p>Los vecinos y las vecinas se proponen plantar especies nativas y crear una huerta org\u00e1nica.<\/p>\n<p>En di\u00e1logo con el programa radial \u201cEncuentro con las Noticias\u201d, Erica Hahn, ambientalista de Pilar e integrante de este proyecto, se refiri\u00f3 al mismo,<em> \u201cEs un proyecto que surgi\u00f3 de la comunidad, de los mismos vecinos; (&#8230;) Este es un predio que esta loteado y que parte de ese predio esta donado para hacer una plaza, es un predio que ten\u00eda el pasto alto, era realmente un lugar de riesgo, cada vez que hay alg\u00fan robo los ladrones se escapan por ah\u00ed, era muy inseguro, y cuando surgi\u00f3 el tema que esto iba a ser una plaza, hicimos un grupo de WhatsApp aparte con la gente que quer\u00eda participar\u201d<\/em>.<\/p>\n<p>Tambi\u00e9n se creara, en el lugar, una huerta comunitaria con el fin de concientizar sobre la soberan\u00eda alimentaria y el bien com\u00fan de producir alimentos en comunidad, sin agro t\u00f3xicos y recurriendo a la econom\u00eda circular donde los residuos se transforman en recursos.<\/p>\n<p>As\u00ed lo explic\u00f3 Hahn, <em>\u201cNosotros lo que queremos demostrar es que no hace falta tener una gran extensi\u00f3n de jard\u00edn, ni siquiera tener tierra sino con macetas, macetas verticales. La idea tambi\u00e9n es que es lugar, a futuro, sea un lugar donde dar charlas, ense\u00f1ar. Primero lo esencial es recuperar nuestra biodiversidad plantando nativas pero adem\u00e1s dar charlas de educaci\u00f3n ambiental, charlas de huerta org\u00e1nica, intercambio de plantines\u201d.<\/em><\/p>\n<p>En el proyecto presentado, los vecinas y vecinas sostienen <em>\u201cLa forestaci\u00f3n de un espacio verde p\u00fablico, como el que se propone en este proyecto, principalmente con especies nativas, nos ofrece un camino\u00a0 para el conocimiento de las ecorregiones que queremos recrear, dar pie a una econom\u00eda circular e implementar la educaci\u00f3n ambiental que facilitar\u00e1 la comprensi\u00f3n de la complejidad de un ecosistema\u00a0 y de aquellos servicios ambientales que nos presta\u201d.<\/em><\/p>\n<p>Compartimos la entrevista completa<\/p>\n<p><a href=\"https:\/\/archive.org\/details\/audio-erica-hahn-21-04-2021\">Descargar<\/a><\/p>\n<p>&nbsp;<\/p>\n<audio class=\"wp-audio-shortcode\" id=\"audio-3343-2\" preload=\"none\" style=\"width: 100%;\" controls=\"controls\"><source type=\"audio\/mpeg\" src=\"https:\/\/archive.org\/download\/audio-erica-hahn-21-04-2021\/AUDIO%20-%20ERICA%20HAHN%2021%2004%202021.mp3?_=2\" \/><a href=\"https:\/\/archive.org\/download\/audio-erica-hahn-21-04-2021\/AUDIO%20-%20ERICA%20HAHN%2021%2004%202021.mp3\">https:\/\/archive.org\/download\/audio-erica-hahn-21-04-2021\/AUDIO%20-%20ERICA%20HAHN%2021%2004%202021.mp3<\/a><\/audio>\n<div class=\"powerpress_player\" id=\"powerpress_player_188\"><audio class=\"wp-audio-shortcode\" id=\"audio-3343-1\" preload=\"none\" style=\"width: 100%;\" controls=\"controls\"><source type=\"audio\/mpeg\" src=\"https:\/\/archive.org\/download\/audio-erica-hahn-21-04-2021\/AUDIO%20-%20ERICA%20HAHN%2021%2004%202021.mp3?_=1\" \/><a href=\"https:\/\/archive.org\/download\/audio-erica-hahn-21-04-2021\/AUDIO%20-%20ERICA%20HAHN%2021%2004%202021.mp3\">https:\/\/archive.org\/download\/audio-erica-hahn-21-04-2021\/AUDIO%20-%20ERICA%20HAHN%2021%2004%202021.mp3<\/a><\/audio><\/div><p class=\"powerpress_links powerpress_links_mp3\" style=\"margin-bottom: 1px !important;\">Podcast: <a href=\"https:\/\/archive.org\/download\/audio-erica-hahn-21-04-2021\/AUDIO%20-%20ERICA%20HAHN%2021%2004%202021.mp3\" class=\"powerpress_link_pinw\" target=\"_blank\" title=\"Reproducir en una nueva ventana\" onclick=\"return powerpress_pinw('https:\/\/fmtinkunaco.ar\/?powerpress_pinw=3343-podcast');\" rel=\"nofollow\">Reproducir en una nueva ventana<\/a> | <a href=\"https:\/\/archive.org\/download\/audio-erica-hahn-21-04-2021\/AUDIO%20-%20ERICA%20HAHN%2021%2004%202021.mp3\" class=\"powerpress_link_d\" title=\"Descargar\" rel=\"nofollow\" download=\"AUDIO%20-%20ERICA%20HAHN%2021%2004%202021.mp3\">Descargar<\/a><\/p>","protected":false},"excerpt":{"rendered":"<p>Vecinos y vecinas del barrio Villa Morra, del partido de Pilar, se organizan bajo el proyecto \u201cVilla Morra Nativa\u201d que tiene como objetivo la gesti\u00f3n del paisaje de un terreno\u00a0 como plaza para mejorar el \u00e1mbito cotidiano de la comunidad vecinal, la seguridad y\u00a0 promoviendo las actividades al aire libre combinado con la educaci\u00f3n ambiental. [&hellip;]<\/p>\n","protected":false},"author":1,"featured_media":3344,"comment_status":"open","ping_status":"open","sticky":false,"template":"","format":"standard","meta":{"footnotes":""},"categories":[4,9],"tags":[],"class_list":["post-3343","post","type-post","status-publish","format-standard","has-post-thumbnail","hentry","category-derechos-humanos","category-sociedad"],"_links":{"self":[{"href":"https:\/\/fmtinkunaco.ar\/index.php?rest_route=\/wp\/v2\/posts\/3343","targetHints":{"allow":["GET"]}}],"collection":[{"href":"https:\/\/fmtinkunaco.ar\/index.php?rest_route=\/wp\/v2\/posts"}],"about":[{"href":"https:\/\/fmtinkunaco.ar\/index.php?rest_route=\/wp\/v2\/types\/post"}],"author":[{"embeddable":true,"href":"https:\/\/fmtinkunaco.ar\/index.php?rest_route=\/wp\/v2\/users\/1"}],"replies":[{"embeddable":true,"href":"https:\/\/fmtinkunaco.ar\/index.php?rest_route=%2Fwp%2Fv2%2Fcomments&post=3343"}],"version-history":[{"count":0,"href":"https:\/\/fmtinkunaco.ar\/index.php?rest_route=\/wp\/v2\/posts\/3343\/revisions"}],"wp:featuredmedia":[{"embeddable":true,"href":"https:\/\/fmtinkunaco.ar\/index.php?rest_route=\/"}],"wp:attachment":[{"href":"https:\/\/fmtinkunaco.ar\/index.php?rest_route=%2Fwp%2Fv2%2Fmedia&parent=3343"}],"wp:term":[{"taxonomy":"category","embeddable":true,"href":"https:\/\/fmtinkunaco.ar\/index.php?rest_route=%2Fwp%2Fv2%2Fcategories&post=3343"},{"taxonomy":"post_tag","embeddable":true,"href":"https:\/\/fmtinkunaco.ar\/index.php?rest_route=%2Fwp%2Fv2%2Ftags&post=3343"}],"curies":[{"name":"wp","href":"https:\/\/api.w.org\/{rel}","templated":true}]}}