{"id":3356,"date":"2021-04-22T13:56:20","date_gmt":"2021-04-22T16:56:20","guid":{"rendered":"http:\/\/fmtinkunaco.com.ar\/?p=3356"},"modified":"2021-04-22T13:56:20","modified_gmt":"2021-04-22T16:56:20","slug":"22-de-abril-dia-mundial-de-la-tierra","status":"publish","type":"post","link":"https:\/\/fmtinkunaco.ar\/?p=3356","title":{"rendered":"22 de Abril: D\u00eda Mundial de la Tierra"},"content":{"rendered":"<p>Hoy, jueves 22 de abril, es el D\u00eda Mundial de la Tierra y diferentes organizaciones se proponen, en esta fecha, invitarnos a reflexionar sobre nuestras acciones y replantearnos diferentes acciones y h\u00e1bitos.<\/p>\n<p>En di\u00e1logo con el programa radial \u201cEncuentro con las Noticias\u201d, Graciela Capodoglio, referente de la Reserva Natural del Pilar, se refiri\u00f3 a la importancia de esta fecha, <em>\u201cEste es un d\u00eda de reflexi\u00f3n entonces, muchas veces, no hay mucho para festejar en el D\u00eda de la Tierra y sobretodo mucho menos en el R\u00edo Luj\u00e1n, as\u00ed que estamos preocupados y creemos que lo valioso de estos d\u00edas es que te permiten parar un poquito la pelota y plantearle a la gente y plantearte vos mismo qu\u00e9 es lo que estamos haciendo la especie humana sobre el \u00fanico recurso que tenemos para sobrevivir\u201d.<\/em><\/p>\n<p>Capodoglio, adem\u00e1s, remarc\u00f3 que pensar el contexto pandemico actual separado de los problemas ambientales es simplificar la situaci\u00f3n, <em>\u201cVer por separado la pandemia y los problemas ambientales es hacer una simplificaci\u00f3n del tema, es mucho m\u00e1s c\u00f3modo eso y es un poco lo que los intereses tienden a que nosotros hagamos. Cuanto menos asociemos estas dos cosas, menos vamos a tener conciencia y actuar en consecuencia\u201d.<\/em><\/p>\n<p>Finalmente, Graciela Capodoglio, sostuvo que hay que cambiar de modelo y dejar el modelo de consumo, <em>\u201cLo que hay que hacer es para la pelota y tiene que aparecer un cambio de modelo, es decir, bajemos la pelota; cada vez que estemos tentados de comprar algo pregunt\u00e9monos si lo necesitamos y, por el otro lado, seamos responsables y consumamos aquellas cosas que no tienen envase porque el envase puede ser retornable, la botella de gaseosa, la botella de agua una vez que se usa, se tira. Despu\u00e9s la gente va al rio y dice que barbaridad, que sucio esta el rio y son esas botellas. Deja de usar pl\u00e1stico de un solo uso\u00a0 y la tercera que es la m\u00e1s importante recl\u00e1male al estado, pedile leyes al estado\u201d.<\/em><\/p>\n<p>&nbsp;<\/p>\n<p>Compartimos la entrevista completa<\/p>\n<p><a href=\"https:\/\/archive.org\/details\/audio-graciela-capodoglio-reserva-natural-del-pilar-22-04-2021\">Descargar<\/a><\/p>\n<p>&nbsp;<\/p>\n<audio class=\"wp-audio-shortcode\" id=\"audio-3356-2\" preload=\"none\" style=\"width: 100%;\" controls=\"controls\"><source type=\"audio\/mpeg\" src=\"https:\/\/archive.org\/download\/audio-graciela-capodoglio-reserva-natural-del-pilar-22-04-2021\/AUDIO%20-%20GRACIELA%20CAPODOGLIO%20%28RESERVA%20NATURAL%20DEL%20PILAR%29%2022%2004%202021.mp3?_=2\" \/><a href=\"https:\/\/archive.org\/download\/audio-graciela-capodoglio-reserva-natural-del-pilar-22-04-2021\/AUDIO%20-%20GRACIELA%20CAPODOGLIO%20%28RESERVA%20NATURAL%20DEL%20PILAR%29%2022%2004%202021.mp3\">https:\/\/archive.org\/download\/audio-graciela-capodoglio-reserva-natural-del-pilar-22-04-2021\/AUDIO%20-%20GRACIELA%20CAPODOGLIO%20%28RESERVA%20NATURAL%20DEL%20PILAR%29%2022%2004%202021.mp3<\/a><\/audio>\n<div class=\"powerpress_player\" id=\"powerpress_player_3139\"><audio class=\"wp-audio-shortcode\" id=\"audio-3356-1\" preload=\"none\" style=\"width: 100%;\" controls=\"controls\"><source type=\"audio\/mpeg\" src=\"https:\/\/archive.org\/download\/audio-graciela-capodoglio-reserva-natural-del-pilar-22-04-2021\/AUDIO%20-%20GRACIELA%20CAPODOGLIO%20%28RESERVA%20NATURAL%20DEL%20PILAR%29%2022%2004%202021.mp3?_=1\" \/><a href=\"https:\/\/archive.org\/download\/audio-graciela-capodoglio-reserva-natural-del-pilar-22-04-2021\/AUDIO%20-%20GRACIELA%20CAPODOGLIO%20%28RESERVA%20NATURAL%20DEL%20PILAR%29%2022%2004%202021.mp3\">https:\/\/archive.org\/download\/audio-graciela-capodoglio-reserva-natural-del-pilar-22-04-2021\/AUDIO%20-%20GRACIELA%20CAPODOGLIO%20%28RESERVA%20NATURAL%20DEL%20PILAR%29%2022%2004%202021.mp3<\/a><\/audio><\/div><p class=\"powerpress_links powerpress_links_mp3\" style=\"margin-bottom: 1px !important;\">Podcast: <a href=\"https:\/\/archive.org\/download\/audio-graciela-capodoglio-reserva-natural-del-pilar-22-04-2021\/AUDIO%20-%20GRACIELA%20CAPODOGLIO%20%28RESERVA%20NATURAL%20DEL%20PILAR%29%2022%2004%202021.mp3\" class=\"powerpress_link_pinw\" target=\"_blank\" title=\"Reproducir en una nueva ventana\" onclick=\"return powerpress_pinw('https:\/\/fmtinkunaco.ar\/?powerpress_pinw=3356-podcast');\" rel=\"nofollow\">Reproducir en una nueva ventana<\/a> | <a href=\"https:\/\/archive.org\/download\/audio-graciela-capodoglio-reserva-natural-del-pilar-22-04-2021\/AUDIO%20-%20GRACIELA%20CAPODOGLIO%20%28RESERVA%20NATURAL%20DEL%20PILAR%29%2022%2004%202021.mp3\" class=\"powerpress_link_d\" title=\"Descargar\" rel=\"nofollow\" download=\"AUDIO%20-%20GRACIELA%20CAPODOGLIO%20%28RESERVA%20NATURAL%20DEL%20PILAR%29%2022%2004%202021.mp3\">Descargar<\/a><\/p>","protected":false},"excerpt":{"rendered":"<p>Hoy, jueves 22 de abril, es el D\u00eda Mundial de la Tierra y diferentes organizaciones se proponen, en esta fecha, invitarnos a reflexionar sobre nuestras acciones y replantearnos diferentes acciones y h\u00e1bitos. En di\u00e1logo con el programa radial \u201cEncuentro con las Noticias\u201d, Graciela Capodoglio, referente de la Reserva Natural del Pilar, se refiri\u00f3 a la [&hellip;]<\/p>\n","protected":false},"author":1,"featured_media":3357,"comment_status":"open","ping_status":"open","sticky":false,"template":"","format":"standard","meta":{"footnotes":""},"categories":[4,9],"tags":[158,340,432],"class_list":["post-3356","post","type-post","status-publish","format-standard","has-post-thumbnail","hentry","category-derechos-humanos","category-sociedad","tag-dia-de-la-tierra","tag-municipio-de-pilar","tag-reserva-natural-del-pilar"],"_links":{"self":[{"href":"https:\/\/fmtinkunaco.ar\/index.php?rest_route=\/wp\/v2\/posts\/3356","targetHints":{"allow":["GET"]}}],"collection":[{"href":"https:\/\/fmtinkunaco.ar\/index.php?rest_route=\/wp\/v2\/posts"}],"about":[{"href":"https:\/\/fmtinkunaco.ar\/index.php?rest_route=\/wp\/v2\/types\/post"}],"author":[{"embeddable":true,"href":"https:\/\/fmtinkunaco.ar\/index.php?rest_route=\/wp\/v2\/users\/1"}],"replies":[{"embeddable":true,"href":"https:\/\/fmtinkunaco.ar\/index.php?rest_route=%2Fwp%2Fv2%2Fcomments&post=3356"}],"version-history":[{"count":0,"href":"https:\/\/fmtinkunaco.ar\/index.php?rest_route=\/wp\/v2\/posts\/3356\/revisions"}],"wp:featuredmedia":[{"embeddable":true,"href":"https:\/\/fmtinkunaco.ar\/index.php?rest_route=\/"}],"wp:attachment":[{"href":"https:\/\/fmtinkunaco.ar\/index.php?rest_route=%2Fwp%2Fv2%2Fmedia&parent=3356"}],"wp:term":[{"taxonomy":"category","embeddable":true,"href":"https:\/\/fmtinkunaco.ar\/index.php?rest_route=%2Fwp%2Fv2%2Fcategories&post=3356"},{"taxonomy":"post_tag","embeddable":true,"href":"https:\/\/fmtinkunaco.ar\/index.php?rest_route=%2Fwp%2Fv2%2Ftags&post=3356"}],"curies":[{"name":"wp","href":"https:\/\/api.w.org\/{rel}","templated":true}]}}