{"id":3359,"date":"2021-04-22T14:30:33","date_gmt":"2021-04-22T17:30:33","guid":{"rendered":"http:\/\/fmtinkunaco.com.ar\/?p=3359"},"modified":"2021-04-22T14:30:33","modified_gmt":"2021-04-22T17:30:33","slug":"claudia-galvan-artista-de-san-miguel-postulada-a-los-premios-gardel-2021","status":"publish","type":"post","link":"https:\/\/fmtinkunaco.ar\/?p=3359","title":{"rendered":"Claudia Galv\u00e1n, Artista de San Miguel, postulada a los Premios Gardel 2021"},"content":{"rendered":"<p>Claudia Galv\u00e1n, es Artista oriunda del partido de San Miguel y Profesora de M\u00fasica en diferentes escuelas del territorio y en los \u00faltimos d\u00edas recibi\u00f3 la noticia sobre la postulaci\u00f3n en los Premios Gardel 2021 por su primer material discogr\u00e1fico <strong>\u201cEcl\u00e9ctica\u201d<\/strong>.<\/p>\n<p>El material discogr\u00e1fico, es un disco instrumental de guitarra.<\/p>\n<p>En di\u00e1logo con el programa radial \u201cEncuentro con las Noticias\u201d, la artista Claudia Galv\u00e1n, se refiri\u00f3 al material discogr\u00e1fico Ecl\u00e9ctica, <em>\u201cEs un disco de m\u00fasica instrumental en guitarra, en esta oportunidad grave algunos tangos, un rumba espa\u00f1ola que es una rumba fandango de composici\u00f3n propia y tambi\u00e9n hay obras de m\u00fasica cl\u00e1sica, que para mi eran obras que ten\u00edan que estar en este disco, que estudie a lo largo de mi carrera. (\u2026) As\u00ed que eran obras que seleccione y que ten\u00edan que estar en este disco\u201d.<\/em><\/p>\n<p>Galv\u00e1n, adem\u00e1s, describi\u00f3 su felicidad, <em>\u201cEste a\u00f1o 2021 la verdad que una alegr\u00eda enorme, sobretodo porque ahora el disco est\u00e1 en plataformas digitales, adem\u00e1s de en formato f\u00edsico y estamos, casi, en seis o siete categor\u00edas postulados para los Premios Gardel. Digo estamos porque por m\u00e1s que uno sea un m\u00fasico solista siempre trabaja un equipo\u201d.<\/em><\/p>\n<p>Claudia Galv\u00e1n se encuentra postulada en las categor\u00edas: \u00c1lbum del a\u00f1o, Mejor Dise\u00f1o de Portada, Canci\u00f3n del A\u00f1o, Mejor \u00c1lbum de M\u00fasica Cl\u00e1sica, Mejor \u00c1lbum Instrument Fusi\u00f3n \u2013 World Music, Mejor Nuevo Artista, Grabaci\u00f3n del A\u00f1o, Productor del a\u00f1o y Mejor \u00c1lbum Conceptual.<\/p>\n<p>Finalmente, Claudia Galv\u00e1n, explic\u00f3 el camino que recorren las postulaciones, <em>\u201cNosotros hab\u00edamos sido postulados en el verano, a principio de a\u00f1o, hay una ardua selecci\u00f3n para las postulaciones; ahora a fines de abril se va a saber qui\u00e9nes est\u00e1n nominados. Como jurado tengo entendido que hay m\u00fasicos, hay productores, gente de prensa de radio y televisi\u00f3n, as\u00ed que hay que estar atento. Esto lo organiza CAPIF &#8211; C\u00e1mara Argentina de Productores Industriales de Fonogramas \u2013 y hay que estar atentos ahora a fines de abril para ver qui\u00e9nes son los nominados\u201d.<\/em><\/p>\n<p>Compartimos la entrevista completa<\/p>\n<p><a href=\"https:\/\/archive.org\/details\/audio-claudia-galvan-22-04-2021\">Descargar<\/a><\/p>\n<p>&nbsp;<\/p>\n<audio class=\"wp-audio-shortcode\" id=\"audio-3359-2\" preload=\"none\" style=\"width: 100%;\" controls=\"controls\"><source type=\"audio\/mpeg\" src=\"https:\/\/archive.org\/download\/audio-claudia-galvan-22-04-2021\/AUDIO%20-%20CLAUDIA%20GALVAN%2022%2004%202021.mp3?_=2\" \/><a href=\"https:\/\/archive.org\/download\/audio-claudia-galvan-22-04-2021\/AUDIO%20-%20CLAUDIA%20GALVAN%2022%2004%202021.mp3\">https:\/\/archive.org\/download\/audio-claudia-galvan-22-04-2021\/AUDIO%20-%20CLAUDIA%20GALVAN%2022%2004%202021.mp3<\/a><\/audio>\n<div class=\"powerpress_player\" id=\"powerpress_player_5070\"><audio class=\"wp-audio-shortcode\" id=\"audio-3359-1\" preload=\"none\" style=\"width: 100%;\" controls=\"controls\"><source type=\"audio\/mpeg\" src=\"https:\/\/archive.org\/download\/audio-claudia-galvan-22-04-2021\/AUDIO%20-%20CLAUDIA%20GALVAN%2022%2004%202021.mp3?_=1\" \/><a href=\"https:\/\/archive.org\/download\/audio-claudia-galvan-22-04-2021\/AUDIO%20-%20CLAUDIA%20GALVAN%2022%2004%202021.mp3\">https:\/\/archive.org\/download\/audio-claudia-galvan-22-04-2021\/AUDIO%20-%20CLAUDIA%20GALVAN%2022%2004%202021.mp3<\/a><\/audio><\/div><p class=\"powerpress_links powerpress_links_mp3\" style=\"margin-bottom: 1px !important;\">Podcast: <a href=\"https:\/\/archive.org\/download\/audio-claudia-galvan-22-04-2021\/AUDIO%20-%20CLAUDIA%20GALVAN%2022%2004%202021.mp3\" class=\"powerpress_link_pinw\" target=\"_blank\" title=\"Reproducir en una nueva ventana\" onclick=\"return powerpress_pinw('https:\/\/fmtinkunaco.ar\/?powerpress_pinw=3359-podcast');\" rel=\"nofollow\">Reproducir en una nueva ventana<\/a> | <a href=\"https:\/\/archive.org\/download\/audio-claudia-galvan-22-04-2021\/AUDIO%20-%20CLAUDIA%20GALVAN%2022%2004%202021.mp3\" class=\"powerpress_link_d\" title=\"Descargar\" rel=\"nofollow\" download=\"AUDIO%20-%20CLAUDIA%20GALVAN%2022%2004%202021.mp3\">Descargar<\/a><\/p>","protected":false},"excerpt":{"rendered":"<p>Claudia Galv\u00e1n, es Artista oriunda del partido de San Miguel y Profesora de M\u00fasica en diferentes escuelas del territorio y en los \u00faltimos d\u00edas recibi\u00f3 la noticia sobre la postulaci\u00f3n en los Premios Gardel 2021 por su primer material discogr\u00e1fico \u201cEcl\u00e9ctica\u201d. El material discogr\u00e1fico, es un disco instrumental de guitarra. En di\u00e1logo con el programa [&hellip;]<\/p>\n","protected":false},"author":1,"featured_media":3361,"comment_status":"open","ping_status":"open","sticky":false,"template":"","format":"standard","meta":{"footnotes":""},"categories":[3],"tags":[342,411],"class_list":["post-3359","post","type-post","status-publish","format-standard","has-post-thumbnail","hentry","category-cultura","tag-municipio-de-san-miguel","tag-premios-gardel-2021"],"_links":{"self":[{"href":"https:\/\/fmtinkunaco.ar\/index.php?rest_route=\/wp\/v2\/posts\/3359","targetHints":{"allow":["GET"]}}],"collection":[{"href":"https:\/\/fmtinkunaco.ar\/index.php?rest_route=\/wp\/v2\/posts"}],"about":[{"href":"https:\/\/fmtinkunaco.ar\/index.php?rest_route=\/wp\/v2\/types\/post"}],"author":[{"embeddable":true,"href":"https:\/\/fmtinkunaco.ar\/index.php?rest_route=\/wp\/v2\/users\/1"}],"replies":[{"embeddable":true,"href":"https:\/\/fmtinkunaco.ar\/index.php?rest_route=%2Fwp%2Fv2%2Fcomments&post=3359"}],"version-history":[{"count":0,"href":"https:\/\/fmtinkunaco.ar\/index.php?rest_route=\/wp\/v2\/posts\/3359\/revisions"}],"wp:featuredmedia":[{"embeddable":true,"href":"https:\/\/fmtinkunaco.ar\/index.php?rest_route=\/"}],"wp:attachment":[{"href":"https:\/\/fmtinkunaco.ar\/index.php?rest_route=%2Fwp%2Fv2%2Fmedia&parent=3359"}],"wp:term":[{"taxonomy":"category","embeddable":true,"href":"https:\/\/fmtinkunaco.ar\/index.php?rest_route=%2Fwp%2Fv2%2Fcategories&post=3359"},{"taxonomy":"post_tag","embeddable":true,"href":"https:\/\/fmtinkunaco.ar\/index.php?rest_route=%2Fwp%2Fv2%2Ftags&post=3359"}],"curies":[{"name":"wp","href":"https:\/\/api.w.org\/{rel}","templated":true}]}}