{"id":3363,"date":"2021-04-23T10:44:09","date_gmt":"2021-04-23T13:44:09","guid":{"rendered":"http:\/\/fmtinkunaco.com.ar\/?p=3363"},"modified":"2021-04-23T10:44:09","modified_gmt":"2021-04-23T13:44:09","slug":"el-tren-san-martin-pondria-micros-desde-san-miguel-a-palermo-y-retiro","status":"publish","type":"post","link":"https:\/\/fmtinkunaco.ar\/?p=3363","title":{"rendered":"El Tren San Mart\u00edn pondr\u00eda micros desde San Miguel a Palermo y Retiro"},"content":{"rendered":"<p>A pesar de las medidas de restricciones en lo que a la utilizaci\u00f3n del transporte p\u00fablico respecta, frente a la pandemia, los trabajadores y trabajadoras que se movilizan desde el Conurbano Bonaerense a la Ciudad de Buenos Aires contin\u00faan viajando sin poder mantener la medida de cuidado referida al distanciamiento social.<\/p>\n<p>En los \u00faltimos d\u00edas, fueron muchas las fotos que recorrieron las redes sociales visibilizando las p\u00e9simas condiciones en la que los trabajadores y las trabajadoras se movilizan.<\/p>\n<p>Frente a esta situaci\u00f3n, en las \u00faltimas horas se dio a conocer que el Ferrocarril San Mart\u00edn pondr\u00eda micros desde las estaciones de San Miguel hacia Palermo y Retiro.<\/p>\n<p>En di\u00e1logo con el programa radial \u201cEncuentro con las Noticias\u201d, Alejandro Alvite, integrante del Movimiento Nacional Ferroviario y trabajador del Tren San Mart\u00edn, se refiri\u00f3 a esta decisi\u00f3n, <em>\u201cDesde la empresa aspiran con esta noticia a volver a un r\u00e9gimen similar al que exist\u00eda cuando los trenes llegaban solo a Villa del Parque, la idea es suplir la carencia de servicios, eso tiene un lado positivo que es incorporar servicios que hagan el mismo recorrido, con menos paradas, pero que permitir\u00edan sacar un poco de la asfixia en que se viaja a los pasajeros en el tren. Pero por otro lado, demuestra una falencia inexorable, ya a esta altura, que es la demostraci\u00f3n de la incapacidad para brindar m\u00e1s servicios que es lo que corresponde\u201d.<\/em><\/p>\n<p>Alvite, adem\u00e1s, se refiri\u00f3 al horario de emergencia en que funciona desde el inicio de la pandemia el Tren San Mart\u00edn, <em>\u201cSe viene hablando de un horario de emergencia especial para adecuarlo a la situaci\u00f3n actual y no se puede implementar por la falta de formaciones, lo b\u00e1sico ser\u00eda tener 17 locomotoras y 17 formaciones circulando m\u00e1s las reservas por s\u00ed pasara algo y, en realidad, en el mejor de los d\u00edas ten\u00e9s 14 formaciones y 14 locomotoras; esto es en el mejor de los d\u00edas, hay d\u00edas que andan 12\u201d.<\/em><\/p>\n<p>Finalmente, Alejandro Alvite, sostuvo <em>\u201cAnte esta situaci\u00f3n se hace muy dif\u00edcil creer que con servicios de pasajeros automotor vas a poder suplir una necesidad de esta magnitud, calcula que de los 7 coches que tiene una formaci\u00f3n de tren, 6 son los que llevan pasajeros; cada uno de esos implica 2 colectivos, quiere decir que tendr\u00edas que tener 12 colectivo para reemplazar la circulaci\u00f3n de un tren. Esto va a ser una salida temporaria pero \u00a0la salida real, y concreta, tiene que ver con aumentar la cantidad de servicios en circulaci\u00f3n y eso va a depender de ponerse los pantalones largos y tomar la decisi\u00f3n de hacer el adecuado seguimiento de la mantenci\u00f3n de locomotoras, recuperar las que faltan y lo mismo con las formaciones y la cantidad de falencias que tienen a diario\u201d.<\/em><\/p>\n<p>Compartimos el testimonio completo<\/p>\n<p><a href=\"https:\/\/archive.org\/details\/audio-alejandro-alvite-fsm-23-04-2021\">Descargar<\/a><\/p>\n<p>&nbsp;<\/p>\n<audio class=\"wp-audio-shortcode\" id=\"audio-3363-2\" preload=\"none\" style=\"width: 100%;\" controls=\"controls\"><source type=\"audio\/mpeg\" src=\"https:\/\/archive.org\/download\/audio-alejandro-alvite-fsm-23-04-2021\/AUDIO%20-%20ALEJANDRO%20ALVITE%20%28FSM%29%2023%2004%202021.mp3?_=2\" \/><a href=\"https:\/\/archive.org\/download\/audio-alejandro-alvite-fsm-23-04-2021\/AUDIO%20-%20ALEJANDRO%20ALVITE%20%28FSM%29%2023%2004%202021.mp3\">https:\/\/archive.org\/download\/audio-alejandro-alvite-fsm-23-04-2021\/AUDIO%20-%20ALEJANDRO%20ALVITE%20%28FSM%29%2023%2004%202021.mp3<\/a><\/audio>\n<div class=\"powerpress_player\" id=\"powerpress_player_386\"><audio class=\"wp-audio-shortcode\" id=\"audio-3363-1\" preload=\"none\" style=\"width: 100%;\" controls=\"controls\"><source type=\"audio\/mpeg\" src=\"https:\/\/archive.org\/download\/audio-alejandro-alvite-fsm-23-04-2021\/AUDIO%20-%20ALEJANDRO%20ALVITE%20%28FSM%29%2023%2004%202021.mp3?_=1\" \/><a href=\"https:\/\/archive.org\/download\/audio-alejandro-alvite-fsm-23-04-2021\/AUDIO%20-%20ALEJANDRO%20ALVITE%20%28FSM%29%2023%2004%202021.mp3\">https:\/\/archive.org\/download\/audio-alejandro-alvite-fsm-23-04-2021\/AUDIO%20-%20ALEJANDRO%20ALVITE%20%28FSM%29%2023%2004%202021.mp3<\/a><\/audio><\/div><p class=\"powerpress_links powerpress_links_mp3\" style=\"margin-bottom: 1px !important;\">Podcast: <a href=\"https:\/\/archive.org\/download\/audio-alejandro-alvite-fsm-23-04-2021\/AUDIO%20-%20ALEJANDRO%20ALVITE%20%28FSM%29%2023%2004%202021.mp3\" class=\"powerpress_link_pinw\" target=\"_blank\" title=\"Reproducir en una nueva ventana\" onclick=\"return powerpress_pinw('https:\/\/fmtinkunaco.ar\/?powerpress_pinw=3363-podcast');\" rel=\"nofollow\">Reproducir en una nueva ventana<\/a> | <a href=\"https:\/\/archive.org\/download\/audio-alejandro-alvite-fsm-23-04-2021\/AUDIO%20-%20ALEJANDRO%20ALVITE%20%28FSM%29%2023%2004%202021.mp3\" class=\"powerpress_link_d\" title=\"Descargar\" rel=\"nofollow\" download=\"AUDIO%20-%20ALEJANDRO%20ALVITE%20%28FSM%29%2023%2004%202021.mp3\">Descargar<\/a><\/p>","protected":false},"excerpt":{"rendered":"<p>A pesar de las medidas de restricciones en lo que a la utilizaci\u00f3n del transporte p\u00fablico respecta, frente a la pandemia, los trabajadores y trabajadoras que se movilizan desde el Conurbano Bonaerense a la Ciudad de Buenos Aires contin\u00faan viajando sin poder mantener la medida de cuidado referida al distanciamiento social. En los \u00faltimos d\u00edas, [&hellip;]<\/p>\n","protected":false},"author":1,"featured_media":2108,"comment_status":"open","ping_status":"open","sticky":false,"template":"","format":"standard","meta":{"footnotes":""},"categories":[9],"tags":[],"class_list":["post-3363","post","type-post","status-publish","format-standard","has-post-thumbnail","hentry","category-sociedad"],"_links":{"self":[{"href":"https:\/\/fmtinkunaco.ar\/index.php?rest_route=\/wp\/v2\/posts\/3363","targetHints":{"allow":["GET"]}}],"collection":[{"href":"https:\/\/fmtinkunaco.ar\/index.php?rest_route=\/wp\/v2\/posts"}],"about":[{"href":"https:\/\/fmtinkunaco.ar\/index.php?rest_route=\/wp\/v2\/types\/post"}],"author":[{"embeddable":true,"href":"https:\/\/fmtinkunaco.ar\/index.php?rest_route=\/wp\/v2\/users\/1"}],"replies":[{"embeddable":true,"href":"https:\/\/fmtinkunaco.ar\/index.php?rest_route=%2Fwp%2Fv2%2Fcomments&post=3363"}],"version-history":[{"count":0,"href":"https:\/\/fmtinkunaco.ar\/index.php?rest_route=\/wp\/v2\/posts\/3363\/revisions"}],"wp:featuredmedia":[{"embeddable":true,"href":"https:\/\/fmtinkunaco.ar\/index.php?rest_route=\/"}],"wp:attachment":[{"href":"https:\/\/fmtinkunaco.ar\/index.php?rest_route=%2Fwp%2Fv2%2Fmedia&parent=3363"}],"wp:term":[{"taxonomy":"category","embeddable":true,"href":"https:\/\/fmtinkunaco.ar\/index.php?rest_route=%2Fwp%2Fv2%2Fcategories&post=3363"},{"taxonomy":"post_tag","embeddable":true,"href":"https:\/\/fmtinkunaco.ar\/index.php?rest_route=%2Fwp%2Fv2%2Ftags&post=3363"}],"curies":[{"name":"wp","href":"https:\/\/api.w.org\/{rel}","templated":true}]}}