{"id":3377,"date":"2021-04-27T10:41:57","date_gmt":"2021-04-27T13:41:57","guid":{"rendered":"http:\/\/fmtinkunaco.com.ar\/?p=3377"},"modified":"2021-04-27T10:41:57","modified_gmt":"2021-04-27T13:41:57","slug":"la-asociacion-judicial-bonaerense-en-estado-de-alerta-por-el-aumento-de-casos-positivos-de-covid-19","status":"publish","type":"post","link":"https:\/\/fmtinkunaco.ar\/?p=3377","title":{"rendered":"La Asociaci\u00f3n Judicial Bonaerense en estado de alerta por el aumento de casos positivos de COVID 19"},"content":{"rendered":"<p>La Asociaci\u00f3n Judicial Bonaerense, en los \u00faltimos d\u00edas, se declar\u00f3 en estado de alerta a ra\u00edz del significativo aumento de casos positivos de covid 19 en el poder judicial y ante la falta de medidas que restrinjan la presencialidad.<\/p>\n<p>Los trabajadores y las trabajadoras del poder judicial denuncian que, en s\u00f3lo, las tres primeras semanas de abril se registr\u00f3 un 76% m\u00e1s de casos que en el mes de marzo.<\/p>\n<p>En di\u00e1logo con el programa radial \u201cEncuentro con las Noticias\u201d, Carlos Ariel Gil, Secretario General de la Asociaci\u00f3n Bonaerense de San Mart\u00edn, se refiri\u00f3 a la situaci\u00f3n, <em>\u201cLa verdad que las \u00faltimas dos, tres semanas desde que empez\u00f3 abril los casos se multiplicaron exponencialmente, de la misma manera que se est\u00e1n multiplicando en todos lados, en la sociedad en general\u201d.<\/em><\/p>\n<p>Gil, adem\u00e1s, sostuvo que las medidas de cuidado se relajaron, <em>\u201cNosotros lo que estamos viendo con much\u00edsima preocupaci\u00f3n es que se fueron relajando las medidas de restricci\u00f3n de cantidad de personal , se fue bajando la cantidad de insumos para limpieza y la higiene personal. La Corte tuvo un relajamiento muy importante y en una situaci\u00f3n much\u00edsimo peor est\u00e1 el Ministerio P\u00fablico, ah\u00ed lo que nosotros estuvimos estudiando un poco es una cantidad de casos muy alta\u201d.<\/em><\/p>\n<p>Actualmente el Poder Judicial tiene 3 mil casos de covid positivo en trabajadores y trabajadoras, sobre una cantidad de 27 mil trabajadores.<\/p>\n<p>Frente a esta situaci\u00f3n, Carlos Gil, expuso cuales son las demandas actuales de las y los trabajadores, <em>\u201cLo que estamos pidiendo es que se disminuya, absolutamente, la presencialidad del Poder Judicial, que se reduzca a lo que era la instancia anterior al 29 de noviembre del a\u00f1o pasado donde hab\u00eda una persona por Juzgado, una persona por Dependencia y que todo el resto este haciendo teletrabajo por lo menos por 15 d\u00edas, por 21 d\u00edas para atemperar un poco la subida de casos que es muy preocupante\u201d.<\/em><\/p>\n<p>Los trabajadores y las trabajadoras esperan respuestas entre hoy y ma\u00f1ana, de otro modo son probables las acciones gremiales.<\/p>\n<p>Compartimos la entrevista completa<\/p>\n<p><a href=\"https:\/\/archive.org\/details\/audio-carlos-ariel-gil-judicieles-27-04-2021\">Descargar<\/a><\/p>\n<p>&nbsp;<\/p>\n<audio class=\"wp-audio-shortcode\" id=\"audio-3377-2\" preload=\"none\" style=\"width: 100%;\" controls=\"controls\"><source type=\"audio\/mpeg\" src=\"https:\/\/archive.org\/download\/audio-carlos-ariel-gil-judicieles-27-04-2021\/AUDIO%20-%20CARLOS%20ARIEL%20GIL%20%28JUDICIELES%29%2027%2004%202021.mp3?_=2\" \/><a href=\"https:\/\/archive.org\/download\/audio-carlos-ariel-gil-judicieles-27-04-2021\/AUDIO%20-%20CARLOS%20ARIEL%20GIL%20%28JUDICIELES%29%2027%2004%202021.mp3\">https:\/\/archive.org\/download\/audio-carlos-ariel-gil-judicieles-27-04-2021\/AUDIO%20-%20CARLOS%20ARIEL%20GIL%20%28JUDICIELES%29%2027%2004%202021.mp3<\/a><\/audio>\n<div class=\"powerpress_player\" id=\"powerpress_player_8945\"><audio class=\"wp-audio-shortcode\" id=\"audio-3377-1\" preload=\"none\" style=\"width: 100%;\" controls=\"controls\"><source type=\"audio\/mpeg\" src=\"https:\/\/archive.org\/download\/audio-carlos-ariel-gil-judicieles-27-04-2021\/AUDIO%20-%20CARLOS%20ARIEL%20GIL%20%28JUDICIELES%29%2027%2004%202021.mp3?_=1\" \/><a href=\"https:\/\/archive.org\/download\/audio-carlos-ariel-gil-judicieles-27-04-2021\/AUDIO%20-%20CARLOS%20ARIEL%20GIL%20%28JUDICIELES%29%2027%2004%202021.mp3\">https:\/\/archive.org\/download\/audio-carlos-ariel-gil-judicieles-27-04-2021\/AUDIO%20-%20CARLOS%20ARIEL%20GIL%20%28JUDICIELES%29%2027%2004%202021.mp3<\/a><\/audio><\/div><p class=\"powerpress_links powerpress_links_mp3\" style=\"margin-bottom: 1px !important;\">Podcast: <a href=\"https:\/\/archive.org\/download\/audio-carlos-ariel-gil-judicieles-27-04-2021\/AUDIO%20-%20CARLOS%20ARIEL%20GIL%20%28JUDICIELES%29%2027%2004%202021.mp3\" class=\"powerpress_link_pinw\" target=\"_blank\" title=\"Reproducir en una nueva ventana\" onclick=\"return powerpress_pinw('https:\/\/fmtinkunaco.ar\/?powerpress_pinw=3377-podcast');\" rel=\"nofollow\">Reproducir en una nueva ventana<\/a> | <a href=\"https:\/\/archive.org\/download\/audio-carlos-ariel-gil-judicieles-27-04-2021\/AUDIO%20-%20CARLOS%20ARIEL%20GIL%20%28JUDICIELES%29%2027%2004%202021.mp3\" class=\"powerpress_link_d\" title=\"Descargar\" rel=\"nofollow\" download=\"AUDIO%20-%20CARLOS%20ARIEL%20GIL%20%28JUDICIELES%29%2027%2004%202021.mp3\">Descargar<\/a><\/p>","protected":false},"excerpt":{"rendered":"<p>La Asociaci\u00f3n Judicial Bonaerense, en los \u00faltimos d\u00edas, se declar\u00f3 en estado de alerta a ra\u00edz del significativo aumento de casos positivos de covid 19 en el poder judicial y ante la falta de medidas que restrinjan la presencialidad. Los trabajadores y las trabajadoras del poder judicial denuncian que, en s\u00f3lo, las tres primeras semanas [&hellip;]<\/p>\n","protected":false},"author":1,"featured_media":3378,"comment_status":"open","ping_status":"open","sticky":false,"template":"","format":"standard","meta":{"footnotes":""},"categories":[9],"tags":[135,138,271],"class_list":["post-3377","post","type-post","status-publish","format-standard","has-post-thumbnail","hentry","category-sociedad","tag-coronavirus","tag-covid-19","tag-la-asociacion-judicial-bonaerense"],"_links":{"self":[{"href":"https:\/\/fmtinkunaco.ar\/index.php?rest_route=\/wp\/v2\/posts\/3377","targetHints":{"allow":["GET"]}}],"collection":[{"href":"https:\/\/fmtinkunaco.ar\/index.php?rest_route=\/wp\/v2\/posts"}],"about":[{"href":"https:\/\/fmtinkunaco.ar\/index.php?rest_route=\/wp\/v2\/types\/post"}],"author":[{"embeddable":true,"href":"https:\/\/fmtinkunaco.ar\/index.php?rest_route=\/wp\/v2\/users\/1"}],"replies":[{"embeddable":true,"href":"https:\/\/fmtinkunaco.ar\/index.php?rest_route=%2Fwp%2Fv2%2Fcomments&post=3377"}],"version-history":[{"count":0,"href":"https:\/\/fmtinkunaco.ar\/index.php?rest_route=\/wp\/v2\/posts\/3377\/revisions"}],"wp:featuredmedia":[{"embeddable":true,"href":"https:\/\/fmtinkunaco.ar\/index.php?rest_route=\/"}],"wp:attachment":[{"href":"https:\/\/fmtinkunaco.ar\/index.php?rest_route=%2Fwp%2Fv2%2Fmedia&parent=3377"}],"wp:term":[{"taxonomy":"category","embeddable":true,"href":"https:\/\/fmtinkunaco.ar\/index.php?rest_route=%2Fwp%2Fv2%2Fcategories&post=3377"},{"taxonomy":"post_tag","embeddable":true,"href":"https:\/\/fmtinkunaco.ar\/index.php?rest_route=%2Fwp%2Fv2%2Ftags&post=3377"}],"curies":[{"name":"wp","href":"https:\/\/api.w.org\/{rel}","templated":true}]}}