{"id":3394,"date":"2021-04-28T15:55:05","date_gmt":"2021-04-28T18:55:05","guid":{"rendered":"http:\/\/fmtinkunaco.com.ar\/?p=3394"},"modified":"2021-04-28T15:55:05","modified_gmt":"2021-04-28T18:55:05","slug":"san-miguel-la-red-de-espacios-culturales-se-acerca-a-la-ordenanza-que-los-reconoceria","status":"publish","type":"post","link":"https:\/\/fmtinkunaco.ar\/?p=3394","title":{"rendered":"San Miguel: La Red de Espacios Culturales se acerca a la Ordenanza que los reconocer\u00eda legalmente"},"content":{"rendered":"<p>La Red de Espacios Culturales del Municipio de San Miguel se encuentra, cada vez m\u00e1s cerca, de conseguir la Ordenanza Municipal que regular\u00eda el funcionamiento de los espacios culturales.<br \/>\nEsto significa que los espacios culturales existir\u00edan legalmente, bajo la figura e identidad de espacio cultural y esto permite su regulaci\u00f3n.<\/p>\n<p>En di\u00e1logo con el programa radial \u201cEncuentro con las Noticias\u201d, Sebasti\u00e1n Ricci, integrante de la Herrer\u00eda Teatro y de la Red de Espacios Culturales, y se refiri\u00f3 en principio a la situaci\u00f3n actual de la Herrer\u00eda Teatro, <em>\u201cEn este momento, la Herrer\u00eda esta parada; con algunas clases y dem\u00e1s, o lo usamos para ensayar pero el espacio est\u00e1 cerrado, por razones obvias, de manera que lo que nos tiene en movimiento es un trabajo m\u00e1s burocr\u00e1tico y administrativo aprovechando este p\u00e1rate para hacer estas cuestiones\u201d.<\/em><\/p>\n<p>Por otro lado, Sebasti\u00e1n Ricci, describi\u00f3 puntualmente cu\u00e1l es el camino que est\u00e1 recorriendo la Ordenanza presentada durante la pandemia, <em>\u201cDesde que empez\u00f3 la pandemia se arm\u00f3, ac\u00e1 en San Miguel, una red de Espacios Culturales donde con esa Red le llevamos al Intendente una serie de problemas coyunturales y otros hist\u00f3ricos. Esa primera reuni\u00f3n result\u00f3 en la construcci\u00f3n, que fue una de las propuestas, de una mesa de di\u00e1logo cultural entre los espacios independientes de San Miguel y la Subsecretaria de Cultura de San Miguel. Ese trabajo produjo una serie de cuestiones como por ejemplo una distribuci\u00f3n del dinero que bajo provincia para el catalogo cultural, una distribuci\u00f3n equitativa y buena, entre otras cosas.<\/em><br \/>\n<em> Y ahora en lo que estamos es una Ordenanza, la Ordenanza que regula el funcionamiento de los espacios culturales y estamos trabajando en eso y estamos bastante entusiasmados porque puede que salga en breve\u201d.<\/em><\/p>\n<p>Finalmente, Sebasti\u00e1n Ricci, realiz\u00f3 una convocatoria de la Red El Cono Teatral a organizaciones del territorio, \u00a0<em>\u201cEl Cono Teatral surgi\u00f3 en el 2010 con la creaci\u00f3n del consejo provincial de teatro independiente, que destinaba a cada regi\u00f3n un representante, y la nuestra fue conurbano noroeste, para la administraci\u00f3n del dinero destinado a cada \u00e1rea y para la elaboraci\u00f3n de distintas pol\u00edticas culturales. <\/em><br \/>\n<em> (\u2026) Lo que estamos haciendo ahora es darle una mayor independencia al Cono y por eso estamos convocando y abriendo aun m\u00e1s; en principio no solo para invitar a todo aquel que quiera participar sino para tener un relevo mucho m\u00e1s preciso y puntual del trabajo de los artistas y de los teatristas culturales de esta regi\u00f3n. Es como una suerte de censo que nos va a dar este relevo\u201d.<\/em><\/p>\n<p>Compartimos la entrevista completa<\/p>\n<p><a href=\"https:\/\/archive.org\/details\/audio-sebastian-ricci-herreri-a-28-04-2021\">Descargar<\/a><\/p>\n<p>&nbsp;<\/p>\n<audio class=\"wp-audio-shortcode\" id=\"audio-3394-2\" preload=\"none\" style=\"width: 100%;\" controls=\"controls\"><source type=\"audio\/mpeg\" src=\"https:\/\/archive.org\/download\/audio-sebastian-ricci-herreri-a-28-04-2021\/AUDIO%20-%20SEBASTIAN%20RICCI%20%28HERRER%C3%8DA%29%2028%2004%202021.mp3?_=2\" \/><a href=\"https:\/\/archive.org\/download\/audio-sebastian-ricci-herreri-a-28-04-2021\/AUDIO%20-%20SEBASTIAN%20RICCI%20%28HERRER%C3%8DA%29%2028%2004%202021.mp3\">https:\/\/archive.org\/download\/audio-sebastian-ricci-herreri-a-28-04-2021\/AUDIO%20-%20SEBASTIAN%20RICCI%20%28HERRER%C3%8DA%29%2028%2004%202021.mp3<\/a><\/audio>\n<div class=\"powerpress_player\" id=\"powerpress_player_8327\"><audio class=\"wp-audio-shortcode\" id=\"audio-3394-1\" preload=\"none\" style=\"width: 100%;\" controls=\"controls\"><source type=\"audio\/mpeg\" src=\"https:\/\/archive.org\/download\/audio-sebastian-ricci-herreri-a-28-04-2021\/AUDIO%20-%20SEBASTIAN%20RICCI%20%28HERRER%C3%8DA%29%2028%2004%202021.mp3?_=1\" \/><a href=\"https:\/\/archive.org\/download\/audio-sebastian-ricci-herreri-a-28-04-2021\/AUDIO%20-%20SEBASTIAN%20RICCI%20%28HERRER%C3%8DA%29%2028%2004%202021.mp3\">https:\/\/archive.org\/download\/audio-sebastian-ricci-herreri-a-28-04-2021\/AUDIO%20-%20SEBASTIAN%20RICCI%20%28HERRER%C3%8DA%29%2028%2004%202021.mp3<\/a><\/audio><\/div><p class=\"powerpress_links powerpress_links_mp3\" style=\"margin-bottom: 1px !important;\">Podcast: <a href=\"https:\/\/archive.org\/download\/audio-sebastian-ricci-herreri-a-28-04-2021\/AUDIO%20-%20SEBASTIAN%20RICCI%20%28HERRER%C3%8DA%29%2028%2004%202021.mp3\" class=\"powerpress_link_pinw\" target=\"_blank\" title=\"Reproducir en una nueva ventana\" onclick=\"return powerpress_pinw('https:\/\/fmtinkunaco.ar\/?powerpress_pinw=3394-podcast');\" rel=\"nofollow\">Reproducir en una nueva ventana<\/a> | <a href=\"https:\/\/archive.org\/download\/audio-sebastian-ricci-herreri-a-28-04-2021\/AUDIO%20-%20SEBASTIAN%20RICCI%20%28HERRER%C3%8DA%29%2028%2004%202021.mp3\" class=\"powerpress_link_d\" title=\"Descargar\" rel=\"nofollow\" download=\"AUDIO%20-%20SEBASTIAN%20RICCI%20%28HERRER%C3%8DA%29%2028%2004%202021.mp3\">Descargar<\/a><\/p>","protected":false},"excerpt":{"rendered":"<p>La Red de Espacios Culturales del Municipio de San Miguel se encuentra, cada vez m\u00e1s cerca, de conseguir la Ordenanza Municipal que regular\u00eda el funcionamiento de los espacios culturales. Esto significa que los espacios culturales existir\u00edan legalmente, bajo la figura e identidad de espacio cultural y esto permite su regulaci\u00f3n. En di\u00e1logo con el programa [&hellip;]<\/p>\n","protected":false},"author":1,"featured_media":3395,"comment_status":"open","ping_status":"open","sticky":false,"template":"","format":"standard","meta":{"footnotes":""},"categories":[3],"tags":[239,342,363],"class_list":["post-3394","post","type-post","status-publish","format-standard","has-post-thumbnail","hentry","category-cultura","tag-herreria-teatro","tag-municipio-de-san-miguel","tag-ordenanza"],"_links":{"self":[{"href":"https:\/\/fmtinkunaco.ar\/index.php?rest_route=\/wp\/v2\/posts\/3394","targetHints":{"allow":["GET"]}}],"collection":[{"href":"https:\/\/fmtinkunaco.ar\/index.php?rest_route=\/wp\/v2\/posts"}],"about":[{"href":"https:\/\/fmtinkunaco.ar\/index.php?rest_route=\/wp\/v2\/types\/post"}],"author":[{"embeddable":true,"href":"https:\/\/fmtinkunaco.ar\/index.php?rest_route=\/wp\/v2\/users\/1"}],"replies":[{"embeddable":true,"href":"https:\/\/fmtinkunaco.ar\/index.php?rest_route=%2Fwp%2Fv2%2Fcomments&post=3394"}],"version-history":[{"count":0,"href":"https:\/\/fmtinkunaco.ar\/index.php?rest_route=\/wp\/v2\/posts\/3394\/revisions"}],"wp:featuredmedia":[{"embeddable":true,"href":"https:\/\/fmtinkunaco.ar\/index.php?rest_route=\/"}],"wp:attachment":[{"href":"https:\/\/fmtinkunaco.ar\/index.php?rest_route=%2Fwp%2Fv2%2Fmedia&parent=3394"}],"wp:term":[{"taxonomy":"category","embeddable":true,"href":"https:\/\/fmtinkunaco.ar\/index.php?rest_route=%2Fwp%2Fv2%2Fcategories&post=3394"},{"taxonomy":"post_tag","embeddable":true,"href":"https:\/\/fmtinkunaco.ar\/index.php?rest_route=%2Fwp%2Fv2%2Ftags&post=3394"}],"curies":[{"name":"wp","href":"https:\/\/api.w.org\/{rel}","templated":true}]}}