{"id":3399,"date":"2021-04-28T16:44:30","date_gmt":"2021-04-28T19:44:30","guid":{"rendered":"http:\/\/fmtinkunaco.com.ar\/?p=3399"},"modified":"2021-04-28T16:44:30","modified_gmt":"2021-04-28T19:44:30","slug":"el-espacio-resurgientes-de-jose-c-paz-se-encuentra-realizando-ollas-populares","status":"publish","type":"post","link":"https:\/\/fmtinkunaco.ar\/?p=3399","title":{"rendered":"El Espacio Resurgientes de Jos\u00e9. C. Paz se encuentra realizando ollas populares"},"content":{"rendered":"<p>El Espacio Resurgientes de Jos\u00e9. C. Paz, antes Frente de Diversidad, se encuentra realizando ollas populares para la comunidad del barrio Sarmiento, los martes y jueves a partir de las 13 hs.<\/p>\n<p>En di\u00e1logo con el programa \u201cTardes Musicales\u201d, de la FM Tinkunaco, Aim\u00e9 Cardozo, referente del Espacio Resurgientes de Jos\u00e9. C. Paz, se refiri\u00f3 en principio al cambio de nombre del espacio y a las actividades principales, <em>\u201cAhora nos llamamos Resurgientes pero, anteriormente, \u00e9ramos el Frente de Diversidad de Jos\u00e9. C. Paz pero a ra\u00edz de que se empez\u00f3 a sumar gente, personas heterosexuales, le cambiamos de nombre para incluirlos tambi\u00e9n. Dentro del espacio, ahora estamos haciendo lo que es la asistencia alimentaria con las ollas populares, el merendero y el comedor a los vecinos de Jos\u00e9. C. Paz para apalear un poco lo que es el tema de la pandemia por el covid 19 y solventar un poco la emergencia alimentaria que se est\u00e1 viviendo\u201d.<\/em><\/p>\n<p>Actualmente, el espacio asiste de manera alimentaria a aproximadamente 100 personas.<\/p>\n<p>Aim\u00e9, adem\u00e1s, remarc\u00f3 que no hay un cupo limitado de viandas y cualquier vecino y vecina se puede acercar, <em>\u201cNo tenemos un cupo limitado sino que cocinamos lo que nos brinda el\u00a0 municipio y lo damos a todas las personas que vayan a retirar la vianda, digamos. No tenemos cupo, lo que hay se da y sino solicitamos m\u00e1s y hacemos un poco m\u00e1s para la pr\u00f3xima\u201d.<\/em><\/p>\n<p>Alrededor de 40 personas se encuentran llevando adelante las ollas populares para responder a la demanda de la comunidad.<\/p>\n<p>El local de Resurgientes se encuentran ubicados en barrio Parque Jard\u00edn, Maestro Sarmiento entre Joaqu\u00edn. V. Gonz\u00e1lez y Miguel Can\u00e9 y la olla popular se lleva adelante en Parque Sarmiento, los martes y jueves a partir de las 13hs.<\/p>\n<p>Compartimos la entrevista completa<\/p>\n<p><a href=\"https:\/\/archive.org\/details\/audio-aime-cardozo-resurgientes-28-04-2021\">Descargar<\/a><\/p>\n<p>&nbsp;<\/p>\n<audio class=\"wp-audio-shortcode\" id=\"audio-3399-2\" preload=\"none\" style=\"width: 100%;\" controls=\"controls\"><source type=\"audio\/mpeg\" src=\"https:\/\/archive.org\/download\/audio-aime-cardozo-resurgientes-28-04-2021\/AUDIO%20-%20AIME%20CARDOZO%20%28RESURGIENTES%29%2028%2004%202021.mp3?_=2\" \/><a href=\"https:\/\/archive.org\/download\/audio-aime-cardozo-resurgientes-28-04-2021\/AUDIO%20-%20AIME%20CARDOZO%20%28RESURGIENTES%29%2028%2004%202021.mp3\">https:\/\/archive.org\/download\/audio-aime-cardozo-resurgientes-28-04-2021\/AUDIO%20-%20AIME%20CARDOZO%20%28RESURGIENTES%29%2028%2004%202021.mp3<\/a><\/audio>\n<div class=\"powerpress_player\" id=\"powerpress_player_5631\"><audio class=\"wp-audio-shortcode\" id=\"audio-3399-1\" preload=\"none\" style=\"width: 100%;\" controls=\"controls\"><source type=\"audio\/mpeg\" src=\"https:\/\/archive.org\/download\/audio-aime-cardozo-resurgientes-28-04-2021\/AUDIO%20-%20AIME%20CARDOZO%20%28RESURGIENTES%29%2028%2004%202021.mp3?_=1\" \/><a href=\"https:\/\/archive.org\/download\/audio-aime-cardozo-resurgientes-28-04-2021\/AUDIO%20-%20AIME%20CARDOZO%20%28RESURGIENTES%29%2028%2004%202021.mp3\">https:\/\/archive.org\/download\/audio-aime-cardozo-resurgientes-28-04-2021\/AUDIO%20-%20AIME%20CARDOZO%20%28RESURGIENTES%29%2028%2004%202021.mp3<\/a><\/audio><\/div><p class=\"powerpress_links powerpress_links_mp3\" style=\"margin-bottom: 1px !important;\">Podcast: <a href=\"https:\/\/archive.org\/download\/audio-aime-cardozo-resurgientes-28-04-2021\/AUDIO%20-%20AIME%20CARDOZO%20%28RESURGIENTES%29%2028%2004%202021.mp3\" class=\"powerpress_link_pinw\" target=\"_blank\" title=\"Reproducir en una nueva ventana\" onclick=\"return powerpress_pinw('https:\/\/fmtinkunaco.ar\/?powerpress_pinw=3399-podcast');\" rel=\"nofollow\">Reproducir en una nueva ventana<\/a> | <a href=\"https:\/\/archive.org\/download\/audio-aime-cardozo-resurgientes-28-04-2021\/AUDIO%20-%20AIME%20CARDOZO%20%28RESURGIENTES%29%2028%2004%202021.mp3\" class=\"powerpress_link_d\" title=\"Descargar\" rel=\"nofollow\" download=\"AUDIO%20-%20AIME%20CARDOZO%20%28RESURGIENTES%29%2028%2004%202021.mp3\">Descargar<\/a><\/p>","protected":false},"excerpt":{"rendered":"<p>El Espacio Resurgientes de Jos\u00e9. C. Paz, antes Frente de Diversidad, se encuentra realizando ollas populares para la comunidad del barrio Sarmiento, los martes y jueves a partir de las 13 hs. En di\u00e1logo con el programa \u201cTardes Musicales\u201d, de la FM Tinkunaco, Aim\u00e9 Cardozo, referente del Espacio Resurgientes de Jos\u00e9. C. Paz, se refiri\u00f3 [&hellip;]<\/p>\n","protected":false},"author":1,"featured_media":3400,"comment_status":"open","ping_status":"open","sticky":false,"template":"","format":"standard","meta":{"footnotes":""},"categories":[9],"tags":[337,434],"class_list":["post-3399","post","type-post","status-publish","format-standard","has-post-thumbnail","hentry","category-sociedad","tag-municipio-de-jose-c-paz","tag-resurgientes"],"_links":{"self":[{"href":"https:\/\/fmtinkunaco.ar\/index.php?rest_route=\/wp\/v2\/posts\/3399","targetHints":{"allow":["GET"]}}],"collection":[{"href":"https:\/\/fmtinkunaco.ar\/index.php?rest_route=\/wp\/v2\/posts"}],"about":[{"href":"https:\/\/fmtinkunaco.ar\/index.php?rest_route=\/wp\/v2\/types\/post"}],"author":[{"embeddable":true,"href":"https:\/\/fmtinkunaco.ar\/index.php?rest_route=\/wp\/v2\/users\/1"}],"replies":[{"embeddable":true,"href":"https:\/\/fmtinkunaco.ar\/index.php?rest_route=%2Fwp%2Fv2%2Fcomments&post=3399"}],"version-history":[{"count":0,"href":"https:\/\/fmtinkunaco.ar\/index.php?rest_route=\/wp\/v2\/posts\/3399\/revisions"}],"wp:featuredmedia":[{"embeddable":true,"href":"https:\/\/fmtinkunaco.ar\/index.php?rest_route=\/"}],"wp:attachment":[{"href":"https:\/\/fmtinkunaco.ar\/index.php?rest_route=%2Fwp%2Fv2%2Fmedia&parent=3399"}],"wp:term":[{"taxonomy":"category","embeddable":true,"href":"https:\/\/fmtinkunaco.ar\/index.php?rest_route=%2Fwp%2Fv2%2Fcategories&post=3399"},{"taxonomy":"post_tag","embeddable":true,"href":"https:\/\/fmtinkunaco.ar\/index.php?rest_route=%2Fwp%2Fv2%2Ftags&post=3399"}],"curies":[{"name":"wp","href":"https:\/\/api.w.org\/{rel}","templated":true}]}}