{"id":3402,"date":"2021-04-29T10:59:59","date_gmt":"2021-04-29T13:59:59","guid":{"rendered":"http:\/\/fmtinkunaco.com.ar\/?p=3402"},"modified":"2021-04-29T10:59:59","modified_gmt":"2021-04-29T13:59:59","slug":"caro-arias-artista-de-la-localidad-de-muniz-estrena-sesiones-en-el-estudio","status":"publish","type":"post","link":"https:\/\/fmtinkunaco.ar\/?p=3402","title":{"rendered":"Caro Arias, artista de la localidad de Mu\u00f1iz, estrena \u201cSesiones en el estudio\u201d"},"content":{"rendered":"<p>Caro Arias, es una artista de Folklore de la localidad de Mu\u00f1iz que, en el d\u00eda de hoy a las 20.30hs, estrenar\u00e1 su primer streaming a trav\u00e9s de su canal de YouTube.<\/p>\n<p>El formato de la propuesta \u00a0es ac\u00fastico y se encontrar\u00e1 acompa\u00f1ada por Nicol\u00e1s Galarza en percusi\u00f3n y Antonio Gonz\u00e1lez en guitarra.<\/p>\n<p>La sesi\u00f3n fue enteramente producida y grabada en el estudio \u201cLa Fragua\u201d (Bella Vista).<\/p>\n<p>En di\u00e1logo con el programa radial \u201cEncuentro con las Noticias\u201d, Caro Arias, describi\u00f3 el proceso de trabajo, <em>\u201cEl a\u00f1o pasado nos agarr\u00f3 mal parados a todos, en mi caso particular y con mis compa\u00f1eros tambi\u00e9n nos apabullo un poco, no supimos qu\u00e9 hacer y cuando paso lo peor, digamos todo el invierno y ya los \u00e1nimos eran diferentes, ya hab\u00eda una perspectiva de poder hacer algo decidimos reunirnos y ver qu\u00e9 pod\u00edamos hacer y como la presencialidad todav\u00eda estaba muy incierta dijimos bueno, hagamos algo en estudio y ah\u00ed surge la idea\u201d.<\/em><\/p>\n<p>Caro Arias, tambi\u00e9n, remarc\u00f3 <em>\u201cS\u00ed bien es algo en estudio, no es algo que se haya grabado y editado y se haya tomado un largo tiempo en hacer ese trabajo, sino que lo que apostamos fue m\u00e1s que nada rescatar esa espontaneidad que por ah\u00ed se perdi\u00f3 desde que no pod\u00edamos compartir la presencialidad. As\u00ed que lo que tratamos de hacer es una sesi\u00f3n en estudio, que en este caso fue una tarde, nos fuimos a La Fragua, pusimos play y a grabar. (\u2026) Tratamos de que quede ese esp\u00edritu de lo espontaneo, de no tener todo tan preparado y tan editado que a veces sucede con las cosas grabadas en estudio. Si no que sea lo m\u00e1s fresco posible, lo m\u00e1s autentico posible y bueno despu\u00e9s si obviamente hubo una edici\u00f3n pero para agregarle al tema de lo audiovisual\u201d.<\/em><\/p>\n<p>Caro Arias viene desarrollando su carrera musical desde el a\u00f1o 2014, con diversas presentaciones en cert\u00e1menes de folklore y en escenarios locales, sobre todo en pe\u00f1as y teatros. Particip\u00f3 del festival \u201cTrabajadoras de la cultura\u201d del Teatro La Herrer\u00eda (San Miguel) en 2019. En otros \u00e1mbitos art\u00edsticos, se dedic\u00f3 a la danza (folklore y tango) entre los a\u00f1os 2002 y 2014; y tiene publicados tres libros de narrativa.<\/p>\n<p>Finalmente, la Artista Arias, se refiri\u00f3 al repertorio que recorrer\u00e1 esta noche, <em>\u201cSon siete canciones, (\u2026) lo que vamos a haber es pasar por un repertorio de folklore de nuestro pa\u00eds, tenemos alguna incursi\u00f3n en folklore latinoamericano que lo amo y siempre voy rescatando algunas perlitas que me encantan y me gusta compartirlas. As\u00ed que vamos a tener una versi\u00f3n muy linda, para m\u00ed, novedosa de la Flor De La Canela. (\u2026) Y despu\u00e9s canciones de Atahualpa Yupanqui, que tambi\u00e9n es un gran referente para m\u00ed y otras canciones que he ido rescatando por ah\u00ed\u201d.<\/em><\/p>\n<p>La invitaci\u00f3n es hoy, a partir de las 20.30 hs a trav\u00e9s de su canal de Youtube: Caro Arias <a href=\"https:\/\/youtube.com\/channel\/UCx0N2SQwr5OV6TZ8dkL16Qw\">https:\/\/youtube.com\/channel\/UCx0N2SQwr5OV6TZ8dkL16Qw<\/a>.<\/p>\n<p>Compartimos la entrevista completa<\/p>\n<p><a href=\"https:\/\/archive.org\/details\/audio-carolina-arias-29-04-2021\">Descargar<\/a><\/p>\n<p>&nbsp;<\/p>\n<audio class=\"wp-audio-shortcode\" id=\"audio-3402-2\" preload=\"none\" style=\"width: 100%;\" controls=\"controls\"><source type=\"audio\/mpeg\" src=\"https:\/\/archive.org\/download\/audio-carolina-arias-29-04-2021\/AUDIO%20-%20CAROLINA%20ARIAS%2029%2004%202021.mp3?_=2\" \/><a href=\"https:\/\/archive.org\/download\/audio-carolina-arias-29-04-2021\/AUDIO%20-%20CAROLINA%20ARIAS%2029%2004%202021.mp3\">https:\/\/archive.org\/download\/audio-carolina-arias-29-04-2021\/AUDIO%20-%20CAROLINA%20ARIAS%2029%2004%202021.mp3<\/a><\/audio>\n<div class=\"powerpress_player\" id=\"powerpress_player_7067\"><audio class=\"wp-audio-shortcode\" id=\"audio-3402-1\" preload=\"none\" style=\"width: 100%;\" controls=\"controls\"><source type=\"audio\/mpeg\" src=\"https:\/\/archive.org\/download\/audio-carolina-arias-29-04-2021\/AUDIO%20-%20CAROLINA%20ARIAS%2029%2004%202021.mp3?_=1\" \/><a href=\"https:\/\/archive.org\/download\/audio-carolina-arias-29-04-2021\/AUDIO%20-%20CAROLINA%20ARIAS%2029%2004%202021.mp3\">https:\/\/archive.org\/download\/audio-carolina-arias-29-04-2021\/AUDIO%20-%20CAROLINA%20ARIAS%2029%2004%202021.mp3<\/a><\/audio><\/div><p class=\"powerpress_links powerpress_links_mp3\" style=\"margin-bottom: 1px !important;\">Podcast: <a href=\"https:\/\/archive.org\/download\/audio-carolina-arias-29-04-2021\/AUDIO%20-%20CAROLINA%20ARIAS%2029%2004%202021.mp3\" class=\"powerpress_link_pinw\" target=\"_blank\" title=\"Reproducir en una nueva ventana\" onclick=\"return powerpress_pinw('https:\/\/fmtinkunaco.ar\/?powerpress_pinw=3402-podcast');\" rel=\"nofollow\">Reproducir en una nueva ventana<\/a> | <a href=\"https:\/\/archive.org\/download\/audio-carolina-arias-29-04-2021\/AUDIO%20-%20CAROLINA%20ARIAS%2029%2004%202021.mp3\" class=\"powerpress_link_d\" title=\"Descargar\" rel=\"nofollow\" download=\"AUDIO%20-%20CAROLINA%20ARIAS%2029%2004%202021.mp3\">Descargar<\/a><\/p>","protected":false},"excerpt":{"rendered":"<p>Caro Arias, es una artista de Folklore de la localidad de Mu\u00f1iz que, en el d\u00eda de hoy a las 20.30hs, estrenar\u00e1 su primer streaming a trav\u00e9s de su canal de YouTube. El formato de la propuesta \u00a0es ac\u00fastico y se encontrar\u00e1 acompa\u00f1ada por Nicol\u00e1s Galarza en percusi\u00f3n y Antonio Gonz\u00e1lez en guitarra. La sesi\u00f3n [&hellip;]<\/p>\n","protected":false},"author":1,"featured_media":3403,"comment_status":"open","ping_status":"open","sticky":false,"template":"","format":"standard","meta":{"footnotes":""},"categories":[3],"tags":[86,143,345,347,445],"class_list":["post-3402","post","type-post","status-publish","format-standard","has-post-thumbnail","hentry","category-cultura","tag-caro-arias","tag-cultura","tag-muniz","tag-musica","tag-san-miguel"],"_links":{"self":[{"href":"https:\/\/fmtinkunaco.ar\/index.php?rest_route=\/wp\/v2\/posts\/3402","targetHints":{"allow":["GET"]}}],"collection":[{"href":"https:\/\/fmtinkunaco.ar\/index.php?rest_route=\/wp\/v2\/posts"}],"about":[{"href":"https:\/\/fmtinkunaco.ar\/index.php?rest_route=\/wp\/v2\/types\/post"}],"author":[{"embeddable":true,"href":"https:\/\/fmtinkunaco.ar\/index.php?rest_route=\/wp\/v2\/users\/1"}],"replies":[{"embeddable":true,"href":"https:\/\/fmtinkunaco.ar\/index.php?rest_route=%2Fwp%2Fv2%2Fcomments&post=3402"}],"version-history":[{"count":0,"href":"https:\/\/fmtinkunaco.ar\/index.php?rest_route=\/wp\/v2\/posts\/3402\/revisions"}],"wp:featuredmedia":[{"embeddable":true,"href":"https:\/\/fmtinkunaco.ar\/index.php?rest_route=\/"}],"wp:attachment":[{"href":"https:\/\/fmtinkunaco.ar\/index.php?rest_route=%2Fwp%2Fv2%2Fmedia&parent=3402"}],"wp:term":[{"taxonomy":"category","embeddable":true,"href":"https:\/\/fmtinkunaco.ar\/index.php?rest_route=%2Fwp%2Fv2%2Fcategories&post=3402"},{"taxonomy":"post_tag","embeddable":true,"href":"https:\/\/fmtinkunaco.ar\/index.php?rest_route=%2Fwp%2Fv2%2Ftags&post=3402"}],"curies":[{"name":"wp","href":"https:\/\/api.w.org\/{rel}","templated":true}]}}