{"id":3406,"date":"2021-04-30T10:57:19","date_gmt":"2021-04-30T13:57:19","guid":{"rendered":"http:\/\/fmtinkunaco.com.ar\/?p=3406"},"modified":"2021-04-30T10:57:19","modified_gmt":"2021-04-30T13:57:19","slug":"estudiantes-de-actuacion-del-teatro-leopoldo-marechal-de-ituzaingo-denuncian-el-cierre-de-la-tecnicatura","status":"publish","type":"post","link":"https:\/\/fmtinkunaco.ar\/?p=3406","title":{"rendered":"Estudiantes de Actuaci\u00f3n del Teatro Leopoldo Marechal, de Ituzaing\u00f3, denuncian el cierre de la Tecnicatura"},"content":{"rendered":"<p>En el a\u00f1o 2010 comenzaba la primera camada de estudiantes a estudiar en el Instituto Municipal Leopoldo Marechal de Ituzaing\u00f3.<br \/>\nEste a\u00f1o, a 11 a\u00f1os de su apertura, se les comunic\u00f3 a los alumnos y alumnas \u00a0a trav\u00e9s de una reuni\u00f3n de Zoom con la directora del instituto, que la Tecnicatura en Actuaci\u00f3n iba a ser cerrada.<\/p>\n<p>En di\u00e1logo con el programa radial \u201cEncuentro con las Noticias\u201d, Jesica Farfaglia, integrante de la tecnicatura, se refiri\u00f3 a la comunicaci\u00f3n con la directora, <em>\u201cNosotros este a\u00f1o nos enteramos, unos d\u00edas antes de empezar la cursada que no se iban a abrir las inscripciones al FOBA que es la formaci\u00f3n b\u00e1sica y, unos d\u00edas despu\u00e9s, la directora del Leopoldo Marechal nos comenta v\u00eda zoom que esto era as\u00ed, que era cierto y que no se iban a abrir hasta julio, m\u00e1s o menos, porque hab\u00eda una propuesta de estudio nuevo, superadora supuestamente, entonces todos nos quedamos sorprendidos y luego de esto que nos enteramos, se propuso ya que era una propuesta superadora una prouesta de un profesorado que es algo que se viene pidiendo hace unos a\u00f1os. Y tuvimos una respuesta negativa de la secretaria del Intendente de Ituzaing\u00f3\u201d.<\/em><\/p>\n<p>Farfaglia, adem\u00e1s, remarc\u00f3 <em>\u201cNo se sabe qu\u00e9 es lo que se quiere poner, la Tecnicatura se cierra efectivamente. Se va a abrir otra cosa que no se sabe qu\u00e9 es, no tenemos esa informaci\u00f3n, no hay informaci\u00f3n oficial, nadie nos viene a contar qu\u00e9 va a pasar, todo eso de parte de la directora a trav\u00e9s de un zoom pero no tenemos nada certero\u201d.<\/em><\/p>\n<p>Finalmente, J\u00e9sica Farfaglia, afirm\u00f3,<em> \u201cNosotros lo que exigimos es algo oficial, una firma, un rostro, un papel, un documento donde se diga bueno estas van a ser las nuevas condiciones, etc. A nosotros nos aseguran, esto entre muchas comillas, que vamos a poder terminar nuestra carrera, nosotros que somos el \u00faltimo a\u00f1o, los de segundo y los de primero pero todo esto queda en palabras. Nosotros queremos algo que nos asegure, de manera oficial, que esto va a ser as\u00ed y qu\u00e9 nos digan el por qu\u00e9 de este motivo de cierre\u201d.<\/em><\/p>\n<p>Compartimos la entrevista completa<\/p>\n<p><a href=\"https:\/\/archive.org\/details\/audio-jesica-farfaglia-30-04-2021\">Descargar<\/a><\/p>\n<p>&nbsp;<\/p>\n<audio class=\"wp-audio-shortcode\" id=\"audio-3406-2\" preload=\"none\" style=\"width: 100%;\" controls=\"controls\"><source type=\"audio\/mpeg\" src=\"https:\/\/archive.org\/download\/audio-jesica-farfaglia-30-04-2021\/AUDIO%20-%20JESICA%20FARFAGLIA%2030%2004%202021.mp3?_=2\" \/><a href=\"https:\/\/archive.org\/download\/audio-jesica-farfaglia-30-04-2021\/AUDIO%20-%20JESICA%20FARFAGLIA%2030%2004%202021.mp3\">https:\/\/archive.org\/download\/audio-jesica-farfaglia-30-04-2021\/AUDIO%20-%20JESICA%20FARFAGLIA%2030%2004%202021.mp3<\/a><\/audio>\n<div class=\"powerpress_player\" id=\"powerpress_player_9964\"><audio class=\"wp-audio-shortcode\" id=\"audio-3406-1\" preload=\"none\" style=\"width: 100%;\" controls=\"controls\"><source type=\"audio\/mpeg\" src=\"https:\/\/archive.org\/download\/audio-jesica-farfaglia-30-04-2021\/AUDIO%20-%20JESICA%20FARFAGLIA%2030%2004%202021.mp3?_=1\" \/><a href=\"https:\/\/archive.org\/download\/audio-jesica-farfaglia-30-04-2021\/AUDIO%20-%20JESICA%20FARFAGLIA%2030%2004%202021.mp3\">https:\/\/archive.org\/download\/audio-jesica-farfaglia-30-04-2021\/AUDIO%20-%20JESICA%20FARFAGLIA%2030%2004%202021.mp3<\/a><\/audio><\/div><p class=\"powerpress_links powerpress_links_mp3\" style=\"margin-bottom: 1px !important;\">Podcast: <a href=\"https:\/\/archive.org\/download\/audio-jesica-farfaglia-30-04-2021\/AUDIO%20-%20JESICA%20FARFAGLIA%2030%2004%202021.mp3\" class=\"powerpress_link_pinw\" target=\"_blank\" title=\"Reproducir en una nueva ventana\" onclick=\"return powerpress_pinw('https:\/\/fmtinkunaco.ar\/?powerpress_pinw=3406-podcast');\" rel=\"nofollow\">Reproducir en una nueva ventana<\/a> | <a href=\"https:\/\/archive.org\/download\/audio-jesica-farfaglia-30-04-2021\/AUDIO%20-%20JESICA%20FARFAGLIA%2030%2004%202021.mp3\" class=\"powerpress_link_d\" title=\"Descargar\" rel=\"nofollow\" download=\"AUDIO%20-%20JESICA%20FARFAGLIA%2030%2004%202021.mp3\">Descargar<\/a><\/p>","protected":false},"excerpt":{"rendered":"<p>En el a\u00f1o 2010 comenzaba la primera camada de estudiantes a estudiar en el Instituto Municipal Leopoldo Marechal de Ituzaing\u00f3. Este a\u00f1o, a 11 a\u00f1os de su apertura, se les comunic\u00f3 a los alumnos y alumnas \u00a0a trav\u00e9s de una reuni\u00f3n de Zoom con la directora del instituto, que la Tecnicatura en Actuaci\u00f3n iba a [&hellip;]<\/p>\n","protected":false},"author":1,"featured_media":3407,"comment_status":"open","ping_status":"open","sticky":false,"template":"","format":"standard","meta":{"footnotes":""},"categories":[3],"tags":[],"class_list":["post-3406","post","type-post","status-publish","format-standard","has-post-thumbnail","hentry","category-cultura"],"_links":{"self":[{"href":"https:\/\/fmtinkunaco.ar\/index.php?rest_route=\/wp\/v2\/posts\/3406","targetHints":{"allow":["GET"]}}],"collection":[{"href":"https:\/\/fmtinkunaco.ar\/index.php?rest_route=\/wp\/v2\/posts"}],"about":[{"href":"https:\/\/fmtinkunaco.ar\/index.php?rest_route=\/wp\/v2\/types\/post"}],"author":[{"embeddable":true,"href":"https:\/\/fmtinkunaco.ar\/index.php?rest_route=\/wp\/v2\/users\/1"}],"replies":[{"embeddable":true,"href":"https:\/\/fmtinkunaco.ar\/index.php?rest_route=%2Fwp%2Fv2%2Fcomments&post=3406"}],"version-history":[{"count":0,"href":"https:\/\/fmtinkunaco.ar\/index.php?rest_route=\/wp\/v2\/posts\/3406\/revisions"}],"wp:featuredmedia":[{"embeddable":true,"href":"https:\/\/fmtinkunaco.ar\/index.php?rest_route=\/"}],"wp:attachment":[{"href":"https:\/\/fmtinkunaco.ar\/index.php?rest_route=%2Fwp%2Fv2%2Fmedia&parent=3406"}],"wp:term":[{"taxonomy":"category","embeddable":true,"href":"https:\/\/fmtinkunaco.ar\/index.php?rest_route=%2Fwp%2Fv2%2Fcategories&post=3406"},{"taxonomy":"post_tag","embeddable":true,"href":"https:\/\/fmtinkunaco.ar\/index.php?rest_route=%2Fwp%2Fv2%2Ftags&post=3406"}],"curies":[{"name":"wp","href":"https:\/\/api.w.org\/{rel}","templated":true}]}}