{"id":3413,"date":"2021-05-04T09:44:22","date_gmt":"2021-05-04T12:44:22","guid":{"rendered":"http:\/\/fmtinkunaco.com.ar\/?p=3413"},"modified":"2021-05-04T09:44:22","modified_gmt":"2021-05-04T12:44:22","slug":"tgd-padres-tea-pilar-cerro-el-mes-de-concientizacion-del-autismo-con-la-realizacion-de-un-mural","status":"publish","type":"post","link":"https:\/\/fmtinkunaco.ar\/?p=3413","title":{"rendered":"TGD Padres TEA Pilar cerr\u00f3 el mes de concientizaci\u00f3n del autismo con la realizaci\u00f3n de un mural"},"content":{"rendered":"<p>Como parte de las actividades planificadas en el marco del 2 de abril, D\u00eda Mundial de Concientizaci\u00f3n del Autismo, y dando cierre al mes de actividades, TGD Padres TEA Pilar \u2013 Red Federal realiz\u00f3 un mural, respetando las normas de distanciamiento social, y organizados por tus turnos.<\/p>\n<p>De la jornada inclusiva, participaron alrededor de 20 personas desde los 2 a los 93 a\u00f1os.<\/p>\n<p>En di\u00e1logo con el programa radial \u201cEncuentro con las Noticias\u201d, Guillermina Guevara, integrante de TEA Pilar, describi\u00f3 la felicidad por la jornada, <em>\u201cEstamos muy felices porque este \u00faltimo fin de semana pudimos llevar adelante un proyecto que hace rato lo ven\u00edamos so\u00f1ando, que es la realizaci\u00f3n de un mural. Es otra forma m\u00e1s de poder intervenir colectivamente hacia dentro de nuestra comunidad pilarense para sensibilizar y llevar un mensaje de inclusi\u00f3n\u201d.<\/em><\/p>\n<p>Guevara, adem\u00e1s, remarc\u00f3 <em>\u201cEstamos muy felices con todo lo que implic\u00f3 la hornada, con la organizaci\u00f3n, lo pudimos hacer tambi\u00e9n respetando todos los protocolos y el trabajo por turnos para poder cumplir con las medidas sanitarias que este contexto, en particular, nos propone. Todas las personas que participaron se fueron felices, recibimos muestras de cari\u00f1o de toda la comunidad que pasaba, que se saca fotos, que se interesaba, por ah\u00ed paraba un minuto para preguntar cu\u00e1l era el mensaje del mural\u201d.<\/em><\/p>\n<p>Finalmente, Ludmila, tambi\u00e9n integrante de TEA Pilar, repas\u00f3 las actividades que culminaron en el mural, \u201cEste a\u00f1o, el 2 de abril fue distinto a otros, nos convocamos en la plaza de Pilar pero por el tema de la pandemia fuimos muy poquitas familias para respetar los protocolos; hicimos una volanteada en la plaza y en los sem\u00e1foros de las esquinas, nuestro mayor medio para visibilizar y concientizar fueron las redes; hicimos videos y flyers. Todos los viernes de abril hubo charlas con profesionales. Como cierre ten\u00edamos planeado hacer un mural que lo pudimos concretar este domingo en una pared que donaron unos abuelos de una familia de nuestra red, muy agradecidos con ellos y contentos por el resultado de nuestro mural en Pilar\u201d.<\/p>\n<p>Compartimos el testimonio de Guillermina Guevara<\/p>\n<p><a href=\"https:\/\/archive.org\/details\/audio-01-guillermina-guevara-tea-pilar-04-05-2021\">Descargar<\/a><\/p>\n<audio class=\"wp-audio-shortcode\" id=\"audio-3413-2\" preload=\"none\" style=\"width: 100%;\" controls=\"controls\"><source type=\"audio\/mpeg\" src=\"https:\/\/archive.org\/download\/audio-01-guillermina-guevara-tea-pilar-04-05-2021\/AUDIO%2001%20-%20GUILLERMINA%20GUEVARA%20%28TEA%20PILAR%29%2004%2005%202021.mp3?_=2\" \/><a href=\"https:\/\/archive.org\/download\/audio-01-guillermina-guevara-tea-pilar-04-05-2021\/AUDIO%2001%20-%20GUILLERMINA%20GUEVARA%20%28TEA%20PILAR%29%2004%2005%202021.mp3\">https:\/\/archive.org\/download\/audio-01-guillermina-guevara-tea-pilar-04-05-2021\/AUDIO%2001%20-%20GUILLERMINA%20GUEVARA%20%28TEA%20PILAR%29%2004%2005%202021.mp3<\/a><\/audio>\n<p>&nbsp;<\/p>\n<p>Compartimos el testimonio de Ludmila<\/p>\n<p><a href=\"https:\/\/archive.org\/details\/audio-02-ludmila-04-05-2021\">Descargar<\/a><\/p>\n<audio class=\"wp-audio-shortcode\" id=\"audio-3413-3\" preload=\"none\" style=\"width: 100%;\" controls=\"controls\"><source type=\"audio\/mpeg\" src=\"https:\/\/archive.org\/download\/audio-02-ludmila-04-05-2021\/AUDIO%2002%20-%20LUDMILA%2004%2005%202021.mp3?_=3\" \/><a href=\"https:\/\/archive.org\/download\/audio-02-ludmila-04-05-2021\/AUDIO%2002%20-%20LUDMILA%2004%2005%202021.mp3\">https:\/\/archive.org\/download\/audio-02-ludmila-04-05-2021\/AUDIO%2002%20-%20LUDMILA%2004%2005%202021.mp3<\/a><\/audio>\n<p>&nbsp;<\/p>\n<div class=\"powerpress_player\" id=\"powerpress_player_1926\"><audio class=\"wp-audio-shortcode\" id=\"audio-3413-1\" preload=\"none\" style=\"width: 100%;\" controls=\"controls\"><source type=\"audio\/mpeg\" src=\"https:\/\/archive.org\/download\/audio-01-guillermina-guevara-tea-pilar-04-05-2021\/AUDIO%2001%20-%20GUILLERMINA%20GUEVARA%20%28TEA%20PILAR%29%2004%2005%202021.mp3?_=1\" \/><a href=\"https:\/\/archive.org\/download\/audio-01-guillermina-guevara-tea-pilar-04-05-2021\/AUDIO%2001%20-%20GUILLERMINA%20GUEVARA%20%28TEA%20PILAR%29%2004%2005%202021.mp3\">https:\/\/archive.org\/download\/audio-01-guillermina-guevara-tea-pilar-04-05-2021\/AUDIO%2001%20-%20GUILLERMINA%20GUEVARA%20%28TEA%20PILAR%29%2004%2005%202021.mp3<\/a><\/audio><\/div><p class=\"powerpress_links powerpress_links_mp3\" style=\"margin-bottom: 1px !important;\">Podcast: <a href=\"https:\/\/archive.org\/download\/audio-01-guillermina-guevara-tea-pilar-04-05-2021\/AUDIO%2001%20-%20GUILLERMINA%20GUEVARA%20%28TEA%20PILAR%29%2004%2005%202021.mp3\" class=\"powerpress_link_pinw\" target=\"_blank\" title=\"Reproducir en una nueva ventana\" onclick=\"return powerpress_pinw('https:\/\/fmtinkunaco.ar\/?powerpress_pinw=3413-podcast');\" rel=\"nofollow\">Reproducir en una nueva ventana<\/a> | <a href=\"https:\/\/archive.org\/download\/audio-01-guillermina-guevara-tea-pilar-04-05-2021\/AUDIO%2001%20-%20GUILLERMINA%20GUEVARA%20%28TEA%20PILAR%29%2004%2005%202021.mp3\" class=\"powerpress_link_d\" title=\"Descargar\" rel=\"nofollow\" download=\"AUDIO%2001%20-%20GUILLERMINA%20GUEVARA%20%28TEA%20PILAR%29%2004%2005%202021.mp3\">Descargar<\/a><\/p>","protected":false},"excerpt":{"rendered":"<p>Como parte de las actividades planificadas en el marco del 2 de abril, D\u00eda Mundial de Concientizaci\u00f3n del Autismo, y dando cierre al mes de actividades, TGD Padres TEA Pilar \u2013 Red Federal realiz\u00f3 un mural, respetando las normas de distanciamiento social, y organizados por tus turnos. De la jornada inclusiva, participaron alrededor de 20 [&hellip;]<\/p>\n","protected":false},"author":1,"featured_media":3414,"comment_status":"open","ping_status":"open","sticky":false,"template":"","format":"standard","meta":{"footnotes":""},"categories":[4,9],"tags":[340,476],"class_list":["post-3413","post","type-post","status-publish","format-standard","has-post-thumbnail","hentry","category-derechos-humanos","category-sociedad","tag-municipio-de-pilar","tag-tgd-padres-tea-pilar"],"_links":{"self":[{"href":"https:\/\/fmtinkunaco.ar\/index.php?rest_route=\/wp\/v2\/posts\/3413","targetHints":{"allow":["GET"]}}],"collection":[{"href":"https:\/\/fmtinkunaco.ar\/index.php?rest_route=\/wp\/v2\/posts"}],"about":[{"href":"https:\/\/fmtinkunaco.ar\/index.php?rest_route=\/wp\/v2\/types\/post"}],"author":[{"embeddable":true,"href":"https:\/\/fmtinkunaco.ar\/index.php?rest_route=\/wp\/v2\/users\/1"}],"replies":[{"embeddable":true,"href":"https:\/\/fmtinkunaco.ar\/index.php?rest_route=%2Fwp%2Fv2%2Fcomments&post=3413"}],"version-history":[{"count":0,"href":"https:\/\/fmtinkunaco.ar\/index.php?rest_route=\/wp\/v2\/posts\/3413\/revisions"}],"wp:featuredmedia":[{"embeddable":true,"href":"https:\/\/fmtinkunaco.ar\/index.php?rest_route=\/"}],"wp:attachment":[{"href":"https:\/\/fmtinkunaco.ar\/index.php?rest_route=%2Fwp%2Fv2%2Fmedia&parent=3413"}],"wp:term":[{"taxonomy":"category","embeddable":true,"href":"https:\/\/fmtinkunaco.ar\/index.php?rest_route=%2Fwp%2Fv2%2Fcategories&post=3413"},{"taxonomy":"post_tag","embeddable":true,"href":"https:\/\/fmtinkunaco.ar\/index.php?rest_route=%2Fwp%2Fv2%2Ftags&post=3413"}],"curies":[{"name":"wp","href":"https:\/\/api.w.org\/{rel}","templated":true}]}}