{"id":3420,"date":"2021-05-05T10:56:42","date_gmt":"2021-05-05T13:56:42","guid":{"rendered":"http:\/\/fmtinkunaco.com.ar\/?p=3420"},"modified":"2021-05-05T10:56:42","modified_gmt":"2021-05-05T13:56:42","slug":"alma-gama-se-presenta-via-streaming-en-el-centro-cultural-marechal-de-hurlingham","status":"publish","type":"post","link":"https:\/\/fmtinkunaco.ar\/?p=3420","title":{"rendered":"Alma Gama se presenta, v\u00eda streaming, en el Centro Cultural Marechal de Hurlingham"},"content":{"rendered":"<p>Alma Gama, banda de Bella Vista, es una propuesta musical que recorre desde el folklore hasta el rock latinoamericano.<\/p>\n<p>Con a\u00f1os de trayectoria y una transformaci\u00f3n constante, se presentar\u00e1 el pr\u00f3ximo s\u00e1bado 8 de mayo, a trav\u00e9s de un streaming, desde en el Centro Cultural Marechal de Hurlingham a partir de las 20hs.<\/p>\n<p>En di\u00e1logo con el programa radial \u201cEncuentro con las Noticias\u201d, Claudio Gabis, cantante de Alma Gama, se refiri\u00f3 a las consecuencias de la pandemia en el \u00e1rea del arte, <em>\u201cEl sector del arte, sino el m\u00e1s golpeado, uno de los m\u00e1s golpeados, digamos como oficio. Yo por suerte no tengo mis ingresos a trav\u00e9s de la m\u00fasica por eso lo que\u00a0 fue la \u00e9poca de la pandemia fuerte cese todas las actividades con relaci\u00f3n a la m\u00fasica\u201d.<\/em><\/p>\n<p>Gabis, adem\u00e1s, cont\u00f3 sobre su nuevo disco y sobre la presentaci\u00f3n, <em>\u201cLo que s\u00ed hice fue componer mucho, por suerte que eso me est\u00e1 sirviendo ahora, arranque con la grabaci\u00f3n de un disco y justamente con esta sorpresa, que me tomo por sorpresa porque la verdad que cuando me hac\u00edan invitaciones realmente no la estaba tomando porque estaba bastante desmotivado con relaci\u00f3n a trabajar en vivo y tambi\u00e9n no me adaptaba mucho a la situaci\u00f3n de los streaming y dem\u00e1s, tanto como espectador como m\u00fasico, pero s\u00e9 que hay mucha gente que necesitaba hacerlo porque necesitaba trabajar. Pero la verdad que esta propuesta me gusto, me gusto de donde viene y la verdad que me pareci\u00f3 una buena forma de reiniciar la actividad\u201d.<\/em><\/p>\n<p>En la presentaci\u00f3n, Alma Gama, estar\u00e1 acompa\u00f1ada de Laura Montes, Luciana Casta\u00f1o, Alba Caceres y Aaron Luna.<\/p>\n<p>La presentaci\u00f3n ser\u00e1 el pr\u00f3ximo s\u00e1bado 8 de mayo a partir de las 20hs, a trav\u00e9s de un vivo que se transmitir\u00e1 desde el facebook del Centro Cultural Marechal de Hurlingham.<\/p>\n<p>Claudio Gabis promete, adem\u00e1s, adelant\u00f3 de lo que ser\u00e1 su pr\u00f3ximo material discogr\u00e1fico.<\/p>\n<p>Compartimos la entrevista completa<\/p>\n<p><a href=\"https:\/\/archive.org\/details\/audio-claudio-gabis-alma-gama-05-05-2021\">Descargar<\/a><\/p>\n<p>&nbsp;<\/p>\n<audio class=\"wp-audio-shortcode\" id=\"audio-3420-2\" preload=\"none\" style=\"width: 100%;\" controls=\"controls\"><source type=\"audio\/mpeg\" src=\"https:\/\/archive.org\/download\/audio-claudio-gabis-alma-gama-05-05-2021\/AUDIO%20-%20CLAUDIO%20GABIS%20%28ALMA%20GAMA%29%2005%2005%202021.mp3?_=2\" \/><a href=\"https:\/\/archive.org\/download\/audio-claudio-gabis-alma-gama-05-05-2021\/AUDIO%20-%20CLAUDIO%20GABIS%20%28ALMA%20GAMA%29%2005%2005%202021.mp3\">https:\/\/archive.org\/download\/audio-claudio-gabis-alma-gama-05-05-2021\/AUDIO%20-%20CLAUDIO%20GABIS%20%28ALMA%20GAMA%29%2005%2005%202021.mp3<\/a><\/audio>\n<div class=\"powerpress_player\" id=\"powerpress_player_2985\"><audio class=\"wp-audio-shortcode\" id=\"audio-3420-1\" preload=\"none\" style=\"width: 100%;\" controls=\"controls\"><source type=\"audio\/mpeg\" src=\"https:\/\/archive.org\/download\/audio-claudio-gabis-alma-gama-05-05-2021\/AUDIO%20-%20CLAUDIO%20GABIS%20%28ALMA%20GAMA%29%2005%2005%202021.mp3?_=1\" \/><a href=\"https:\/\/archive.org\/download\/audio-claudio-gabis-alma-gama-05-05-2021\/AUDIO%20-%20CLAUDIO%20GABIS%20%28ALMA%20GAMA%29%2005%2005%202021.mp3\">https:\/\/archive.org\/download\/audio-claudio-gabis-alma-gama-05-05-2021\/AUDIO%20-%20CLAUDIO%20GABIS%20%28ALMA%20GAMA%29%2005%2005%202021.mp3<\/a><\/audio><\/div><p class=\"powerpress_links powerpress_links_mp3\" style=\"margin-bottom: 1px !important;\">Podcast: <a href=\"https:\/\/archive.org\/download\/audio-claudio-gabis-alma-gama-05-05-2021\/AUDIO%20-%20CLAUDIO%20GABIS%20%28ALMA%20GAMA%29%2005%2005%202021.mp3\" class=\"powerpress_link_pinw\" target=\"_blank\" title=\"Reproducir en una nueva ventana\" onclick=\"return powerpress_pinw('https:\/\/fmtinkunaco.ar\/?powerpress_pinw=3420-podcast');\" rel=\"nofollow\">Reproducir en una nueva ventana<\/a> | <a href=\"https:\/\/archive.org\/download\/audio-claudio-gabis-alma-gama-05-05-2021\/AUDIO%20-%20CLAUDIO%20GABIS%20%28ALMA%20GAMA%29%2005%2005%202021.mp3\" class=\"powerpress_link_d\" title=\"Descargar\" rel=\"nofollow\" download=\"AUDIO%20-%20CLAUDIO%20GABIS%20%28ALMA%20GAMA%29%2005%2005%202021.mp3\">Descargar<\/a><\/p>","protected":false},"excerpt":{"rendered":"<p>Alma Gama, banda de Bella Vista, es una propuesta musical que recorre desde el folklore hasta el rock latinoamericano. Con a\u00f1os de trayectoria y una transformaci\u00f3n constante, se presentar\u00e1 el pr\u00f3ximo s\u00e1bado 8 de mayo, a trav\u00e9s de un streaming, desde en el Centro Cultural Marechal de Hurlingham a partir de las 20hs. En di\u00e1logo [&hellip;]<\/p>\n","protected":false},"author":1,"featured_media":3421,"comment_status":"open","ping_status":"open","sticky":false,"template":"","format":"standard","meta":{"footnotes":""},"categories":[3],"tags":[34,67,100,143,250,347],"class_list":["post-3420","post","type-post","status-publish","format-standard","has-post-thumbnail","hentry","category-cultura","tag-alma-gama","tag-bella-vista","tag-centro-cultural-marechal","tag-cultura","tag-hurlingham","tag-musica"],"_links":{"self":[{"href":"https:\/\/fmtinkunaco.ar\/index.php?rest_route=\/wp\/v2\/posts\/3420","targetHints":{"allow":["GET"]}}],"collection":[{"href":"https:\/\/fmtinkunaco.ar\/index.php?rest_route=\/wp\/v2\/posts"}],"about":[{"href":"https:\/\/fmtinkunaco.ar\/index.php?rest_route=\/wp\/v2\/types\/post"}],"author":[{"embeddable":true,"href":"https:\/\/fmtinkunaco.ar\/index.php?rest_route=\/wp\/v2\/users\/1"}],"replies":[{"embeddable":true,"href":"https:\/\/fmtinkunaco.ar\/index.php?rest_route=%2Fwp%2Fv2%2Fcomments&post=3420"}],"version-history":[{"count":0,"href":"https:\/\/fmtinkunaco.ar\/index.php?rest_route=\/wp\/v2\/posts\/3420\/revisions"}],"wp:featuredmedia":[{"embeddable":true,"href":"https:\/\/fmtinkunaco.ar\/index.php?rest_route=\/"}],"wp:attachment":[{"href":"https:\/\/fmtinkunaco.ar\/index.php?rest_route=%2Fwp%2Fv2%2Fmedia&parent=3420"}],"wp:term":[{"taxonomy":"category","embeddable":true,"href":"https:\/\/fmtinkunaco.ar\/index.php?rest_route=%2Fwp%2Fv2%2Fcategories&post=3420"},{"taxonomy":"post_tag","embeddable":true,"href":"https:\/\/fmtinkunaco.ar\/index.php?rest_route=%2Fwp%2Fv2%2Ftags&post=3420"}],"curies":[{"name":"wp","href":"https:\/\/api.w.org\/{rel}","templated":true}]}}