{"id":3435,"date":"2021-05-06T14:01:12","date_gmt":"2021-05-06T17:01:12","guid":{"rendered":"http:\/\/fmtinkunaco.com.ar\/?p=3435"},"modified":"2021-05-06T14:01:12","modified_gmt":"2021-05-06T17:01:12","slug":"conversas-con-la-barra-disca-tejiendo-redes-de-militancia","status":"publish","type":"post","link":"https:\/\/fmtinkunaco.ar\/?p=3435","title":{"rendered":"\u00abConversas con La Barra Disca: tejiendo redes de militancia\u00bb"},"content":{"rendered":"<p>El pr\u00f3ximo s\u00e1bado, 15 de mayo, la <strong>\u201cBarra Disca Nuestramericana\u201d convoca al conversatorio \u00abConversas con La Barra Disca: tejiendo redes de militancia\u00bb.<\/strong><br \/>\nLa invitaci\u00f3n es a partir de las 18 hs y tiene como objetivo compartir algunas reflexiones y aportes en base a su Manifiesto de lucha, documento que nace de la necesidad de presentarse y posicionarse frente a la comunidad.<\/p>\n<p>En di\u00e1logo con el programa radial \u201cEncuentro con las Noticias\u201d, Julia Riso, integrante de la Barra Disca Nuestramericana, describi\u00f3 el surgimiento del espacio, <em>\u201cSomos personas con discapacidad y aliades de todo el continente, la virtualidad nos permiti\u00f3 acercarnos y crear estas redes, como a tantas otras personas, a nosotres en este caso la virtualidad nos fue favorable en el sentido de encontrarnos y empezar a aunar criterios y militancia\u201d.<\/em><\/p>\n<p>El espacio comenz\u00f3 a gestarse en el mes de octubre del a\u00f1o pasado.<\/p>\n<p>Riso, adem\u00e1s, explic\u00f3 que esta organizaci\u00f3n se conforma como un espacio pol\u00edtico pero tambi\u00e9n remarco la importancia de la afectividad, <em>\u201cNos propusimos ser una red pol\u00edtica pero tambi\u00e9n nos propusimos ser una red afectiva, es muy interesante esto que se formo para dentro. Nos formamos como espacio pol\u00edtico \u2013 afectivo y en eso tambi\u00e9n la distancia se siente porque nos gustar\u00eda a veces, como todo militante tenemos altibajos y entonces en esa circunstancia nos gustar\u00eda como tenernos m\u00e1s cerca pero la verdad es que, tambi\u00e9n, hay una realidad de que las personas con discapacidad muchas veces estamos complicadas o estamos expuestas a la inaccesibilidad tanto edilicia como comunicacional, hay un mont\u00f3n de factores para tener en cuanta y la verdad que la virtualidad nos permite estar desde casa o desde donde uno puede sin la necesidad de trasladarse\u201d.<\/em><\/p>\n<p>Finalmente, Julia Risa, se refiri\u00f3 a la propuesta del conversatorio a desarrollarse en simultaneo en Argentina, M\u00e9xico, Venezuela y Costa Rica, <em>\u201cLa idea es hacer un encuentro, a las seis de la tarde en horario argentino, nosotros vamos a estar en una reuni\u00f3n de zoom, hay un formulario para que la gente pueda inscribirse para entrar en esta reuni\u00f3n de zoom con nosotres, sino lo van a poder seguir por nuestro canal de youtube. (\u2026) Est\u00e1 planteado como un encuentro de reflexi\u00f3n, o sea algunes integrantes de la Barra vamos a hablar diferentes temas, diferentes t\u00f3picos, que de a poco vamos a ir contando, vamos a hablar sobre genero, vamos a hablar sobre acceso a la vida independiente, vamos a hablar sobre medios de comunicaci\u00f3n, va a haber diferentes temas que vamos\u00a0 a ir reflexionando e invitando despu\u00e9s a una ronda de preguntas despu\u00e9s\u201d.<\/em><\/p>\n<p>El conversatorio ser\u00e1 el pr\u00f3ximo s\u00e1bado 15 de mayo, a partir de las 18 hs, a trav\u00e9s de una reuni\u00f3n de zoom. Para participar del mismo, podes completar este formulario <a href=\"https:\/\/forms.gle\/MqdYmA8dmfX5KWBJ8?fbclid=IwAR0bWIIm4S2SVEuJ0ptbJ58bWvazuqtgb2-AveZU33ABHgxiQ9jLMRuZ9XY\">https:\/\/forms.gle\/MqdYmA8dmfX5KWBJ8<\/a>; de otro modo lo podes seguir por el canal de youtube de La Barra Disca.<\/p>\n<p>Compartimos la entrevista completa<\/p>\n<p><a href=\"https:\/\/archive.org\/details\/audio-julia-riso-barra-disca-nuestramericana-06-05-2021\">Descargar<\/a><\/p>\n<p>&nbsp;<\/p>\n<audio class=\"wp-audio-shortcode\" id=\"audio-3435-2\" preload=\"none\" style=\"width: 100%;\" controls=\"controls\"><source type=\"audio\/mpeg\" src=\"https:\/\/archive.org\/download\/audio-julia-riso-barra-disca-nuestramericana-06-05-2021\/AUDIO%20-%20JULIA%20RISO%20%28BARRA%20DISCA%20NUESTRAMERICANA%29%2006%2005%202021.mp3?_=2\" \/><a href=\"https:\/\/archive.org\/download\/audio-julia-riso-barra-disca-nuestramericana-06-05-2021\/AUDIO%20-%20JULIA%20RISO%20%28BARRA%20DISCA%20NUESTRAMERICANA%29%2006%2005%202021.mp3\">https:\/\/archive.org\/download\/audio-julia-riso-barra-disca-nuestramericana-06-05-2021\/AUDIO%20-%20JULIA%20RISO%20%28BARRA%20DISCA%20NUESTRAMERICANA%29%2006%2005%202021.mp3<\/a><\/audio>\n<div class=\"powerpress_player\" id=\"powerpress_player_72\"><audio class=\"wp-audio-shortcode\" id=\"audio-3435-1\" preload=\"none\" style=\"width: 100%;\" controls=\"controls\"><source type=\"audio\/mpeg\" src=\"https:\/\/archive.org\/download\/audio-julia-riso-barra-disca-nuestramericana-06-05-2021\/AUDIO%20-%20JULIA%20RISO%20%28BARRA%20DISCA%20NUESTRAMERICANA%29%2006%2005%202021.mp3?_=1\" \/><a href=\"https:\/\/archive.org\/download\/audio-julia-riso-barra-disca-nuestramericana-06-05-2021\/AUDIO%20-%20JULIA%20RISO%20%28BARRA%20DISCA%20NUESTRAMERICANA%29%2006%2005%202021.mp3\">https:\/\/archive.org\/download\/audio-julia-riso-barra-disca-nuestramericana-06-05-2021\/AUDIO%20-%20JULIA%20RISO%20%28BARRA%20DISCA%20NUESTRAMERICANA%29%2006%2005%202021.mp3<\/a><\/audio><\/div><p class=\"powerpress_links powerpress_links_mp3\" style=\"margin-bottom: 1px !important;\">Podcast: <a href=\"https:\/\/archive.org\/download\/audio-julia-riso-barra-disca-nuestramericana-06-05-2021\/AUDIO%20-%20JULIA%20RISO%20%28BARRA%20DISCA%20NUESTRAMERICANA%29%2006%2005%202021.mp3\" class=\"powerpress_link_pinw\" target=\"_blank\" title=\"Reproducir en una nueva ventana\" onclick=\"return powerpress_pinw('https:\/\/fmtinkunaco.ar\/?powerpress_pinw=3435-podcast');\" rel=\"nofollow\">Reproducir en una nueva ventana<\/a> | <a href=\"https:\/\/archive.org\/download\/audio-julia-riso-barra-disca-nuestramericana-06-05-2021\/AUDIO%20-%20JULIA%20RISO%20%28BARRA%20DISCA%20NUESTRAMERICANA%29%2006%2005%202021.mp3\" class=\"powerpress_link_d\" title=\"Descargar\" rel=\"nofollow\" download=\"AUDIO%20-%20JULIA%20RISO%20%28BARRA%20DISCA%20NUESTRAMERICANA%29%2006%2005%202021.mp3\">Descargar<\/a><\/p>","protected":false},"excerpt":{"rendered":"<p>El pr\u00f3ximo s\u00e1bado, 15 de mayo, la \u201cBarra Disca Nuestramericana\u201d convoca al conversatorio \u00abConversas con La Barra Disca: tejiendo redes de militancia\u00bb. La invitaci\u00f3n es a partir de las 18 hs y tiene como objetivo compartir algunas reflexiones y aportes en base a su Manifiesto de lucha, documento que nace de la necesidad de presentarse [&hellip;]<\/p>\n","protected":false},"author":1,"featured_media":3439,"comment_status":"open","ping_status":"open","sticky":false,"template":"","format":"standard","meta":{"footnotes":""},"categories":[3,4],"tags":[133,148,272],"class_list":["post-3435","post","type-post","status-publish","format-standard","has-post-thumbnail","hentry","category-cultura","category-derechos-humanos","tag-conversatorio","tag-derechos-humanos","tag-la-barra-disca-nuestramericana"],"_links":{"self":[{"href":"https:\/\/fmtinkunaco.ar\/index.php?rest_route=\/wp\/v2\/posts\/3435","targetHints":{"allow":["GET"]}}],"collection":[{"href":"https:\/\/fmtinkunaco.ar\/index.php?rest_route=\/wp\/v2\/posts"}],"about":[{"href":"https:\/\/fmtinkunaco.ar\/index.php?rest_route=\/wp\/v2\/types\/post"}],"author":[{"embeddable":true,"href":"https:\/\/fmtinkunaco.ar\/index.php?rest_route=\/wp\/v2\/users\/1"}],"replies":[{"embeddable":true,"href":"https:\/\/fmtinkunaco.ar\/index.php?rest_route=%2Fwp%2Fv2%2Fcomments&post=3435"}],"version-history":[{"count":0,"href":"https:\/\/fmtinkunaco.ar\/index.php?rest_route=\/wp\/v2\/posts\/3435\/revisions"}],"wp:featuredmedia":[{"embeddable":true,"href":"https:\/\/fmtinkunaco.ar\/index.php?rest_route=\/"}],"wp:attachment":[{"href":"https:\/\/fmtinkunaco.ar\/index.php?rest_route=%2Fwp%2Fv2%2Fmedia&parent=3435"}],"wp:term":[{"taxonomy":"category","embeddable":true,"href":"https:\/\/fmtinkunaco.ar\/index.php?rest_route=%2Fwp%2Fv2%2Fcategories&post=3435"},{"taxonomy":"post_tag","embeddable":true,"href":"https:\/\/fmtinkunaco.ar\/index.php?rest_route=%2Fwp%2Fv2%2Ftags&post=3435"}],"curies":[{"name":"wp","href":"https:\/\/api.w.org\/{rel}","templated":true}]}}