{"id":3442,"date":"2021-05-10T10:39:44","date_gmt":"2021-05-10T13:39:44","guid":{"rendered":"http:\/\/fmtinkunaco.com.ar\/?p=3442"},"modified":"2021-05-10T10:39:44","modified_gmt":"2021-05-10T13:39:44","slug":"la-fm-tinkunaco-lanzo-el-5to-concurso-de-cuentos-infantiles-del-papel-a-la-radio","status":"publish","type":"post","link":"https:\/\/fmtinkunaco.ar\/?p=3442","title":{"rendered":"La FM Tinkunaco lanz\u00f3 el 5to Concurso de Cuentos Infantiles \u00abDel Papel a la Radio\u00bb"},"content":{"rendered":"<p>Hoy, lunes 10 de mayo, la FM Tinkunaco lanza su <strong>5\u00b0 Concurso de Cuentos Infantiles \u00abDel Papel a la Radio\u00bb<\/strong> y, como cada a\u00f1o, tiene el objetivo de seguir\u00a0reforzando el fomento de la creaci\u00f3n literaria, promover h\u00e1bitos de lectura y escritura que favorezcan el desarrollo creativo de ni\u00f1os, ni\u00f1as, j\u00f3venes.<\/p>\n<p>En tiempos como los actuales nos parece totalmente necesario y primordial seguir apostando a estos proyectos y construir de manera colectiva con las ni\u00f1eces y juventudes.<\/p>\n<p>En esta oportunidad, las <strong>categor\u00edas<\/strong> ser\u00e1n 3:<br \/>\n&#8211; Ni\u00f1xs de hasta 6 a\u00f1os<br \/>\n&#8211; Ni\u00f1xs de 7 a 11 a\u00f1os.<br \/>\n&#8211; Ni\u00f1xs y j\u00f3venes de 12 a 18 a\u00f1os.<\/p>\n<p>Y los principales <strong>requisitos<\/strong> son: extensi\u00f3n m\u00e1xima de una carilla formato A4, tipograf\u00eda Arial 12, interlineado sencillo.<br \/>\nSe podr\u00e1n presentar cuentos fant\u00e1sticos sobre monstruos, hadas, criaturas sobrenaturales y todo aquello que se te ocurra.<\/p>\n<p>Adem\u00e1s, los cuentos pueden ser escritos de manera individual, colectiva y en familia.<\/p>\n<p>Tenes tiempo de presentar tu cuento hasta el 16 de julio, a trav\u00e9s de nuestro mail <strong>concursodecuentosinfantiles@gmail.com<\/strong> o a trav\u00e9s de nuestro whatsapp (formato JPG fotograf\u00eda clara)- <strong>1166905002<\/strong>.<\/p>\n<p>Les recordamos que cada unx de lxs ni\u00f1xs y j\u00f3venes que participa tendr\u00e1 su diploma de reconocimiento y los cuentos seleccionados, formaran parte del libro final y ser\u00e1n ilustrados y sonorizados.<\/p>\n<p>&nbsp;<\/p>\n<p><img loading=\"lazy\" decoding=\"async\" class=\"aligncenter size-full wp-image-3444\" src=\"http:\/\/fmtinkunaco.com.ar\/files\/2021\/05\/184566810_10159101422731544_3033354800804544528_n.jpg\" alt=\"\" width=\"1241\" height=\"1755\" \/><\/p>\n<p>&nbsp;<\/p>\n<p>&nbsp;<\/p>\n<p>&nbsp;<\/p>\n<p>c<\/p>\n<p>&nbsp;<\/p>\n","protected":false},"excerpt":{"rendered":"<p>Hoy, lunes 10 de mayo, la FM Tinkunaco lanza su 5\u00b0 Concurso de Cuentos Infantiles \u00abDel Papel a la Radio\u00bb y, como cada a\u00f1o, tiene el objetivo de seguir\u00a0reforzando el fomento de la creaci\u00f3n literaria, promover h\u00e1bitos de lectura y escritura que favorezcan el desarrollo creativo de ni\u00f1os, ni\u00f1as, j\u00f3venes. En tiempos como los actuales [&hellip;]<\/p>\n","protected":false},"author":1,"featured_media":3443,"comment_status":"open","ping_status":"open","sticky":false,"template":"","format":"standard","meta":{"footnotes":""},"categories":[3],"tags":[71,123,217,478],"class_list":["post-3442","post","type-post","status-publish","format-standard","has-post-thumbnail","hentry","category-cultura","tag-camilo","tag-concurso-de-cuentos-infantiles","tag-fm-tinkunaco","tag-tinkunaco"],"_links":{"self":[{"href":"https:\/\/fmtinkunaco.ar\/index.php?rest_route=\/wp\/v2\/posts\/3442","targetHints":{"allow":["GET"]}}],"collection":[{"href":"https:\/\/fmtinkunaco.ar\/index.php?rest_route=\/wp\/v2\/posts"}],"about":[{"href":"https:\/\/fmtinkunaco.ar\/index.php?rest_route=\/wp\/v2\/types\/post"}],"author":[{"embeddable":true,"href":"https:\/\/fmtinkunaco.ar\/index.php?rest_route=\/wp\/v2\/users\/1"}],"replies":[{"embeddable":true,"href":"https:\/\/fmtinkunaco.ar\/index.php?rest_route=%2Fwp%2Fv2%2Fcomments&post=3442"}],"version-history":[{"count":0,"href":"https:\/\/fmtinkunaco.ar\/index.php?rest_route=\/wp\/v2\/posts\/3442\/revisions"}],"wp:featuredmedia":[{"embeddable":true,"href":"https:\/\/fmtinkunaco.ar\/index.php?rest_route=\/"}],"wp:attachment":[{"href":"https:\/\/fmtinkunaco.ar\/index.php?rest_route=%2Fwp%2Fv2%2Fmedia&parent=3442"}],"wp:term":[{"taxonomy":"category","embeddable":true,"href":"https:\/\/fmtinkunaco.ar\/index.php?rest_route=%2Fwp%2Fv2%2Fcategories&post=3442"},{"taxonomy":"post_tag","embeddable":true,"href":"https:\/\/fmtinkunaco.ar\/index.php?rest_route=%2Fwp%2Fv2%2Ftags&post=3442"}],"curies":[{"name":"wp","href":"https:\/\/api.w.org\/{rel}","templated":true}]}}