{"id":3453,"date":"2021-05-12T10:43:02","date_gmt":"2021-05-12T13:43:02","guid":{"rendered":"http:\/\/fmtinkunaco.com.ar\/?p=3453"},"modified":"2021-05-12T10:43:02","modified_gmt":"2021-05-12T13:43:02","slug":"muestra-de-arte-a-cielo-abierto-en-san-miguel-exposicion-y-venta-de-obras","status":"publish","type":"post","link":"https:\/\/fmtinkunaco.ar\/?p=3453","title":{"rendered":"Muestra de Arte a Cielo Abierto en San Miguel: exposici\u00f3n y venta de obras"},"content":{"rendered":"<p>El pr\u00f3ximo s\u00e1bado 15 de mayo, de 15hs a 18 hs, se llevar\u00e1 adelante en la Plazoleta de San Miguel \u2013 Primera Junta y Per\u00f3n \u2013 la Muestra de Arte a Cielo Abierto con exposici\u00f3n y venta de obras.<\/p>\n<p>La idea de la Muestra surge desde algunas profesoras del\u00a0 Profesorado de Artes Visuales de San Miguel \u00a0de la necesidad que tienen las y los artistas de visuales de poder exponer y vender sus obras, esta situaci\u00f3n es previa a la pandemia y con la misma se agudizo.<\/p>\n<p>En di\u00e1logo con el programa radial \u201cEncuentro con las Noticias\u201d, Decire Bri\u00f1occoli, Profesora de Artes Visuales y Artista del territorio, se refiri\u00f3 a la propuesta, <em>\u201cLa idea surge de esta necesidad que tenemos, previo a la pandemia, les artistas de visuales de no tener espacios donde exponer y poder vender nuestras obras; plante\u00e1ndonos siempre esto de s\u00ed las personas que hacemos obras de arte podemos vivir de ellas o s\u00ed realmente es muy acotado el sector que puede hacerlo. Hablamos mucho sobre esto entre diferentes artistas.<\/em><br \/>\n<em> La idea es que podamos tener un lugar adonde poder exponer que no sea una galer\u00eda adonde entran pocas personas sino que podamos trabajar de a muches, y no s\u00f3lo esto de poder vender la obra sino tambi\u00e9n de poder mostrar lo que hacemos\u201d.<\/em><\/p>\n<p>Decire Bri\u00f1occoli, adem\u00e1s, remarc\u00f3 <em>\u201cSurgi\u00f3 de ah\u00ed la idea, de poder trabajar, de poder seguir con nuestros deseos de que esto se autogestivo, no tener que pagar para poder exponer, tener que pasar por alguien que decida si nuestra obra es arte o no lo es\u201d.<\/em><\/p>\n<p>La Artista sostuvo que previo a la pandemia, les artistas ya no ten\u00edan un lugar para exponer, <em>\u201cRealmente, previamente a la pandemia, nosotros no tenemos espacios adonde ir a exponer o siempre alguien queda afuera y eso no esta tan bueno, que no haya lugar. Entonces ac\u00e1 hicimos la convocatoria abierta, a nadie se le dice que no, porque tampoco somos las due\u00f1as de nada, solo lo hacemos de forma organizativa para saber cu\u00e1ntos somos\u201d.<\/em><\/p>\n<p>La muestra se llevar\u00e1 adelante el s\u00e1bado 15 de mayo, a partir de las 15hs a 18 hs, en la Plazoleta de San Miguel \u2013 Primera Junta y Per\u00f3n.<\/p>\n<p>Compartimos la entrevista completa<\/p>\n<p><a href=\"https:\/\/archive.org\/details\/audio-decire-bron-occoli-12-05-2021\">Descargar<\/a><\/p>\n<p>&nbsp;<\/p>\n<audio class=\"wp-audio-shortcode\" id=\"audio-3453-2\" preload=\"none\" style=\"width: 100%;\" controls=\"controls\"><source type=\"audio\/mpeg\" src=\"https:\/\/archive.org\/download\/audio-decire-bron-occoli-12-05-2021\/AUDIO%20-%20DECIRE%20BRO%C3%91OCCOLI%2012%2005%202021.mp3?_=2\" \/><a href=\"https:\/\/archive.org\/download\/audio-decire-bron-occoli-12-05-2021\/AUDIO%20-%20DECIRE%20BRO%C3%91OCCOLI%2012%2005%202021.mp3\">https:\/\/archive.org\/download\/audio-decire-bron-occoli-12-05-2021\/AUDIO%20-%20DECIRE%20BRO%C3%91OCCOLI%2012%2005%202021.mp3<\/a><\/audio>\n<div class=\"powerpress_player\" id=\"powerpress_player_1634\"><audio class=\"wp-audio-shortcode\" id=\"audio-3453-1\" preload=\"none\" style=\"width: 100%;\" controls=\"controls\"><source type=\"audio\/mpeg\" src=\"https:\/\/archive.org\/download\/audio-decire-bron-occoli-12-05-2021\/AUDIO%20-%20DECIRE%20BRO%C3%91OCCOLI%2012%2005%202021.mp3?_=1\" \/><a href=\"https:\/\/archive.org\/download\/audio-decire-bron-occoli-12-05-2021\/AUDIO%20-%20DECIRE%20BRO%C3%91OCCOLI%2012%2005%202021.mp3\">https:\/\/archive.org\/download\/audio-decire-bron-occoli-12-05-2021\/AUDIO%20-%20DECIRE%20BRO%C3%91OCCOLI%2012%2005%202021.mp3<\/a><\/audio><\/div><p class=\"powerpress_links powerpress_links_mp3\" style=\"margin-bottom: 1px !important;\">Podcast: <a href=\"https:\/\/archive.org\/download\/audio-decire-bron-occoli-12-05-2021\/AUDIO%20-%20DECIRE%20BRO%C3%91OCCOLI%2012%2005%202021.mp3\" class=\"powerpress_link_pinw\" target=\"_blank\" title=\"Reproducir en una nueva ventana\" onclick=\"return powerpress_pinw('https:\/\/fmtinkunaco.ar\/?powerpress_pinw=3453-podcast');\" rel=\"nofollow\">Reproducir en una nueva ventana<\/a> | <a href=\"https:\/\/archive.org\/download\/audio-decire-bron-occoli-12-05-2021\/AUDIO%20-%20DECIRE%20BRO%C3%91OCCOLI%2012%2005%202021.mp3\" class=\"powerpress_link_d\" title=\"Descargar\" rel=\"nofollow\" download=\"AUDIO%20-%20DECIRE%20BRO%C3%91OCCOLI%2012%2005%202021.mp3\">Descargar<\/a><\/p>","protected":false},"excerpt":{"rendered":"<p>El pr\u00f3ximo s\u00e1bado 15 de mayo, de 15hs a 18 hs, se llevar\u00e1 adelante en la Plazoleta de San Miguel \u2013 Primera Junta y Per\u00f3n \u2013 la Muestra de Arte a Cielo Abierto con exposici\u00f3n y venta de obras. La idea de la Muestra surge desde algunas profesoras del\u00a0 Profesorado de Artes Visuales de San [&hellip;]<\/p>\n","protected":false},"author":1,"featured_media":3456,"comment_status":"open","ping_status":"open","sticky":false,"template":"","format":"standard","meta":{"footnotes":""},"categories":[3],"tags":[45,143,332,342],"class_list":["post-3453","post","type-post","status-publish","format-standard","has-post-thumbnail","hentry","category-cultura","tag-artistas-visuales","tag-cultura","tag-muestra-artistica","tag-municipio-de-san-miguel"],"_links":{"self":[{"href":"https:\/\/fmtinkunaco.ar\/index.php?rest_route=\/wp\/v2\/posts\/3453","targetHints":{"allow":["GET"]}}],"collection":[{"href":"https:\/\/fmtinkunaco.ar\/index.php?rest_route=\/wp\/v2\/posts"}],"about":[{"href":"https:\/\/fmtinkunaco.ar\/index.php?rest_route=\/wp\/v2\/types\/post"}],"author":[{"embeddable":true,"href":"https:\/\/fmtinkunaco.ar\/index.php?rest_route=\/wp\/v2\/users\/1"}],"replies":[{"embeddable":true,"href":"https:\/\/fmtinkunaco.ar\/index.php?rest_route=%2Fwp%2Fv2%2Fcomments&post=3453"}],"version-history":[{"count":0,"href":"https:\/\/fmtinkunaco.ar\/index.php?rest_route=\/wp\/v2\/posts\/3453\/revisions"}],"wp:featuredmedia":[{"embeddable":true,"href":"https:\/\/fmtinkunaco.ar\/index.php?rest_route=\/"}],"wp:attachment":[{"href":"https:\/\/fmtinkunaco.ar\/index.php?rest_route=%2Fwp%2Fv2%2Fmedia&parent=3453"}],"wp:term":[{"taxonomy":"category","embeddable":true,"href":"https:\/\/fmtinkunaco.ar\/index.php?rest_route=%2Fwp%2Fv2%2Fcategories&post=3453"},{"taxonomy":"post_tag","embeddable":true,"href":"https:\/\/fmtinkunaco.ar\/index.php?rest_route=%2Fwp%2Fv2%2Ftags&post=3453"}],"curies":[{"name":"wp","href":"https:\/\/api.w.org\/{rel}","templated":true}]}}