{"id":3536,"date":"2021-05-28T11:11:44","date_gmt":"2021-05-28T14:11:44","guid":{"rendered":"http:\/\/fmtinkunaco.com.ar\/?p=3536"},"modified":"2021-05-28T11:11:44","modified_gmt":"2021-05-28T14:11:44","slug":"el-centro-cultural-nuestra-america-ofrece-bolsones-de-verduras-agroecologicas","status":"publish","type":"post","link":"https:\/\/fmtinkunaco.ar\/?p=3536","title":{"rendered":"El Centro Cultural Nuestra Am\u00e9rica ofrece bolsones de verduras agroecol\u00f3gicas"},"content":{"rendered":"<p>Como consecuencia de la pandemia y las restricciones que limitan las actividades recreativas, el Centro Cultural Nuestra Am\u00e9rica ubicado en el municipio de Malvinas Argentinas se encuentra apostando a la venta de bolsones de verduras agroecol\u00f3gicas como una de las principales actividades.<\/p>\n<p>Los bolsones de verduras son preparados por productores y productoras de General Rodr\u00edguez, y ofrecen alimentos sanos a un precio accesible.<\/p>\n<p>En di\u00e1logo con el programa radial \u201cEncuentro con las Noticias\u201d, Joana Sosa Mor\u00e1n, integrante del Centro Cultural Nuestra Am\u00e9rica, describi\u00f3 la situaci\u00f3n actual del espacio cultural y como se reinventan d\u00eda a d\u00eda de acuerdo a las diferentes restricciones que se anuncian, <em>\u201cVamos cada semana viendo sobre la marcha que podemos hacer esa semana, que no, ahora mismo tambi\u00e9n, todo lo que ven\u00edan siendo talleres presenciales los ven\u00edamos haciendo en la plaza en parte y otros en el centro y esta semana ya los suspendimos, por esta semana aunque sea. (\u2026) Eso hace que lo de los bolsones sea ahora como nuestra principal actividad\u201d.<\/em><\/p>\n<p>Sosa Mor\u00e1n, explic\u00f3 que los bolsones de verduras son, hoy en d\u00eda, una de las actividades m\u00e1s fuertes que tiene el Centro Cultural y que los mismos son entregados cada 15 d\u00edas, <em>\u201cSe hace cada 15 d\u00edas por ejemplo, ma\u00f1ana es d\u00eda de entrega y reci\u00e9n el 12 creo que es el pr\u00f3ximo s\u00e1bado que va a haber d\u00eda de entrega y la verdad que todas las semanas hay bastantes bolsones encargados y la gente pregunta o es curiosa sobre qu\u00e9 es la agroecolog\u00eda, sobre qu\u00e9 tienen de especial ese contacto con el productor, la cercan\u00eda con el productor y eso hace que tambi\u00e9n que sea un trabajo de difusi\u00f3n\u201d.<\/em><\/p>\n<p>Los bolsones traen 5 kilos de verdura o fruta de estaci\u00f3n, entre 8 y 15 variedades. Por ejemplo, acelga , espinaca, lechuga , remolacha , br\u00f3coli , repollo , zapallito , verdeo , perejil , apio , tomate , r\u00facala , naranja , zapallo anco , papa.<\/p>\n<p>Para m\u00e1s informaci\u00f3n, podes entrar al face <a href=\"https:\/\/www.facebook.com\/ccnuestraamerica\/?ref=page_internal\">Centro Cultural Nuestra Am\u00e9rica.<\/a><\/p>\n<p>Compartimos entrevista completa<\/p>\n<p><a href=\"https:\/\/archive.org\/details\/audio-joana-sosa-moran-cc-nuestra-america-28-05-2021\">Descargar<\/a><\/p>\n<p>&nbsp;<\/p>\n<audio class=\"wp-audio-shortcode\" id=\"audio-3536-2\" preload=\"none\" style=\"width: 100%;\" controls=\"controls\"><source type=\"audio\/mpeg\" src=\"https:\/\/archive.org\/download\/audio-joana-sosa-moran-cc-nuestra-america-28-05-2021\/AUDIO%20-%20JOANA%20SOSA%20MORAN%20%28CC%20NUESTRA%20AMERICA%29%2028%2005%202021.mp3?_=2\" \/><a href=\"https:\/\/archive.org\/download\/audio-joana-sosa-moran-cc-nuestra-america-28-05-2021\/AUDIO%20-%20JOANA%20SOSA%20MORAN%20%28CC%20NUESTRA%20AMERICA%29%2028%2005%202021.mp3\">https:\/\/archive.org\/download\/audio-joana-sosa-moran-cc-nuestra-america-28-05-2021\/AUDIO%20-%20JOANA%20SOSA%20MORAN%20%28CC%20NUESTRA%20AMERICA%29%2028%2005%202021.mp3<\/a><\/audio>\n<div class=\"powerpress_player\" id=\"powerpress_player_8338\"><audio class=\"wp-audio-shortcode\" id=\"audio-3536-1\" preload=\"none\" style=\"width: 100%;\" controls=\"controls\"><source type=\"audio\/mpeg\" src=\"https:\/\/archive.org\/download\/audio-joana-sosa-moran-cc-nuestra-america-28-05-2021\/AUDIO%20-%20JOANA%20SOSA%20MORAN%20%28CC%20NUESTRA%20AMERICA%29%2028%2005%202021.mp3?_=1\" \/><a href=\"https:\/\/archive.org\/download\/audio-joana-sosa-moran-cc-nuestra-america-28-05-2021\/AUDIO%20-%20JOANA%20SOSA%20MORAN%20%28CC%20NUESTRA%20AMERICA%29%2028%2005%202021.mp3\">https:\/\/archive.org\/download\/audio-joana-sosa-moran-cc-nuestra-america-28-05-2021\/AUDIO%20-%20JOANA%20SOSA%20MORAN%20%28CC%20NUESTRA%20AMERICA%29%2028%2005%202021.mp3<\/a><\/audio><\/div><p class=\"powerpress_links powerpress_links_mp3\" style=\"margin-bottom: 1px !important;\">Podcast: <a href=\"https:\/\/archive.org\/download\/audio-joana-sosa-moran-cc-nuestra-america-28-05-2021\/AUDIO%20-%20JOANA%20SOSA%20MORAN%20%28CC%20NUESTRA%20AMERICA%29%2028%2005%202021.mp3\" class=\"powerpress_link_pinw\" target=\"_blank\" title=\"Reproducir en una nueva ventana\" onclick=\"return powerpress_pinw('https:\/\/fmtinkunaco.ar\/?powerpress_pinw=3536-podcast');\" rel=\"nofollow\">Reproducir en una nueva ventana<\/a> | <a href=\"https:\/\/archive.org\/download\/audio-joana-sosa-moran-cc-nuestra-america-28-05-2021\/AUDIO%20-%20JOANA%20SOSA%20MORAN%20%28CC%20NUESTRA%20AMERICA%29%2028%2005%202021.mp3\" class=\"powerpress_link_d\" title=\"Descargar\" rel=\"nofollow\" download=\"AUDIO%20-%20JOANA%20SOSA%20MORAN%20%28CC%20NUESTRA%20AMERICA%29%2028%2005%202021.mp3\">Descargar<\/a><\/p>","protected":false},"excerpt":{"rendered":"<p>Como consecuencia de la pandemia y las restricciones que limitan las actividades recreativas, el Centro Cultural Nuestra Am\u00e9rica ubicado en el municipio de Malvinas Argentinas se encuentra apostando a la venta de bolsones de verduras agroecol\u00f3gicas como una de las principales actividades. Los bolsones de verduras son preparados por productores y productoras de General Rodr\u00edguez, [&hellip;]<\/p>\n","protected":false},"author":1,"featured_media":3537,"comment_status":"open","ping_status":"open","sticky":false,"template":"","format":"standard","meta":{"footnotes":""},"categories":[3,9],"tags":[69,101],"class_list":["post-3536","post","type-post","status-publish","format-standard","has-post-thumbnail","hentry","category-cultura","category-sociedad","tag-bolson-de-verduras","tag-centro-cultural-nuestra-america"],"_links":{"self":[{"href":"https:\/\/fmtinkunaco.ar\/index.php?rest_route=\/wp\/v2\/posts\/3536","targetHints":{"allow":["GET"]}}],"collection":[{"href":"https:\/\/fmtinkunaco.ar\/index.php?rest_route=\/wp\/v2\/posts"}],"about":[{"href":"https:\/\/fmtinkunaco.ar\/index.php?rest_route=\/wp\/v2\/types\/post"}],"author":[{"embeddable":true,"href":"https:\/\/fmtinkunaco.ar\/index.php?rest_route=\/wp\/v2\/users\/1"}],"replies":[{"embeddable":true,"href":"https:\/\/fmtinkunaco.ar\/index.php?rest_route=%2Fwp%2Fv2%2Fcomments&post=3536"}],"version-history":[{"count":0,"href":"https:\/\/fmtinkunaco.ar\/index.php?rest_route=\/wp\/v2\/posts\/3536\/revisions"}],"wp:featuredmedia":[{"embeddable":true,"href":"https:\/\/fmtinkunaco.ar\/index.php?rest_route=\/"}],"wp:attachment":[{"href":"https:\/\/fmtinkunaco.ar\/index.php?rest_route=%2Fwp%2Fv2%2Fmedia&parent=3536"}],"wp:term":[{"taxonomy":"category","embeddable":true,"href":"https:\/\/fmtinkunaco.ar\/index.php?rest_route=%2Fwp%2Fv2%2Fcategories&post=3536"},{"taxonomy":"post_tag","embeddable":true,"href":"https:\/\/fmtinkunaco.ar\/index.php?rest_route=%2Fwp%2Fv2%2Ftags&post=3536"}],"curies":[{"name":"wp","href":"https:\/\/api.w.org\/{rel}","templated":true}]}}