{"id":3539,"date":"2021-05-31T11:02:28","date_gmt":"2021-05-31T14:02:28","guid":{"rendered":"http:\/\/fmtinkunaco.com.ar\/?p=3539"},"modified":"2021-05-31T11:02:28","modified_gmt":"2021-05-31T14:02:28","slug":"trabajadorxs-de-la-asociacion-judicial-bonaerense-dicen-no-a-la-privatizacion-de-las-notificaciones","status":"publish","type":"post","link":"https:\/\/fmtinkunaco.ar\/?p=3539","title":{"rendered":"Trabajadorxs de la Asociaci\u00f3n\u00a0 Judicial Bonaerense dicen no a la privatizaci\u00f3n de las notificaciones"},"content":{"rendered":"<p>La Suprema Corte de Justicia de la Provincia de Buenos Aires quiere llevar adelante la privatizaci\u00f3n de las notificaciones y diligencias que realizan las Oficinas de Mandamientos y Notificaciones y los Juzgados de Paz, incorporando la posibilidad de que los mandamientos y notificaciones puedan ser diligenciados por empresas de correo o abogados de la matr\u00edcula.<\/p>\n<p>De \u00e9sta forma dichas dependencias quedar\u00edan como oficinas residuales para los que no puedan pagar los costos del sistema privado, generando as\u00ed una justicia para ricos y otra para el resto.<\/p>\n<p>Frente a esta situaci\u00f3n, trabajadores y trabajadoras de la Asociaci\u00f3n Judicial Bonaerense, dicen no a la privatizaci\u00f3n de la justicia.<\/p>\n<p>En di\u00e1logo con el programa radial \u201cEncuentro con las Noticias\u201d, Carlos Ariel Gil, Secretario General de la Asociaci\u00f3n Judicial Bonaerense seccional San Mart\u00edn, se refiri\u00f3 a esta situaci\u00f3n, <em>\u201cLa Corte de la provincia vuelve a intentarlo nuevamente tratando de sacar de una funci\u00f3n espec\u00edfica que hacen los Oficiales Notificadores, nuestros compa\u00f1eros, y los Oficiales de Justicia entreg\u00e1rselo al correo argentino o a un corre privado o a un abogado. Obviamente ah\u00ed nosotros decimos que eso tiene dos problemas grav\u00edsimos; primero, obvio y el m\u00e1s claro y para nosotros como sindicato, que es la precarizaci\u00f3n del trabajo, la p\u00e9rdida de puestos de trabajo, m\u00e1s all\u00e1 de que espec\u00edficamente esos compa\u00f1eros que trabajan de eso ahora no van a perder el trabajo, pero a futuro lo que se busca es reducir. (\u2026) Ah\u00ed lo plantemos directamente como una privatizaci\u00f3n porque utilizaron la misma t\u00e1ctica que se utilizaron en los 90. Esto es, hacer que el sistema funcione muy mal, sacarle recursos para que cada vez funcione peor hasta que llegue un momento que realmente este funcionando mal y traigan como soluci\u00f3n la privatizaci\u00f3n\u201d.<\/em><\/p>\n<p>Gil, adem\u00e1s, remarc\u00f3 la segunda cuesti\u00f3n a tener en cuenta si se privatizan las notificaciones, <em>\u201cOtra cuesti\u00f3n que vemos muy peligrosa, es c\u00f3mo se ataca el derecho de defensa y el debido proceso porque pensemos que cuando un Oficial Notificador notifica algo, hace plena fe de eso, justamente por la importancia. Cuando va avanzando un proceso se dice que esas etapas recluyen, entonces vos no podes volver a atr\u00e1s una vez que ya se cumpli\u00f3 esa etapa y si vos perdiste una notificaci\u00f3n o te notificaron mal o tuviste alg\u00fan error con eso no podes retrotraerte a la anterior etapa porque ya paso el momento procesal. Por eso es tan importante y tan vital, en los juicios, las notificaciones\u201d.<\/em><\/p>\n<p>Compartimos la entrevista completa<\/p>\n<p><a href=\"https:\/\/archive.org\/details\/audio-carlos-ariel-gil-31-05-2021\">Descargar<\/a><\/p>\n<p>&nbsp;<\/p>\n<audio class=\"wp-audio-shortcode\" id=\"audio-3539-2\" preload=\"none\" style=\"width: 100%;\" controls=\"controls\"><source type=\"audio\/mpeg\" src=\"https:\/\/archive.org\/download\/audio-carlos-ariel-gil-31-05-2021\/AUDIO%20-%20CARLOS%20ARIEL%20GIL%2031%2005%202021.mp3?_=2\" \/><a href=\"https:\/\/archive.org\/download\/audio-carlos-ariel-gil-31-05-2021\/AUDIO%20-%20CARLOS%20ARIEL%20GIL%2031%2005%202021.mp3\">https:\/\/archive.org\/download\/audio-carlos-ariel-gil-31-05-2021\/AUDIO%20-%20CARLOS%20ARIEL%20GIL%2031%2005%202021.mp3<\/a><\/audio>\n<div class=\"powerpress_player\" id=\"powerpress_player_1950\"><audio class=\"wp-audio-shortcode\" id=\"audio-3539-1\" preload=\"none\" style=\"width: 100%;\" controls=\"controls\"><source type=\"audio\/mpeg\" src=\"https:\/\/archive.org\/download\/audio-carlos-ariel-gil-31-05-2021\/AUDIO%20-%20CARLOS%20ARIEL%20GIL%2031%2005%202021.mp3?_=1\" \/><a href=\"https:\/\/archive.org\/download\/audio-carlos-ariel-gil-31-05-2021\/AUDIO%20-%20CARLOS%20ARIEL%20GIL%2031%2005%202021.mp3\">https:\/\/archive.org\/download\/audio-carlos-ariel-gil-31-05-2021\/AUDIO%20-%20CARLOS%20ARIEL%20GIL%2031%2005%202021.mp3<\/a><\/audio><\/div><p class=\"powerpress_links powerpress_links_mp3\" style=\"margin-bottom: 1px !important;\">Podcast: <a href=\"https:\/\/archive.org\/download\/audio-carlos-ariel-gil-31-05-2021\/AUDIO%20-%20CARLOS%20ARIEL%20GIL%2031%2005%202021.mp3\" class=\"powerpress_link_pinw\" target=\"_blank\" title=\"Reproducir en una nueva ventana\" onclick=\"return powerpress_pinw('https:\/\/fmtinkunaco.ar\/?powerpress_pinw=3539-podcast');\" rel=\"nofollow\">Reproducir en una nueva ventana<\/a> | <a href=\"https:\/\/archive.org\/download\/audio-carlos-ariel-gil-31-05-2021\/AUDIO%20-%20CARLOS%20ARIEL%20GIL%2031%2005%202021.mp3\" class=\"powerpress_link_d\" title=\"Descargar\" rel=\"nofollow\" download=\"AUDIO%20-%20CARLOS%20ARIEL%20GIL%2031%2005%202021.mp3\">Descargar<\/a><\/p>","protected":false},"excerpt":{"rendered":"<p>La Suprema Corte de Justicia de la Provincia de Buenos Aires quiere llevar adelante la privatizaci\u00f3n de las notificaciones y diligencias que realizan las Oficinas de Mandamientos y Notificaciones y los Juzgados de Paz, incorporando la posibilidad de que los mandamientos y notificaciones puedan ser diligenciados por empresas de correo o abogados de la matr\u00edcula. [&hellip;]<\/p>\n","protected":false},"author":1,"featured_media":3540,"comment_status":"open","ping_status":"open","sticky":false,"template":"","format":"standard","meta":{"footnotes":""},"categories":[4,9],"tags":[271],"class_list":["post-3539","post","type-post","status-publish","format-standard","has-post-thumbnail","hentry","category-derechos-humanos","category-sociedad","tag-la-asociacion-judicial-bonaerense"],"_links":{"self":[{"href":"https:\/\/fmtinkunaco.ar\/index.php?rest_route=\/wp\/v2\/posts\/3539","targetHints":{"allow":["GET"]}}],"collection":[{"href":"https:\/\/fmtinkunaco.ar\/index.php?rest_route=\/wp\/v2\/posts"}],"about":[{"href":"https:\/\/fmtinkunaco.ar\/index.php?rest_route=\/wp\/v2\/types\/post"}],"author":[{"embeddable":true,"href":"https:\/\/fmtinkunaco.ar\/index.php?rest_route=\/wp\/v2\/users\/1"}],"replies":[{"embeddable":true,"href":"https:\/\/fmtinkunaco.ar\/index.php?rest_route=%2Fwp%2Fv2%2Fcomments&post=3539"}],"version-history":[{"count":0,"href":"https:\/\/fmtinkunaco.ar\/index.php?rest_route=\/wp\/v2\/posts\/3539\/revisions"}],"wp:featuredmedia":[{"embeddable":true,"href":"https:\/\/fmtinkunaco.ar\/index.php?rest_route=\/"}],"wp:attachment":[{"href":"https:\/\/fmtinkunaco.ar\/index.php?rest_route=%2Fwp%2Fv2%2Fmedia&parent=3539"}],"wp:term":[{"taxonomy":"category","embeddable":true,"href":"https:\/\/fmtinkunaco.ar\/index.php?rest_route=%2Fwp%2Fv2%2Fcategories&post=3539"},{"taxonomy":"post_tag","embeddable":true,"href":"https:\/\/fmtinkunaco.ar\/index.php?rest_route=%2Fwp%2Fv2%2Ftags&post=3539"}],"curies":[{"name":"wp","href":"https:\/\/api.w.org\/{rel}","templated":true}]}}