{"id":3552,"date":"2021-06-02T10:57:32","date_gmt":"2021-06-02T13:57:32","guid":{"rendered":"http:\/\/fmtinkunaco.com.ar\/?p=3552"},"modified":"2021-06-02T10:57:32","modified_gmt":"2021-06-02T13:57:32","slug":"ambientalistas-presentan-una-cautelar-para-suspender-las-obras-de-la-cuenca-de-rio-lujan","status":"publish","type":"post","link":"https:\/\/fmtinkunaco.ar\/?p=3552","title":{"rendered":"Ambientalistas presentan una cautelar para suspender las obras de la Cuenca de R\u00edo Luj\u00e1n"},"content":{"rendered":"<p>Organizaciones ambientalistas presentaron hace, aproximadamente, diez d\u00edas una cautelar en la Suprema Corte de Justicia que permita suspender las obras que se est\u00e1n llevando adelante en la Cuenca del R\u00edo Luj\u00e1n y que pretende el enderezamiento y ensanche del R\u00edo Luj\u00e1n.<\/p>\n<p>Desde el inicio del proyecto, diversas organizaciones expusieron que esta obra tendr\u00eda un impacto ambiental negativo.<\/p>\n<p>En di\u00e1logo con el programa radial \u201cEncuentro con las Noticias\u201d, Graciela Capodoglio, referente de la Reserva Natural del Pilar, se refiri\u00f3 a la presentaci\u00f3n que realizaron acompa\u00f1ados por el cuerpo de abogados, <em>\u201cLo que se plantea en el pedido de cautelar que se llev\u00f3 a la Suprema Corte de Justicia fue justamente esto, plantear que no se est\u00e1 viendo a la cuenca como una integridad. Hay que sacar el agua de Luj\u00e1n, bueno cu\u00e1l es la mejor manera, enderecemos el r\u00edo para que a Luj\u00e1n no se le acumule agua, perfecto. Pero y qu\u00e9 pasa aguas abajo, y qu\u00e9 pasa aguas arriba; es decir, no hay un an\u00e1lisis, un trabajo de cuenca. Se hacen obras parciales sin tener en cuenta las consecuencias que trae cada una de ellas\u201d.<\/em><\/p>\n<p>La Cautelar pide la suspensi\u00f3n de las obras en la cuenca bajo los argumentos de que no se ve la cuenca y adem\u00e1s, no se realizaron audiencias p\u00fablicas y se denuncia a la provincia de Buenos Aires de no cumplir la Ley sobre la necesidad de audiencias frente a proyectos de esta \u00edndole.<\/p>\n<p>Por otro lado, Capodoglio, se refiri\u00f3 a la responsabilidad de los municipios que se encuentran atravesados por el r\u00edo y por la obra, <em>\u201cLo que s\u00e9 es que los municipios no tienen nada que ver porque esta es una decisi\u00f3n de la provincia de Buenos Aires, no de los municipios. <\/em><br \/>\n<em> Nosotros desde algunas de las organizaciones de la red de la cuenca se considera que la problem\u00e1tica no es una problem\u00e1tica provincial, sino nacional porque el R\u00edo vuelva sus aguas en el Delta. Entonces creemos que la causa no es provincial sino que es nacional, esto parece un matiz pero es muy importante porque de una visi\u00f3n m\u00e1s global es mucho m\u00e1s f\u00e1cil que entiendan los da\u00f1os que va a traer esto.<\/em><br \/>\n<em> (\u2026) Sabemos que el municipio ha pedido informe a la provincia con respecto a temas puntuales como las consecuencias, se que se hizo pero no s\u00e9 si ha habido una devoluci\u00f3n por parte de la provincia\u201d.<\/em><\/p>\n<p>Las organizaciones esperan que la Suprema Corte de Justicia comprenda sus argumentos, los comparta y responda a la cautelar con la suspensi\u00f3n de la obra.<\/p>\n<p>Compartimos la entrevista completa<\/p>\n<p><a href=\"https:\/\/archive.org\/details\/audio-graciela-capodoglio-02-06-2021\">Descargar<\/a><\/p>\n<p>&nbsp;<\/p>\n<audio class=\"wp-audio-shortcode\" id=\"audio-3552-2\" preload=\"none\" style=\"width: 100%;\" controls=\"controls\"><source type=\"audio\/mpeg\" src=\"https:\/\/archive.org\/download\/audio-graciela-capodoglio-02-06-2021\/AUDIO%20-%20GRACIELA%20CAPODOGLIO%2002%2006%202021.mp3?_=2\" \/><a href=\"https:\/\/archive.org\/download\/audio-graciela-capodoglio-02-06-2021\/AUDIO%20-%20GRACIELA%20CAPODOGLIO%2002%2006%202021.mp3\">https:\/\/archive.org\/download\/audio-graciela-capodoglio-02-06-2021\/AUDIO%20-%20GRACIELA%20CAPODOGLIO%2002%2006%202021.mp3<\/a><\/audio>\n<div class=\"powerpress_player\" id=\"powerpress_player_4033\"><audio class=\"wp-audio-shortcode\" id=\"audio-3552-1\" preload=\"none\" style=\"width: 100%;\" controls=\"controls\"><source type=\"audio\/mpeg\" src=\"https:\/\/archive.org\/download\/audio-graciela-capodoglio-02-06-2021\/AUDIO%20-%20GRACIELA%20CAPODOGLIO%2002%2006%202021.mp3?_=1\" \/><a href=\"https:\/\/archive.org\/download\/audio-graciela-capodoglio-02-06-2021\/AUDIO%20-%20GRACIELA%20CAPODOGLIO%2002%2006%202021.mp3\">https:\/\/archive.org\/download\/audio-graciela-capodoglio-02-06-2021\/AUDIO%20-%20GRACIELA%20CAPODOGLIO%2002%2006%202021.mp3<\/a><\/audio><\/div><p class=\"powerpress_links powerpress_links_mp3\" style=\"margin-bottom: 1px !important;\">Podcast: <a href=\"https:\/\/archive.org\/download\/audio-graciela-capodoglio-02-06-2021\/AUDIO%20-%20GRACIELA%20CAPODOGLIO%2002%2006%202021.mp3\" class=\"powerpress_link_pinw\" target=\"_blank\" title=\"Reproducir en una nueva ventana\" onclick=\"return powerpress_pinw('https:\/\/fmtinkunaco.ar\/?powerpress_pinw=3552-podcast');\" rel=\"nofollow\">Reproducir en una nueva ventana<\/a> | <a href=\"https:\/\/archive.org\/download\/audio-graciela-capodoglio-02-06-2021\/AUDIO%20-%20GRACIELA%20CAPODOGLIO%2002%2006%202021.mp3\" class=\"powerpress_link_d\" title=\"Descargar\" rel=\"nofollow\" download=\"AUDIO%20-%20GRACIELA%20CAPODOGLIO%2002%2006%202021.mp3\">Descargar<\/a><\/p>","protected":false},"excerpt":{"rendered":"<p>Organizaciones ambientalistas presentaron hace, aproximadamente, diez d\u00edas una cautelar en la Suprema Corte de Justicia que permita suspender las obras que se est\u00e1n llevando adelante en la Cuenca del R\u00edo Luj\u00e1n y que pretende el enderezamiento y ensanche del R\u00edo Luj\u00e1n. Desde el inicio del proyecto, diversas organizaciones expusieron que esta obra tendr\u00eda un impacto [&hellip;]<\/p>\n","protected":false},"author":1,"featured_media":3553,"comment_status":"open","ping_status":"open","sticky":false,"template":"","format":"standard","meta":{"footnotes":""},"categories":[4,9],"tags":[141,358,432],"class_list":["post-3552","post","type-post","status-publish","format-standard","has-post-thumbnail","hentry","category-derechos-humanos","category-sociedad","tag-cuenca-rio-lujan","tag-obras-en-el-rio-lujan","tag-reserva-natural-del-pilar"],"_links":{"self":[{"href":"https:\/\/fmtinkunaco.ar\/index.php?rest_route=\/wp\/v2\/posts\/3552","targetHints":{"allow":["GET"]}}],"collection":[{"href":"https:\/\/fmtinkunaco.ar\/index.php?rest_route=\/wp\/v2\/posts"}],"about":[{"href":"https:\/\/fmtinkunaco.ar\/index.php?rest_route=\/wp\/v2\/types\/post"}],"author":[{"embeddable":true,"href":"https:\/\/fmtinkunaco.ar\/index.php?rest_route=\/wp\/v2\/users\/1"}],"replies":[{"embeddable":true,"href":"https:\/\/fmtinkunaco.ar\/index.php?rest_route=%2Fwp%2Fv2%2Fcomments&post=3552"}],"version-history":[{"count":0,"href":"https:\/\/fmtinkunaco.ar\/index.php?rest_route=\/wp\/v2\/posts\/3552\/revisions"}],"wp:featuredmedia":[{"embeddable":true,"href":"https:\/\/fmtinkunaco.ar\/index.php?rest_route=\/"}],"wp:attachment":[{"href":"https:\/\/fmtinkunaco.ar\/index.php?rest_route=%2Fwp%2Fv2%2Fmedia&parent=3552"}],"wp:term":[{"taxonomy":"category","embeddable":true,"href":"https:\/\/fmtinkunaco.ar\/index.php?rest_route=%2Fwp%2Fv2%2Fcategories&post=3552"},{"taxonomy":"post_tag","embeddable":true,"href":"https:\/\/fmtinkunaco.ar\/index.php?rest_route=%2Fwp%2Fv2%2Ftags&post=3552"}],"curies":[{"name":"wp","href":"https:\/\/api.w.org\/{rel}","templated":true}]}}