{"id":3558,"date":"2021-06-03T14:12:21","date_gmt":"2021-06-03T17:12:21","guid":{"rendered":"http:\/\/fmtinkunaco.com.ar\/?p=3558"},"modified":"2021-06-03T14:12:21","modified_gmt":"2021-06-03T17:12:21","slug":"lanzamiento-de-la-coleccion-mburucuya-libro-de-flora-y-fauna-nativa","status":"publish","type":"post","link":"https:\/\/fmtinkunaco.ar\/?p=3558","title":{"rendered":"Lanzamiento de la Colecci\u00f3n \u201cMburucuy\u00e1\u201d, libro de flora y fauna nativa"},"content":{"rendered":"<p>\u201cMburucuy\u00e1\u201d es un material autogestivo que tiene un compromiso ambiental en lo que refiere por un lado a su realizaci\u00f3n y por otro lado respecto a su contenido, relacionado a la flora y la fauna nativa m\u00e1s tipoca.<\/p>\n<p>El libro es lanzado por el Vivero Yuyeras Nativas en colaboraci\u00f3n con la cooperativa editorial Polillas Tintas.<\/p>\n<p>En di\u00e1logo con el programa radial \u201cEncuentro con las Noticias\u201d, Jota Lilen, referente del Vivero Yuyeras Nativas, se refiri\u00f3 en principio al proyecto Mburucuy\u00e1, <em>\u201cEs un material dedicado o dirigido sobre todo a las infancias porque cuenta de una manera amena cu\u00e1les son las plantas que tenemos en nuestro barrio, que podemos encontrar y que seguramente desconocemos que es el sost\u00e9n de un mont\u00f3n de seres vivos y qu\u00e9 relaciones puede tener con nosotras las personas.<\/em><br \/>\n<em> (\u2026) En este primero que vamos a lanzar hablamos de la planta Mburucuy\u00e1 o mejor conocida como pasionario y la realidad es que no hay libros, ni siquiera t\u00e9cnicos ni cient\u00edficos, ni tampoco hay informaci\u00f3n en internet de todas las especies que, en esta zona por lo menos de Buenos Aires, sobreviven gracias a esta planta\u201d.<\/em><\/p>\n<p>La presentaci\u00f3n del material ser\u00e1 el fin de semana, as\u00ed lo explic\u00f3 Jota Lilen <em>\u201cEl fin de semana se presenta desde un vivo de instagram, ya que es la \u00fanica red con la que cuenta el vivero y adem\u00e1s por el contexto que estamos viviendo; nos encantar\u00eda que sea en el vivero y que podamos estar al aire libre, en el verde\u201d.<\/em><\/p>\n<p>Finalmente, Lilen, se refiri\u00f3 a la preventa que comenzar\u00e1 luego de la presentaci\u00f3n, <em>\u201cDespu\u00e9s de este domingo se van a mostrar y a difundir flyers en donde va a haber un mercado pago y donde la gente pueda abonar, en esta primera preventa va a estar un poco m\u00e1s barato el material, va a durar como dos semanas esta preventa y fijarte que punto de venta te queda m\u00e1s cercano\u201d.<\/em><\/p>\n<p>La presentaci\u00f3n ser\u00e1 el pr\u00f3ximo domingo 6 de junio, a partir de las 18 hs, a trav\u00e9s de las cuentas de instagram <strong>@vivero_yuyeras_nativas<\/strong> y <strong>@polillas_tintas.<\/strong><\/p>\n<p>Compartimos la entrevista completa<\/p>\n<p><a href=\"https:\/\/archive.org\/details\/audio-jota-03-06-2021\">Descargar<\/a><\/p>\n<p>&nbsp;<\/p>\n<audio class=\"wp-audio-shortcode\" id=\"audio-3558-2\" preload=\"none\" style=\"width: 100%;\" controls=\"controls\"><source type=\"audio\/mpeg\" src=\"https:\/\/archive.org\/download\/audio-jota-03-06-2021\/AUDIO%20-%20JOTA%2003%2006%202021.mp3?_=2\" \/><a href=\"https:\/\/archive.org\/download\/audio-jota-03-06-2021\/AUDIO%20-%20JOTA%2003%2006%202021.mp3\">https:\/\/archive.org\/download\/audio-jota-03-06-2021\/AUDIO%20-%20JOTA%2003%2006%202021.mp3<\/a><\/audio>\n<p>&nbsp;<\/p>\n<p>&nbsp;<\/p>\n<div class=\"powerpress_player\" id=\"powerpress_player_909\"><audio class=\"wp-audio-shortcode\" id=\"audio-3558-1\" preload=\"none\" style=\"width: 100%;\" controls=\"controls\"><source type=\"audio\/mpeg\" src=\"https:\/\/archive.org\/download\/audio-jota-03-06-2021\/AUDIO%20-%20JOTA%2003%2006%202021.mp3?_=1\" \/><a href=\"https:\/\/archive.org\/download\/audio-jota-03-06-2021\/AUDIO%20-%20JOTA%2003%2006%202021.mp3\">https:\/\/archive.org\/download\/audio-jota-03-06-2021\/AUDIO%20-%20JOTA%2003%2006%202021.mp3<\/a><\/audio><\/div><p class=\"powerpress_links powerpress_links_mp3\" style=\"margin-bottom: 1px !important;\">Podcast: <a href=\"https:\/\/archive.org\/download\/audio-jota-03-06-2021\/AUDIO%20-%20JOTA%2003%2006%202021.mp3\" class=\"powerpress_link_pinw\" target=\"_blank\" title=\"Reproducir en una nueva ventana\" onclick=\"return powerpress_pinw('https:\/\/fmtinkunaco.ar\/?powerpress_pinw=3558-podcast');\" rel=\"nofollow\">Reproducir en una nueva ventana<\/a> | <a href=\"https:\/\/archive.org\/download\/audio-jota-03-06-2021\/AUDIO%20-%20JOTA%2003%2006%202021.mp3\" class=\"powerpress_link_d\" title=\"Descargar\" rel=\"nofollow\" download=\"AUDIO%20-%20JOTA%2003%2006%202021.mp3\">Descargar<\/a><\/p>","protected":false},"excerpt":{"rendered":"<p>\u201cMburucuy\u00e1\u201d es un material autogestivo que tiene un compromiso ambiental en lo que refiere por un lado a su realizaci\u00f3n y por otro lado respecto a su contenido, relacionado a la flora y la fauna nativa m\u00e1s tipoca. El libro es lanzado por el Vivero Yuyeras Nativas en colaboraci\u00f3n con la cooperativa editorial Polillas Tintas. [&hellip;]<\/p>\n","protected":false},"author":1,"featured_media":3559,"comment_status":"open","ping_status":"open","sticky":false,"template":"","format":"standard","meta":{"footnotes":""},"categories":[3],"tags":[287,309,519],"class_list":["post-3558","post","type-post","status-publish","format-standard","has-post-thumbnail","hentry","category-cultura","tag-libro","tag-mburucuya","tag-vivero-yuyeras-nativas"],"_links":{"self":[{"href":"https:\/\/fmtinkunaco.ar\/index.php?rest_route=\/wp\/v2\/posts\/3558","targetHints":{"allow":["GET"]}}],"collection":[{"href":"https:\/\/fmtinkunaco.ar\/index.php?rest_route=\/wp\/v2\/posts"}],"about":[{"href":"https:\/\/fmtinkunaco.ar\/index.php?rest_route=\/wp\/v2\/types\/post"}],"author":[{"embeddable":true,"href":"https:\/\/fmtinkunaco.ar\/index.php?rest_route=\/wp\/v2\/users\/1"}],"replies":[{"embeddable":true,"href":"https:\/\/fmtinkunaco.ar\/index.php?rest_route=%2Fwp%2Fv2%2Fcomments&post=3558"}],"version-history":[{"count":0,"href":"https:\/\/fmtinkunaco.ar\/index.php?rest_route=\/wp\/v2\/posts\/3558\/revisions"}],"wp:featuredmedia":[{"embeddable":true,"href":"https:\/\/fmtinkunaco.ar\/index.php?rest_route=\/"}],"wp:attachment":[{"href":"https:\/\/fmtinkunaco.ar\/index.php?rest_route=%2Fwp%2Fv2%2Fmedia&parent=3558"}],"wp:term":[{"taxonomy":"category","embeddable":true,"href":"https:\/\/fmtinkunaco.ar\/index.php?rest_route=%2Fwp%2Fv2%2Fcategories&post=3558"},{"taxonomy":"post_tag","embeddable":true,"href":"https:\/\/fmtinkunaco.ar\/index.php?rest_route=%2Fwp%2Fv2%2Ftags&post=3558"}],"curies":[{"name":"wp","href":"https:\/\/api.w.org\/{rel}","templated":true}]}}