{"id":3575,"date":"2021-06-09T10:58:07","date_gmt":"2021-06-09T13:58:07","guid":{"rendered":"http:\/\/fmtinkunaco.com.ar\/?p=3575"},"modified":"2021-06-09T10:58:07","modified_gmt":"2021-06-09T13:58:07","slug":"jose-c-paz-la-mesa-de-ninez-y-adolescencia-tiene-como-proyecto-la-realizacion-de-un-recursero","status":"publish","type":"post","link":"https:\/\/fmtinkunaco.ar\/?p=3575","title":{"rendered":"Jos\u00e9. C. Paz: La Mesa de Ni\u00f1ez y Adolescencia tiene como proyecto la realizaci\u00f3n de un recursero"},"content":{"rendered":"<p>La Mesa de Ni\u00f1ez y Adolescencia del Municipio de Jos\u00e9. C. Paz contin\u00faa con las reuniones mensuales de cara a la conformaci\u00f3n del Consejo Local de Ni\u00f1ez.<\/p>\n<p>En este marco, se encuentran en plena conformaci\u00f3n de un recursero con direcciones, tel\u00e9fonos y mails de organizaciones que sirva de herramienta para resolver problem\u00e1ticas que se les presentan a las instituciones que trabajan con ni\u00f1eces y juventud.<\/p>\n<p>En di\u00e1logo con el programa radial \u201cEncuentro con las Noticias\u201d, Mat\u00edas Santill\u00e1n, integrante de La Mesa de Ni\u00f1ez y Adolescencia, se refiri\u00f3 a los temas que recorrieron la \u00faltima reuni\u00f3n,<em> \u201cSe logr\u00f3, en principio, hablar y referenciar sobre temas que nos cruzan y nos atraviesan trasversalmente. Se habl\u00f3 de salud, de educaci\u00f3n, de salud se mencion\u00f3 el conflicto del Hospital Larcade y de la renuncia de los casi 50 profesionales, c\u00f3mo afecta eso a la regi\u00f3n, c\u00f3mo est\u00e1 afectado todav\u00eda el sistema educativo con el tema de la continuidad pedag\u00f3gica y todos los avatares que tiene y se sigue avanzando en esto de tratar de ir afianzando y consolidando la mesa. Por lo pronto se resolvi\u00f3 armar comisiones para poder ser un poco m\u00e1s operativos y operativas y poder ir paso a paso para la futura conformaci\u00f3n del Consejo Local\u201d.<\/em><\/p>\n<p>Por otro lado, Mat\u00edas Santill\u00e1n, se refiri\u00f3 al proyecto de realizar un recursero que funcione como herramienta para las instituciones del territorio, <em>\u201cLo que se empez\u00f3 a avanzar es en armar un recursero propio, entonces las diferentes instituciones van a ir aportando los datos necesarios para ir conformando ese recurso para atender las diferentes problem\u00e1ticas, entre ellas el consumo problem\u00e1tico, sabiendo que tuvimos un acercamiento con el CPA y prontamente se van a sumar a la mesa. Y las instituciones, en general, cuentan con esa problem\u00e1tica dentro de la poblaci\u00f3n y la idea es ir sumando en este recursero para poder dar una respuesta m\u00e1s fluida y tener el acceso a los tel\u00e9fonos, mails de las instituciones\u201d.<\/em><\/p>\n<p>La pr\u00f3xima reuni\u00f3n ser\u00e1 el primer mi\u00e9rcoles de julio, el\u00a0 mi\u00e9rcoles 7, y se prev\u00e9 que sea por la ma\u00f1ana.<\/p>\n<p>Compartimos la entrevista completa<\/p>\n<p><a href=\"https:\/\/archive.org\/details\/audio-matias-santillan-09-06-2021\">Descargar<\/a><\/p>\n<p>&nbsp;<\/p>\n<audio class=\"wp-audio-shortcode\" id=\"audio-3575-2\" preload=\"none\" style=\"width: 100%;\" controls=\"controls\"><source type=\"audio\/mpeg\" src=\"https:\/\/archive.org\/download\/audio-matias-santillan-09-06-2021\/AUDIO%20-%20MATIAS%20SANTILLAN%2009%2006%202021.mp3?_=2\" \/><a href=\"https:\/\/archive.org\/download\/audio-matias-santillan-09-06-2021\/AUDIO%20-%20MATIAS%20SANTILLAN%2009%2006%202021.mp3\">https:\/\/archive.org\/download\/audio-matias-santillan-09-06-2021\/AUDIO%20-%20MATIAS%20SANTILLAN%2009%2006%202021.mp3<\/a><\/audio>\n<div class=\"powerpress_player\" id=\"powerpress_player_9482\"><audio class=\"wp-audio-shortcode\" id=\"audio-3575-1\" preload=\"none\" style=\"width: 100%;\" controls=\"controls\"><source type=\"audio\/mpeg\" src=\"https:\/\/archive.org\/download\/audio-matias-santillan-09-06-2021\/AUDIO%20-%20MATIAS%20SANTILLAN%2009%2006%202021.mp3?_=1\" \/><a href=\"https:\/\/archive.org\/download\/audio-matias-santillan-09-06-2021\/AUDIO%20-%20MATIAS%20SANTILLAN%2009%2006%202021.mp3\">https:\/\/archive.org\/download\/audio-matias-santillan-09-06-2021\/AUDIO%20-%20MATIAS%20SANTILLAN%2009%2006%202021.mp3<\/a><\/audio><\/div><p class=\"powerpress_links powerpress_links_mp3\" style=\"margin-bottom: 1px !important;\">Podcast: <a href=\"https:\/\/archive.org\/download\/audio-matias-santillan-09-06-2021\/AUDIO%20-%20MATIAS%20SANTILLAN%2009%2006%202021.mp3\" class=\"powerpress_link_pinw\" target=\"_blank\" title=\"Reproducir en una nueva ventana\" onclick=\"return powerpress_pinw('https:\/\/fmtinkunaco.ar\/?powerpress_pinw=3575-podcast');\" rel=\"nofollow\">Reproducir en una nueva ventana<\/a> | <a href=\"https:\/\/archive.org\/download\/audio-matias-santillan-09-06-2021\/AUDIO%20-%20MATIAS%20SANTILLAN%2009%2006%202021.mp3\" class=\"powerpress_link_d\" title=\"Descargar\" rel=\"nofollow\" download=\"AUDIO%20-%20MATIAS%20SANTILLAN%2009%2006%202021.mp3\">Descargar<\/a><\/p>","protected":false},"excerpt":{"rendered":"<p>La Mesa de Ni\u00f1ez y Adolescencia del Municipio de Jos\u00e9. C. Paz contin\u00faa con las reuniones mensuales de cara a la conformaci\u00f3n del Consejo Local de Ni\u00f1ez. En este marco, se encuentran en plena conformaci\u00f3n de un recursero con direcciones, tel\u00e9fonos y mails de organizaciones que sirva de herramienta para resolver problem\u00e1ticas que se les [&hellip;]<\/p>\n","protected":false},"author":1,"featured_media":2174,"comment_status":"open","ping_status":"open","sticky":false,"template":"","format":"standard","meta":{"footnotes":""},"categories":[4,5],"tags":[317,337],"class_list":["post-3575","post","type-post","status-publish","format-standard","has-post-thumbnail","hentry","category-derechos-humanos","category-educacion","tag-mesa-de-ninez","tag-municipio-de-jose-c-paz"],"_links":{"self":[{"href":"https:\/\/fmtinkunaco.ar\/index.php?rest_route=\/wp\/v2\/posts\/3575","targetHints":{"allow":["GET"]}}],"collection":[{"href":"https:\/\/fmtinkunaco.ar\/index.php?rest_route=\/wp\/v2\/posts"}],"about":[{"href":"https:\/\/fmtinkunaco.ar\/index.php?rest_route=\/wp\/v2\/types\/post"}],"author":[{"embeddable":true,"href":"https:\/\/fmtinkunaco.ar\/index.php?rest_route=\/wp\/v2\/users\/1"}],"replies":[{"embeddable":true,"href":"https:\/\/fmtinkunaco.ar\/index.php?rest_route=%2Fwp%2Fv2%2Fcomments&post=3575"}],"version-history":[{"count":0,"href":"https:\/\/fmtinkunaco.ar\/index.php?rest_route=\/wp\/v2\/posts\/3575\/revisions"}],"wp:featuredmedia":[{"embeddable":true,"href":"https:\/\/fmtinkunaco.ar\/index.php?rest_route=\/"}],"wp:attachment":[{"href":"https:\/\/fmtinkunaco.ar\/index.php?rest_route=%2Fwp%2Fv2%2Fmedia&parent=3575"}],"wp:term":[{"taxonomy":"category","embeddable":true,"href":"https:\/\/fmtinkunaco.ar\/index.php?rest_route=%2Fwp%2Fv2%2Fcategories&post=3575"},{"taxonomy":"post_tag","embeddable":true,"href":"https:\/\/fmtinkunaco.ar\/index.php?rest_route=%2Fwp%2Fv2%2Ftags&post=3575"}],"curies":[{"name":"wp","href":"https:\/\/api.w.org\/{rel}","templated":true}]}}