{"id":3577,"date":"2021-06-09T13:56:57","date_gmt":"2021-06-09T16:56:57","guid":{"rendered":"http:\/\/fmtinkunaco.com.ar\/?p=3577"},"modified":"2021-06-09T13:56:57","modified_gmt":"2021-06-09T16:56:57","slug":"la-organizacion-barrios-de-pie-movilizo-por-vacunas-para-trabajadorxs-de-merenderos-y-comedores","status":"publish","type":"post","link":"https:\/\/fmtinkunaco.ar\/?p=3577","title":{"rendered":"La organizaci\u00f3n Barrios de Pie moviliz\u00f3 por vacunas para trabajadorxs de merenderos y comedores"},"content":{"rendered":"<p>Barrios de Pie junto a organizaciones sociales movilizaron, en el d\u00eda de ayer, por vacunas para trabajadores y trabajadoras esenciales de comedores y merenderos, conectividad y netbooks.<\/p>\n<p>Las organizaciones se movilizaron al Ministerio de Educaci\u00f3n, a la Casa de la provincia de Buenos Aires y al ENACOM.<\/p>\n<p>En di\u00e1logo con el programa radial \u201cEncuentro con las Noticias\u201d, Silvia Saravia, Coordinadora Nacional de Barrios de Pie, se refiri\u00f3 a la situaci\u00f3n actual de las organizaciones territoriales, <em>\u201cLa verdad es que estamos transitando una situaci\u00f3n mucho m\u00e1s critica que el a\u00f1o pasado. En dos aspectos, porque por un lado el aumento de precio de los alimentos a echo que haya muchas m\u00e1s familias en situaci\u00f3n de pobreza e indigencia y, por otro lado, porque los contagios son muchos m\u00e1s extendidos; el a\u00f1o pasado la verdad es que hab\u00edamos tenido poquitas y poquitos compa\u00f1eros y compa\u00f1eras contagiadas y esta vez tenemos muchas m\u00e1s familias aisladas que son parte de nuestra organizaci\u00f3n y que asumen las tareas de cuidados comunitarios con otras familias. Entonces en esos dos sentidos, la situaci\u00f3n esta mas dif\u00edcil\u201d.<\/em><\/p>\n<p>Saravia, adem\u00e1s, sostuvo la necesidad de las vacunas para las y los trabajadores de los comedores y merenderos, <em>\u201cLo que nosotros vemos es que hay muchos espacios comunitarios que se cierran porque hay mas contagios, entonces eso si est\u00e1 sucediendo, que se tienen que aislar y aunque se trabaje en burbujas esta es una de las cosas que nos est\u00e1 sucediendo y por ese mismo motivo es que planteamos la necesidad de que se vacune a las trabajadoras y trabajadores que est\u00e1n al frente de esos comedores y merenderos porque tiene relaci\u00f3n directa con eso\u201d.<\/em><\/p>\n<p>Luego de la movilizaci\u00f3n del d\u00eda de ayer, solo recibieron llamados con la promesa de que iban a realizar una revisi\u00f3n de la situaci\u00f3n.<br \/>\nEn esta l\u00ednea, Saravia, sostuvo, <em>\u201cHubo algunos llamados vinculados a que van a revisar el tema, veremos, porque la verdad es que es urgente que revisen esta decisi\u00f3n que tomaron. Vuelvo a insistir, hay una orientaci\u00f3n desde Naci\u00f3n de que se aborde ese sector como sector esencial y estrat\u00e9gico y que se lo comience a vacunar pero bueno, algunas jurisdicciones si avanzaron como fue la Ciudad de Buenos Aires que si se empez\u00f3 a vacunar a quienes est\u00e1n al frente de comedores y merenderos y la provincia esta en este posicionamiento que esperemos que revean, que esperemos que la movilizaci\u00f3n los hagan recapacitar\u201d.<\/em><\/p>\n<p>Compartimos la entrevista completa<\/p>\n<p><a href=\"https:\/\/archive.org\/details\/audio-silvia-saravia-09-06-2021\">Descargar<\/a><\/p>\n<p>&nbsp;<\/p>\n<audio class=\"wp-audio-shortcode\" id=\"audio-3577-2\" preload=\"none\" style=\"width: 100%;\" controls=\"controls\"><source type=\"audio\/mpeg\" src=\"https:\/\/archive.org\/download\/audio-silvia-saravia-09-06-2021\/AUDIO%20-%20SILVIA%20SARAVIA%2009%2006%202021.mp3?_=2\" \/><a href=\"https:\/\/archive.org\/download\/audio-silvia-saravia-09-06-2021\/AUDIO%20-%20SILVIA%20SARAVIA%2009%2006%202021.mp3\">https:\/\/archive.org\/download\/audio-silvia-saravia-09-06-2021\/AUDIO%20-%20SILVIA%20SARAVIA%2009%2006%202021.mp3<\/a><\/audio>\n<p>&nbsp;<\/p>\n<div class=\"powerpress_player\" id=\"powerpress_player_6784\"><audio class=\"wp-audio-shortcode\" id=\"audio-3577-1\" preload=\"none\" style=\"width: 100%;\" controls=\"controls\"><source type=\"audio\/mpeg\" src=\"https:\/\/archive.org\/download\/audio-silvia-saravia-09-06-2021\/AUDIO%20-%20SILVIA%20SARAVIA%2009%2006%202021.mp3?_=1\" \/><a href=\"https:\/\/archive.org\/download\/audio-silvia-saravia-09-06-2021\/AUDIO%20-%20SILVIA%20SARAVIA%2009%2006%202021.mp3\">https:\/\/archive.org\/download\/audio-silvia-saravia-09-06-2021\/AUDIO%20-%20SILVIA%20SARAVIA%2009%2006%202021.mp3<\/a><\/audio><\/div><p class=\"powerpress_links powerpress_links_mp3\" style=\"margin-bottom: 1px !important;\">Podcast: <a href=\"https:\/\/archive.org\/download\/audio-silvia-saravia-09-06-2021\/AUDIO%20-%20SILVIA%20SARAVIA%2009%2006%202021.mp3\" class=\"powerpress_link_pinw\" target=\"_blank\" title=\"Reproducir en una nueva ventana\" onclick=\"return powerpress_pinw('https:\/\/fmtinkunaco.ar\/?powerpress_pinw=3577-podcast');\" rel=\"nofollow\">Reproducir en una nueva ventana<\/a> | <a href=\"https:\/\/archive.org\/download\/audio-silvia-saravia-09-06-2021\/AUDIO%20-%20SILVIA%20SARAVIA%2009%2006%202021.mp3\" class=\"powerpress_link_d\" title=\"Descargar\" rel=\"nofollow\" download=\"AUDIO%20-%20SILVIA%20SARAVIA%2009%2006%202021.mp3\">Descargar<\/a><\/p>","protected":false},"excerpt":{"rendered":"<p>Barrios de Pie junto a organizaciones sociales movilizaron, en el d\u00eda de ayer, por vacunas para trabajadores y trabajadoras esenciales de comedores y merenderos, conectividad y netbooks. Las organizaciones se movilizaron al Ministerio de Educaci\u00f3n, a la Casa de la provincia de Buenos Aires y al ENACOM. En di\u00e1logo con el programa radial \u201cEncuentro con [&hellip;]<\/p>\n","protected":false},"author":1,"featured_media":3578,"comment_status":"open","ping_status":"open","sticky":false,"template":"","format":"standard","meta":{"footnotes":""},"categories":[4,9],"tags":[62,327,462],"class_list":["post-3577","post","type-post","status-publish","format-standard","has-post-thumbnail","hentry","category-derechos-humanos","category-sociedad","tag-barrios-de-pie","tag-movilizacion","tag-silvia-saravia"],"_links":{"self":[{"href":"https:\/\/fmtinkunaco.ar\/index.php?rest_route=\/wp\/v2\/posts\/3577","targetHints":{"allow":["GET"]}}],"collection":[{"href":"https:\/\/fmtinkunaco.ar\/index.php?rest_route=\/wp\/v2\/posts"}],"about":[{"href":"https:\/\/fmtinkunaco.ar\/index.php?rest_route=\/wp\/v2\/types\/post"}],"author":[{"embeddable":true,"href":"https:\/\/fmtinkunaco.ar\/index.php?rest_route=\/wp\/v2\/users\/1"}],"replies":[{"embeddable":true,"href":"https:\/\/fmtinkunaco.ar\/index.php?rest_route=%2Fwp%2Fv2%2Fcomments&post=3577"}],"version-history":[{"count":0,"href":"https:\/\/fmtinkunaco.ar\/index.php?rest_route=\/wp\/v2\/posts\/3577\/revisions"}],"wp:featuredmedia":[{"embeddable":true,"href":"https:\/\/fmtinkunaco.ar\/index.php?rest_route=\/"}],"wp:attachment":[{"href":"https:\/\/fmtinkunaco.ar\/index.php?rest_route=%2Fwp%2Fv2%2Fmedia&parent=3577"}],"wp:term":[{"taxonomy":"category","embeddable":true,"href":"https:\/\/fmtinkunaco.ar\/index.php?rest_route=%2Fwp%2Fv2%2Fcategories&post=3577"},{"taxonomy":"post_tag","embeddable":true,"href":"https:\/\/fmtinkunaco.ar\/index.php?rest_route=%2Fwp%2Fv2%2Ftags&post=3577"}],"curies":[{"name":"wp","href":"https:\/\/api.w.org\/{rel}","templated":true}]}}