{"id":3581,"date":"2021-06-10T10:46:44","date_gmt":"2021-06-10T13:46:44","guid":{"rendered":"http:\/\/fmtinkunaco.com.ar\/?p=3581"},"modified":"2021-06-10T10:46:44","modified_gmt":"2021-06-10T13:46:44","slug":"ate-moreno-tendra-una-nueva-reunion-paritaria-con-el-ejecutivo-municipal","status":"publish","type":"post","link":"https:\/\/fmtinkunaco.ar\/?p=3581","title":{"rendered":"ATE Moreno tendr\u00e1 una nueva reuni\u00f3n paritaria con el Ejecutivo Municipal"},"content":{"rendered":"<p>El pasado jueves 3 de junio, el municipio de Moreno anunci\u00f3 un porcentaje de aumento salarial a los trabajadores y las trabajadoras municipales.<\/p>\n<p>Esta decisi\u00f3n, denunci\u00f3 ATE Moreno, se tom\u00f3 de manera unilateral y arbitraria, por lo que el municipio se encontrar\u00eda violando la Ley Paritaria.<br \/>\nLa misma propone un \u00e1mbito bipartito de estas discusiones y acuerdos.<\/p>\n<p>ATE Moreno rechaz\u00f3 rotundamente el anuncio realizado por el Ejecutivo Municipal y exigieron nuevamente se abran los canales de discusi\u00f3n paritaria, pase a planta permanente, recategorizaci\u00f3n y nivelaci\u00f3n.<\/p>\n<p>Frente a esto, autoridades municipales salieron a aclarar que fue un error y que la decisi\u00f3n no la\u00a0 tomo la Intendenta.<\/p>\n<p>En di\u00e1logo con el programa radial \u201cEncuentro con las Noticias\u201d, Ra\u00fal Soria, Delegado de las y los trabajadores municipales, se refiri\u00f3 a esta decisi\u00f3n unilateral y a la retractaci\u00f3n, <em>\u201cEn el d\u00eda de ayer, un funcionario del Ejecutivo de la Municipalidad de Moreno sali\u00f3 a aclarar que fue un error, que fue una decisi\u00f3n que tomo \u00e9l, no la tomo la Intendenta, que entend\u00eda que era positivo informar que el aumento iba a ser antes del aguinaldo con lo cual iba a impactar. Pero bueno, nosotros tenemos que sostener nuestra posici\u00f3n de que esos debates, esas charlas tienen que darse donde corresponde, en la mesa paritaria, que hay un Ley que as\u00ed lo dice\u201d.<\/em><\/p>\n<p>El \u00faltimo dialogo de negociaci\u00f3n paritario se hab\u00eda realizado el mismo d\u00eda del anuncio, el 3 de junio, pocas horas antes.<\/p>\n<p>Luego de que el funcionario, se retractar\u00e1 sucedi\u00f3 un di\u00e1logo que estableci\u00f3 el d\u00eda de ma\u00f1ana como pr\u00f3xima reuni\u00f3n paritaria.<\/p>\n<p>Soria, se refiri\u00f3 a los porcentajes que se encuentran pidiendo las y los trabajadores municipales, <em>\u201cEl \u00faltimo ofrecimiento del Ejecutivo fue del 32% en tres tramos, 12% ahora en el pr\u00f3ximo cobro que impactar\u00eda en el aguinaldo, 12% en octubre y un 8% en febrero, ya el a\u00f1o que viene. La realidad es que nosotros desde la Junta Interna y desde la Comisi\u00f3n Directiva de la seccional de Moreno vemos como totalmente insuficiente el ofrecimiento, entendemos que la inflaci\u00f3n va a rozar el 47%- $48% este a\u00f1o y entendemos que los trabajadores municipales, de todas las seccionales, por lo general terminamos perdiendo poder adquisitivo. El a\u00f1o pasado hemos perdido un 13,3%, este a\u00f1o perderemos de nuevo por lo que parece, la realidad es que el sueldo de los municipales queda siempre por debajo de la inflaci\u00f3n\u201d.<\/em><\/p>\n<p>La pr\u00f3xima reuni\u00f3n paritaria ser\u00e1 ma\u00f1ana, viernes 11 de junio.<\/p>\n<p>Compartimos la entrevista completa<\/p>\n<p><a href=\"https:\/\/archive.org\/details\/audio-raul-soria-ate-moreno-10-062021\">Descargar<\/a><\/p>\n<p>&nbsp;<\/p>\n<audio class=\"wp-audio-shortcode\" id=\"audio-3581-2\" preload=\"none\" style=\"width: 100%;\" controls=\"controls\"><source type=\"audio\/mpeg\" src=\"https:\/\/archive.org\/download\/audio-raul-soria-ate-moreno-10-062021\/AUDIO%20-%20RAUL%20SORIA%20%28ATE%20MORENO%29%2010%20062021.mp3?_=2\" \/><a href=\"https:\/\/archive.org\/download\/audio-raul-soria-ate-moreno-10-062021\/AUDIO%20-%20RAUL%20SORIA%20%28ATE%20MORENO%29%2010%20062021.mp3\">https:\/\/archive.org\/download\/audio-raul-soria-ate-moreno-10-062021\/AUDIO%20-%20RAUL%20SORIA%20%28ATE%20MORENO%29%2010%20062021.mp3<\/a><\/audio>\n<p>&nbsp;<\/p>\n<div class=\"powerpress_player\" id=\"powerpress_player_9868\"><audio class=\"wp-audio-shortcode\" id=\"audio-3581-1\" preload=\"none\" style=\"width: 100%;\" controls=\"controls\"><source type=\"audio\/mpeg\" src=\"https:\/\/archive.org\/download\/audio-raul-soria-ate-moreno-10-062021\/AUDIO%20-%20RAUL%20SORIA%20%28ATE%20MORENO%29%2010%20062021.mp3?_=1\" \/><a href=\"https:\/\/archive.org\/download\/audio-raul-soria-ate-moreno-10-062021\/AUDIO%20-%20RAUL%20SORIA%20%28ATE%20MORENO%29%2010%20062021.mp3\">https:\/\/archive.org\/download\/audio-raul-soria-ate-moreno-10-062021\/AUDIO%20-%20RAUL%20SORIA%20%28ATE%20MORENO%29%2010%20062021.mp3<\/a><\/audio><\/div><p class=\"powerpress_links powerpress_links_mp3\" style=\"margin-bottom: 1px !important;\">Podcast: <a href=\"https:\/\/archive.org\/download\/audio-raul-soria-ate-moreno-10-062021\/AUDIO%20-%20RAUL%20SORIA%20%28ATE%20MORENO%29%2010%20062021.mp3\" class=\"powerpress_link_pinw\" target=\"_blank\" title=\"Reproducir en una nueva ventana\" onclick=\"return powerpress_pinw('https:\/\/fmtinkunaco.ar\/?powerpress_pinw=3581-podcast');\" rel=\"nofollow\">Reproducir en una nueva ventana<\/a> | <a href=\"https:\/\/archive.org\/download\/audio-raul-soria-ate-moreno-10-062021\/AUDIO%20-%20RAUL%20SORIA%20%28ATE%20MORENO%29%2010%20062021.mp3\" class=\"powerpress_link_d\" title=\"Descargar\" rel=\"nofollow\" download=\"AUDIO%20-%20RAUL%20SORIA%20%28ATE%20MORENO%29%2010%20062021.mp3\">Descargar<\/a><\/p>","protected":false},"excerpt":{"rendered":"<p>El pasado jueves 3 de junio, el municipio de Moreno anunci\u00f3 un porcentaje de aumento salarial a los trabajadores y las trabajadoras municipales. Esta decisi\u00f3n, denunci\u00f3 ATE Moreno, se tom\u00f3 de manera unilateral y arbitraria, por lo que el municipio se encontrar\u00eda violando la Ley Paritaria. La misma propone un \u00e1mbito bipartito de estas discusiones [&hellip;]<\/p>\n","protected":false},"author":1,"featured_media":3582,"comment_status":"open","ping_status":"open","sticky":false,"template":"","format":"standard","meta":{"footnotes":""},"categories":[4,9],"tags":[58,336,377,481],"class_list":["post-3581","post","type-post","status-publish","format-standard","has-post-thumbnail","hentry","category-derechos-humanos","category-sociedad","tag-ate-moreno","tag-municipalidad-de-moreno","tag-paritaria-2021","tag-trabajadores-municipales"],"_links":{"self":[{"href":"https:\/\/fmtinkunaco.ar\/index.php?rest_route=\/wp\/v2\/posts\/3581","targetHints":{"allow":["GET"]}}],"collection":[{"href":"https:\/\/fmtinkunaco.ar\/index.php?rest_route=\/wp\/v2\/posts"}],"about":[{"href":"https:\/\/fmtinkunaco.ar\/index.php?rest_route=\/wp\/v2\/types\/post"}],"author":[{"embeddable":true,"href":"https:\/\/fmtinkunaco.ar\/index.php?rest_route=\/wp\/v2\/users\/1"}],"replies":[{"embeddable":true,"href":"https:\/\/fmtinkunaco.ar\/index.php?rest_route=%2Fwp%2Fv2%2Fcomments&post=3581"}],"version-history":[{"count":0,"href":"https:\/\/fmtinkunaco.ar\/index.php?rest_route=\/wp\/v2\/posts\/3581\/revisions"}],"wp:featuredmedia":[{"embeddable":true,"href":"https:\/\/fmtinkunaco.ar\/index.php?rest_route=\/"}],"wp:attachment":[{"href":"https:\/\/fmtinkunaco.ar\/index.php?rest_route=%2Fwp%2Fv2%2Fmedia&parent=3581"}],"wp:term":[{"taxonomy":"category","embeddable":true,"href":"https:\/\/fmtinkunaco.ar\/index.php?rest_route=%2Fwp%2Fv2%2Fcategories&post=3581"},{"taxonomy":"post_tag","embeddable":true,"href":"https:\/\/fmtinkunaco.ar\/index.php?rest_route=%2Fwp%2Fv2%2Ftags&post=3581"}],"curies":[{"name":"wp","href":"https:\/\/api.w.org\/{rel}","templated":true}]}}