{"id":3584,"date":"2021-06-11T10:34:15","date_gmt":"2021-06-11T13:34:15","guid":{"rendered":"http:\/\/fmtinkunaco.com.ar\/?p=3584"},"modified":"2021-06-11T10:34:15","modified_gmt":"2021-06-11T13:34:15","slug":"la-camara-baja-dio-media-sancion-a-la-ley-de-cupo-e-inclusion-laboral-trans-travesti","status":"publish","type":"post","link":"https:\/\/fmtinkunaco.ar\/?p=3584","title":{"rendered":"La C\u00e1mara Baja dio media sanci\u00f3n a la Ley de Cupo e Inclusi\u00f3n Laboral Trans Travesti"},"content":{"rendered":"<p>En la madrugada del d\u00eda de hoy, la C\u00e1mara de Diputados dio media sanci\u00f3n a la Ley de Cupo e Inclusi\u00f3n Laboral Trans Travesti con 207 votos a favor, 11 en contra y 7 abstenciones.<\/p>\n<p>El proyecto fija un piso de 1% para todo el personal del Estado pero, adem\u00e1s, considera un incentivo por contrataci\u00f3n a las empresas privadas.<\/p>\n<p>El cupo laboral, es una deuda hist\u00f3rica con lxs compa\u00f1erxs del colectivo trans travesti, es una lucha que se comenz\u00f3 a dar hace muchos a\u00f1os y es una de las consignas claves del pasado 3 de junio.<\/p>\n<p>En di\u00e1logo con la FM Tinkunaco, Marian Luana L\u00f3pez Reta, Coordinadora de la Comisi\u00f3n de Diversidad de la APDH Zona Norte y activista del colectivo trans travesti, describi\u00f3 la emoci\u00f3n por la media sanci\u00f3n, <em>\u201cTodav\u00eda movilizada, todav\u00eda por momentos de llantos, son muchas emociones, son muchas sensaciones que se manejan. La realidad de que todav\u00eda la media sanci\u00f3n pero m\u00e1s con el resultado que seguramente facilita el tr\u00e1mite en el Senado que nos falta, esto seguro va a ser ley. Y el trasfondo es la cantidad de compa\u00f1eras que jam\u00e1s pudieron acceder a un puesto de trabajo, inclusive compa\u00f1eras grandes de 50 a\u00f1os o m\u00e1s que jam\u00e1s siquiera tuvieron una entrevista de laburo, algo tan mundano como una entrevista laboral y ni siquiera tuvieron esa posibilidad. Darle dimensi\u00f3n a eso, darle dimensi\u00f3n a todo lo que esto significa\u201d.<\/em><\/p>\n<p>Marian Reta, adem\u00e1s, sostuvo, <em>\u201cEsto no se trata de privilegios, esto se trata de la reparaci\u00f3n de una deuda hist\u00f3rica. El momento cuando se anuncia la votaci\u00f3n y todas llorando, abrazadas, aplaudiendo, y mire para abajo yo estaba en la galer\u00eda del segundo piso y veo a todos los legisladores mir\u00e1ndonos y aplaudi\u00e9ndonos ellos a nosotros, fue todo muy fuerte\u201d.<\/em><\/p>\n<p>El proyecto lleva los nombres de dos activistas hist\u00f3ricas del colectivo trans travesti, Diana Sacay\u00e1n y Loahana Berkins, y establece obligaciones del Estado para garantizar el acceso al empleo al colectivo.<\/p>\n<p>Compartimos la entrevista completa<\/p>\n<p><a href=\"https:\/\/archive.org\/details\/audio-marian-luana-lopez-reta-11-06-2021\">Descargar<\/a><\/p>\n<p>&nbsp;<\/p>\n<audio class=\"wp-audio-shortcode\" id=\"audio-3584-2\" preload=\"none\" style=\"width: 100%;\" controls=\"controls\"><source type=\"audio\/mpeg\" src=\"https:\/\/archive.org\/download\/audio-marian-luana-lopez-reta-11-06-2021\/AUDIO%20-%20MARIAN%20LUANA%20LOPEZ%20RETA%2011%2006%202021.mp3?_=2\" \/><a href=\"https:\/\/archive.org\/download\/audio-marian-luana-lopez-reta-11-06-2021\/AUDIO%20-%20MARIAN%20LUANA%20LOPEZ%20RETA%2011%2006%202021.mp3\">https:\/\/archive.org\/download\/audio-marian-luana-lopez-reta-11-06-2021\/AUDIO%20-%20MARIAN%20LUANA%20LOPEZ%20RETA%2011%2006%202021.mp3<\/a><\/audio>\n<p>&nbsp;<\/p>\n<div class=\"powerpress_player\" id=\"powerpress_player_2256\"><audio class=\"wp-audio-shortcode\" id=\"audio-3584-1\" preload=\"none\" style=\"width: 100%;\" controls=\"controls\"><source type=\"audio\/mpeg\" src=\"https:\/\/archive.org\/download\/audio-marian-luana-lopez-reta-11-06-2021\/AUDIO%20-%20MARIAN%20LUANA%20LOPEZ%20RETA%2011%2006%202021.mp3?_=1\" \/><a href=\"https:\/\/archive.org\/download\/audio-marian-luana-lopez-reta-11-06-2021\/AUDIO%20-%20MARIAN%20LUANA%20LOPEZ%20RETA%2011%2006%202021.mp3\">https:\/\/archive.org\/download\/audio-marian-luana-lopez-reta-11-06-2021\/AUDIO%20-%20MARIAN%20LUANA%20LOPEZ%20RETA%2011%2006%202021.mp3<\/a><\/audio><\/div><p class=\"powerpress_links powerpress_links_mp3\" style=\"margin-bottom: 1px !important;\">Podcast: <a href=\"https:\/\/archive.org\/download\/audio-marian-luana-lopez-reta-11-06-2021\/AUDIO%20-%20MARIAN%20LUANA%20LOPEZ%20RETA%2011%2006%202021.mp3\" class=\"powerpress_link_pinw\" target=\"_blank\" title=\"Reproducir en una nueva ventana\" onclick=\"return powerpress_pinw('https:\/\/fmtinkunaco.ar\/?powerpress_pinw=3584-podcast');\" rel=\"nofollow\">Reproducir en una nueva ventana<\/a> | <a href=\"https:\/\/archive.org\/download\/audio-marian-luana-lopez-reta-11-06-2021\/AUDIO%20-%20MARIAN%20LUANA%20LOPEZ%20RETA%2011%2006%202021.mp3\" class=\"powerpress_link_d\" title=\"Descargar\" rel=\"nofollow\" download=\"AUDIO%20-%20MARIAN%20LUANA%20LOPEZ%20RETA%2011%2006%202021.mp3\">Descargar<\/a><\/p>","protected":false},"excerpt":{"rendered":"<p>En la madrugada del d\u00eda de hoy, la C\u00e1mara de Diputados dio media sanci\u00f3n a la Ley de Cupo e Inclusi\u00f3n Laboral Trans Travesti con 207 votos a favor, 11 en contra y 7 abstenciones. El proyecto fija un piso de 1% para todo el personal del Estado pero, adem\u00e1s, considera un incentivo por contrataci\u00f3n [&hellip;]<\/p>\n","protected":false},"author":1,"featured_media":3585,"comment_status":"open","ping_status":"open","sticky":false,"template":"","format":"standard","meta":{"footnotes":""},"categories":[6],"tags":[282],"class_list":["post-3584","post","type-post","status-publish","format-standard","has-post-thumbnail","hentry","category-genero","tag-ley-de-cupo-laboral-travesti-trans"],"_links":{"self":[{"href":"https:\/\/fmtinkunaco.ar\/index.php?rest_route=\/wp\/v2\/posts\/3584","targetHints":{"allow":["GET"]}}],"collection":[{"href":"https:\/\/fmtinkunaco.ar\/index.php?rest_route=\/wp\/v2\/posts"}],"about":[{"href":"https:\/\/fmtinkunaco.ar\/index.php?rest_route=\/wp\/v2\/types\/post"}],"author":[{"embeddable":true,"href":"https:\/\/fmtinkunaco.ar\/index.php?rest_route=\/wp\/v2\/users\/1"}],"replies":[{"embeddable":true,"href":"https:\/\/fmtinkunaco.ar\/index.php?rest_route=%2Fwp%2Fv2%2Fcomments&post=3584"}],"version-history":[{"count":0,"href":"https:\/\/fmtinkunaco.ar\/index.php?rest_route=\/wp\/v2\/posts\/3584\/revisions"}],"wp:featuredmedia":[{"embeddable":true,"href":"https:\/\/fmtinkunaco.ar\/index.php?rest_route=\/"}],"wp:attachment":[{"href":"https:\/\/fmtinkunaco.ar\/index.php?rest_route=%2Fwp%2Fv2%2Fmedia&parent=3584"}],"wp:term":[{"taxonomy":"category","embeddable":true,"href":"https:\/\/fmtinkunaco.ar\/index.php?rest_route=%2Fwp%2Fv2%2Fcategories&post=3584"},{"taxonomy":"post_tag","embeddable":true,"href":"https:\/\/fmtinkunaco.ar\/index.php?rest_route=%2Fwp%2Fv2%2Ftags&post=3584"}],"curies":[{"name":"wp","href":"https:\/\/api.w.org\/{rel}","templated":true}]}}