{"id":3595,"date":"2021-06-15T11:05:58","date_gmt":"2021-06-15T14:05:58","guid":{"rendered":"http:\/\/fmtinkunaco.com.ar\/?p=3595"},"modified":"2021-06-15T11:05:58","modified_gmt":"2021-06-15T14:05:58","slug":"jose-c-paz-asamblea-de-vecinos-y-vecinas-contra-el-ajuste-y-el-hambre","status":"publish","type":"post","link":"https:\/\/fmtinkunaco.ar\/?p=3595","title":{"rendered":"Jos\u00e9. C. Paz: Asamblea de vecinos y vecinas contra el ajuste y el hambre"},"content":{"rendered":"<p>Vecinos y vecinas del partido de Jos\u00e9. C. Paz se vienen organizando, junto a referentes del Polo Obrero, contra el hambre y el ajuste en asambleas.<\/p>\n<p>En di\u00e1logo con el programa radial \u201cEncuentro con las Noticias\u201d, Sandra Becerra, Dirigenta del Polo Obrero de Jos\u00e9. C. Paz, se refiri\u00f3 a las asambleas que se vienen realizando, <em>\u201cNosotros hicimos una asamblea con todos los vecinos y los compa\u00f1eros de los 15 barrios que tenemos merenderos y comedores. Ya no se aguanta m\u00e1s la pobreza, la miseria, el hambre que hay en todos los barrios; cada vez se est\u00e1n sumando mas vecinos, m\u00e1s compa\u00f1eros porque dicen qu\u00e9date en tu casa y no haces nada qued\u00e1ndote en tu casa porque las familias no tienen para comer, no tienen trabajo, no tienen nada realmente\u201d.<\/em><\/p>\n<p>Becerra, describi\u00f3 la situaci\u00f3n de muchos vecinos y vecinas pace\u00f1as,<em> \u201cNo tenemos obras h\u00eddricas, no hay agua, no hay cloacas, no hay obras p\u00fablicas y nosotros queremos una salida. Los ciudadanos que estamos ac\u00e1 en el distrito estamos cansados, porque no se hace nada\u201d.<\/em><\/p>\n<p>Sandra Becerra, tambi\u00e9n hizo referencia a la situaci\u00f3n de trabajadores y trabajadoras de los merenderos y comedores, <em>\u201cLos compa\u00f1eros de los merenderos y los comedores no est\u00e1n vacunados, estamos atendiendo a los chicos pero no est\u00e1n vacunados. Estamos d\u00e1ndoles las viandas a los compa\u00f1eros y a los vecinos, atendi\u00e9ndolos de la ventanita, ellos te dejan la fuente y se entrega lo que nos da la organizaci\u00f3n porque nosotros vamos a pedir mercader\u00eda al municipio y te ponen miles de excusas. (\u2026) De los 16 merenderos que tenemos, a 4 merenderos solamente les dan la comida que no es mucho pero tratamos de darle a los vecinos\u201d.<\/em><\/p>\n<p>Hace 3 a\u00f1os el Polo Obrero ten\u00eda un merendero y actualmente, tiene casi 20 merenderos y comedores.<\/p>\n<p>El jueves pr\u00f3ximo habr\u00e1 una asamblea en Parque Jard\u00edn.<\/p>\n<p>Compartimos la entrevista completa<\/p>\n<p><a href=\"https:\/\/archive.org\/details\/audio-sandra-becerra-polo-obrero-jcp-15-06-2021\">Descargar<\/a><\/p>\n<audio class=\"wp-audio-shortcode\" id=\"audio-3595-2\" preload=\"none\" style=\"width: 100%;\" controls=\"controls\"><source type=\"audio\/mpeg\" src=\"https:\/\/archive.org\/download\/audio-sandra-becerra-polo-obrero-jcp-15-06-2021\/AUDIO%20-%20SANDRA%20BECERRA%20%28POLO%20OBRERO%20JCP%29%2015%2006%202021.mp3?_=2\" \/><a href=\"https:\/\/archive.org\/download\/audio-sandra-becerra-polo-obrero-jcp-15-06-2021\/AUDIO%20-%20SANDRA%20BECERRA%20%28POLO%20OBRERO%20JCP%29%2015%2006%202021.mp3\">https:\/\/archive.org\/download\/audio-sandra-becerra-polo-obrero-jcp-15-06-2021\/AUDIO%20-%20SANDRA%20BECERRA%20%28POLO%20OBRERO%20JCP%29%2015%2006%202021.mp3<\/a><\/audio>\n<div class=\"powerpress_player\" id=\"powerpress_player_7223\"><audio class=\"wp-audio-shortcode\" id=\"audio-3595-1\" preload=\"none\" style=\"width: 100%;\" controls=\"controls\"><source type=\"audio\/mpeg\" src=\"https:\/\/archive.org\/download\/audio-sandra-becerra-polo-obrero-jcp-15-06-2021\/AUDIO%20-%20SANDRA%20BECERRA%20%28POLO%20OBRERO%20JCP%29%2015%2006%202021.mp3?_=1\" \/><a href=\"https:\/\/archive.org\/download\/audio-sandra-becerra-polo-obrero-jcp-15-06-2021\/AUDIO%20-%20SANDRA%20BECERRA%20%28POLO%20OBRERO%20JCP%29%2015%2006%202021.mp3\">https:\/\/archive.org\/download\/audio-sandra-becerra-polo-obrero-jcp-15-06-2021\/AUDIO%20-%20SANDRA%20BECERRA%20%28POLO%20OBRERO%20JCP%29%2015%2006%202021.mp3<\/a><\/audio><\/div><p class=\"powerpress_links powerpress_links_mp3\" style=\"margin-bottom: 1px !important;\">Podcast: <a href=\"https:\/\/archive.org\/download\/audio-sandra-becerra-polo-obrero-jcp-15-06-2021\/AUDIO%20-%20SANDRA%20BECERRA%20%28POLO%20OBRERO%20JCP%29%2015%2006%202021.mp3\" class=\"powerpress_link_pinw\" target=\"_blank\" title=\"Reproducir en una nueva ventana\" onclick=\"return powerpress_pinw('https:\/\/fmtinkunaco.ar\/?powerpress_pinw=3595-podcast');\" rel=\"nofollow\">Reproducir en una nueva ventana<\/a> | <a href=\"https:\/\/archive.org\/download\/audio-sandra-becerra-polo-obrero-jcp-15-06-2021\/AUDIO%20-%20SANDRA%20BECERRA%20%28POLO%20OBRERO%20JCP%29%2015%2006%202021.mp3\" class=\"powerpress_link_d\" title=\"Descargar\" rel=\"nofollow\" download=\"AUDIO%20-%20SANDRA%20BECERRA%20%28POLO%20OBRERO%20JCP%29%2015%2006%202021.mp3\">Descargar<\/a><\/p>","protected":false},"excerpt":{"rendered":"<p>Vecinos y vecinas del partido de Jos\u00e9. C. Paz se vienen organizando, junto a referentes del Polo Obrero, contra el hambre y el ajuste en asambleas. En di\u00e1logo con el programa radial \u201cEncuentro con las Noticias\u201d, Sandra Becerra, Dirigenta del Polo Obrero de Jos\u00e9. C. Paz, se refiri\u00f3 a las asambleas que se vienen realizando, [&hellip;]<\/p>\n","protected":false},"author":1,"featured_media":3596,"comment_status":"open","ping_status":"open","sticky":false,"template":"","format":"standard","meta":{"footnotes":""},"categories":[9],"tags":[405],"class_list":["post-3595","post","type-post","status-publish","format-standard","has-post-thumbnail","hentry","category-sociedad","tag-polo-obrero"],"_links":{"self":[{"href":"https:\/\/fmtinkunaco.ar\/index.php?rest_route=\/wp\/v2\/posts\/3595","targetHints":{"allow":["GET"]}}],"collection":[{"href":"https:\/\/fmtinkunaco.ar\/index.php?rest_route=\/wp\/v2\/posts"}],"about":[{"href":"https:\/\/fmtinkunaco.ar\/index.php?rest_route=\/wp\/v2\/types\/post"}],"author":[{"embeddable":true,"href":"https:\/\/fmtinkunaco.ar\/index.php?rest_route=\/wp\/v2\/users\/1"}],"replies":[{"embeddable":true,"href":"https:\/\/fmtinkunaco.ar\/index.php?rest_route=%2Fwp%2Fv2%2Fcomments&post=3595"}],"version-history":[{"count":0,"href":"https:\/\/fmtinkunaco.ar\/index.php?rest_route=\/wp\/v2\/posts\/3595\/revisions"}],"wp:featuredmedia":[{"embeddable":true,"href":"https:\/\/fmtinkunaco.ar\/index.php?rest_route=\/"}],"wp:attachment":[{"href":"https:\/\/fmtinkunaco.ar\/index.php?rest_route=%2Fwp%2Fv2%2Fmedia&parent=3595"}],"wp:term":[{"taxonomy":"category","embeddable":true,"href":"https:\/\/fmtinkunaco.ar\/index.php?rest_route=%2Fwp%2Fv2%2Fcategories&post=3595"},{"taxonomy":"post_tag","embeddable":true,"href":"https:\/\/fmtinkunaco.ar\/index.php?rest_route=%2Fwp%2Fv2%2Ftags&post=3595"}],"curies":[{"name":"wp","href":"https:\/\/api.w.org\/{rel}","templated":true}]}}