{"id":3606,"date":"2021-06-16T14:02:34","date_gmt":"2021-06-16T17:02:34","guid":{"rendered":"http:\/\/fmtinkunaco.com.ar\/?p=3606"},"modified":"2021-06-16T14:02:34","modified_gmt":"2021-06-16T17:02:34","slug":"mas-de-300-mil-familias-viven-en-barrios-populares-en-el-conurbano-bonaerense","status":"publish","type":"post","link":"https:\/\/fmtinkunaco.ar\/?p=3606","title":{"rendered":"M\u00e1s de 300 mil familias viven en barrios populares en el conurbano bonaerense"},"content":{"rendered":"<p>El Observatorio del Conurbano Bonaerense, de la Universidad Nacional de General Sarmiento,\u00a0 present\u00f3 la base consolidada de informaci\u00f3n sobre barrios populares del AMBA a partir de datos del Registro Nacional de Barrios Populares (RENABAP) entre 2016 y 2019.<\/p>\n<p>La base tiene informaci\u00f3n georeferenciable y desagregada a nivel barrio popular de Buenos Aires y CABA.<\/p>\n<p>En di\u00e1logo con el programa radial \u201cEncuentro con las Noticias\u201d, Emanuel L\u00f3pez M\u00e9ndez, responsable de contenidos del Observatorio del Conurbano, repas\u00f3 c\u00f3mo tuvieron acceso a muchos de los datos, <em>\u201cLo m\u00e1s importante de esta base que nosotros pudimos consolidar, de los primeros datos que empezamos a juntar, es que son datos que sab\u00edamos que el Estado tenia pero no son p\u00fablicos en ning\u00fan lado, es decir se hab\u00edan hecho las encuestas, se hab\u00edan echo los relevamientos de infraestructura y los datos est\u00e1n en una computadora en el Ministerio y tuvimos que pedirlos, hacer los pedidos para que nos den esa informaci\u00f3n. Y con esa informaci\u00f3n nosotros tomamos primero estos tres municipios, San Miguel, Malvinas Argentinas y Jos\u00e9. C. Paz\u201d.<\/em><\/p>\n<p>En los municipios de San Miguel, Malvinas Argentinas y Jos\u00e9 C. Paz, partidos aleda\u00f1os a la Universidad Nacional de General Sarmiento (UNGS), hay 116 barrios populares.<\/p>\n<p>La informalidad alcanza al 40% de las personas ocupadas y m\u00e1s del 30% de quienes declaran no trabajar, se encuentran en b\u00fasqueda laboral activa.<\/p>\n<p>Por otro lado, uno de los datos tambi\u00e9n responde a cual es la situaci\u00f3n en estos barrios en cuanto a la recepci\u00f3n de planes y programas sociales. Respecto a esto, M\u00e9ndez, remarc\u00f3 cuales fueron los datos arrojados, <em>\u201cEn los tres municipios, m\u00e1s de la mitad de los responsables de familia eran receptores de AUH, lo que nos indica una fuerte presencia de la AUH pero tambi\u00e9n de otros que est\u00e1n asociados como la tarjeta alimentar, el potenciar trabajo, vemos que tienen un fuerte peso. Se ve un Estado presente en ese sentido, en el de transferencia de ingresos podemos decir que hay un Estado presente, totalmente discutible la insuficiencia de esa presencia pero que llega. (\u2026) Ahora s\u00ed como te digo que se ve un Estado presente, con insuficiencias seguramente respecto a los ingresos, quiz\u00e1s la parte de infraestructura es donde se ve la mayor debilidad\u201d.<\/em><\/p>\n<p>En el conurbano, 1.012 son los barrios populares que existen. El 90% de su poblaci\u00f3n es menor de 65 a\u00f1os y la construcci\u00f3n es la principal actividad laboral.<\/p>\n<p>Para acceder al informe, podes ingresar a este link http:\/\/observatorioconurbano.ungs.edu.ar\/?p=14566<\/p>\n<p>Compartimos la entrevista completa<\/p>\n<p><a href=\"https:\/\/archive.org\/details\/audio-emanuel-lopez-mendez-16-06-2021\">Descargar<\/a><\/p>\n<p>&nbsp;<\/p>\n<audio class=\"wp-audio-shortcode\" id=\"audio-3606-2\" preload=\"none\" style=\"width: 100%;\" controls=\"controls\"><source type=\"audio\/mpeg\" src=\"https:\/\/archive.org\/download\/audio-emanuel-lopez-mendez-16-06-2021\/AUDIO%20-%20EMANUEL%20LOPEZ%20MENDEZ%2016%2006%202021.mp3?_=2\" \/><a href=\"https:\/\/archive.org\/download\/audio-emanuel-lopez-mendez-16-06-2021\/AUDIO%20-%20EMANUEL%20LOPEZ%20MENDEZ%2016%2006%202021.mp3\">https:\/\/archive.org\/download\/audio-emanuel-lopez-mendez-16-06-2021\/AUDIO%20-%20EMANUEL%20LOPEZ%20MENDEZ%2016%2006%202021.mp3<\/a><\/audio>\n<div class=\"powerpress_player\" id=\"powerpress_player_7188\"><audio class=\"wp-audio-shortcode\" id=\"audio-3606-1\" preload=\"none\" style=\"width: 100%;\" controls=\"controls\"><source type=\"audio\/mpeg\" src=\"https:\/\/archive.org\/download\/audio-emanuel-lopez-mendez-16-06-2021\/AUDIO%20-%20EMANUEL%20LOPEZ%20MENDEZ%2016%2006%202021.mp3?_=1\" \/><a href=\"https:\/\/archive.org\/download\/audio-emanuel-lopez-mendez-16-06-2021\/AUDIO%20-%20EMANUEL%20LOPEZ%20MENDEZ%2016%2006%202021.mp3\">https:\/\/archive.org\/download\/audio-emanuel-lopez-mendez-16-06-2021\/AUDIO%20-%20EMANUEL%20LOPEZ%20MENDEZ%2016%2006%202021.mp3<\/a><\/audio><\/div><p class=\"powerpress_links powerpress_links_mp3\" style=\"margin-bottom: 1px !important;\">Podcast: <a href=\"https:\/\/archive.org\/download\/audio-emanuel-lopez-mendez-16-06-2021\/AUDIO%20-%20EMANUEL%20LOPEZ%20MENDEZ%2016%2006%202021.mp3\" class=\"powerpress_link_pinw\" target=\"_blank\" title=\"Reproducir en una nueva ventana\" onclick=\"return powerpress_pinw('https:\/\/fmtinkunaco.ar\/?powerpress_pinw=3606-podcast');\" rel=\"nofollow\">Reproducir en una nueva ventana<\/a> | <a href=\"https:\/\/archive.org\/download\/audio-emanuel-lopez-mendez-16-06-2021\/AUDIO%20-%20EMANUEL%20LOPEZ%20MENDEZ%2016%2006%202021.mp3\" class=\"powerpress_link_d\" title=\"Descargar\" rel=\"nofollow\" download=\"AUDIO%20-%20EMANUEL%20LOPEZ%20MENDEZ%2016%2006%202021.mp3\">Descargar<\/a><\/p>","protected":false},"excerpt":{"rendered":"<p>El Observatorio del Conurbano Bonaerense, de la Universidad Nacional de General Sarmiento,\u00a0 present\u00f3 la base consolidada de informaci\u00f3n sobre barrios populares del AMBA a partir de datos del Registro Nacional de Barrios Populares (RENABAP) entre 2016 y 2019. La base tiene informaci\u00f3n georeferenciable y desagregada a nivel barrio popular de Buenos Aires y CABA. En [&hellip;]<\/p>\n","protected":false},"author":1,"featured_media":3607,"comment_status":"open","ping_status":"open","sticky":false,"template":"","format":"standard","meta":{"footnotes":""},"categories":[4,9],"tags":[63,359,500],"class_list":["post-3606","post","type-post","status-publish","format-standard","has-post-thumbnail","hentry","category-derechos-humanos","category-sociedad","tag-barrios-populares","tag-observatorio-del-conubano-bonaerense","tag-universidad-nacional-de-general-sarmiento"],"_links":{"self":[{"href":"https:\/\/fmtinkunaco.ar\/index.php?rest_route=\/wp\/v2\/posts\/3606","targetHints":{"allow":["GET"]}}],"collection":[{"href":"https:\/\/fmtinkunaco.ar\/index.php?rest_route=\/wp\/v2\/posts"}],"about":[{"href":"https:\/\/fmtinkunaco.ar\/index.php?rest_route=\/wp\/v2\/types\/post"}],"author":[{"embeddable":true,"href":"https:\/\/fmtinkunaco.ar\/index.php?rest_route=\/wp\/v2\/users\/1"}],"replies":[{"embeddable":true,"href":"https:\/\/fmtinkunaco.ar\/index.php?rest_route=%2Fwp%2Fv2%2Fcomments&post=3606"}],"version-history":[{"count":0,"href":"https:\/\/fmtinkunaco.ar\/index.php?rest_route=\/wp\/v2\/posts\/3606\/revisions"}],"wp:featuredmedia":[{"embeddable":true,"href":"https:\/\/fmtinkunaco.ar\/index.php?rest_route=\/"}],"wp:attachment":[{"href":"https:\/\/fmtinkunaco.ar\/index.php?rest_route=%2Fwp%2Fv2%2Fmedia&parent=3606"}],"wp:term":[{"taxonomy":"category","embeddable":true,"href":"https:\/\/fmtinkunaco.ar\/index.php?rest_route=%2Fwp%2Fv2%2Fcategories&post=3606"},{"taxonomy":"post_tag","embeddable":true,"href":"https:\/\/fmtinkunaco.ar\/index.php?rest_route=%2Fwp%2Fv2%2Ftags&post=3606"}],"curies":[{"name":"wp","href":"https:\/\/api.w.org\/{rel}","templated":true}]}}