{"id":3621,"date":"2021-06-23T11:05:02","date_gmt":"2021-06-23T14:05:02","guid":{"rendered":"http:\/\/fmtinkunaco.com.ar\/?p=3621"},"modified":"2021-06-23T11:05:02","modified_gmt":"2021-06-23T14:05:02","slug":"pilar-los-movimientos-sociales-reclaman-tierras-para-producir-herramientas-para-trabajar","status":"publish","type":"post","link":"https:\/\/fmtinkunaco.ar\/?p=3621","title":{"rendered":"Pilar: Los movimientos sociales reclaman \u201cTierras para producir, herramientas para trabajar\u201d"},"content":{"rendered":"<p>El MTD Oscar Barrios en FOB la Libertaria junto al Frente Popular Dar\u00edo Santill\u00e1n y al Frente de Organizaciones en Lucha, se encuentran esperando respuestas del municipio de Pilar sobre los pedidos realizados en los \u00faltimos seis meses.<\/p>\n<p>En principio, las organizaciones le acercaron al municipio de Pilar, liderado por Federico Achaval, la demanda de tierras para producir alimento sin qu\u00edmico, generando de esta manera tambi\u00e9n trabajo. Los espacios apuntaban a aquellos espacios verdes que se encuentran deshabitados, descuidados y que se han transformado muchos en basurales.<\/p>\n<p>En di\u00e1logo con el programa radial \u201cEncuentro con las Noticias\u201d, Erica Manrrique, integrante del El MTD Oscar Barrios en FOB la Libertaria de Pilar, describi\u00f3 el pedido, <em>\u201cNuestro pedido se trata de unos pedazos de tierra para que nosotros podamos producir, cultivar ya que la mayor\u00eda son paisanos bolivianos que saben de quinta, que saben de producci\u00f3n, que saben del cultivo agr\u00edcola. Entonces lo que nosotros queremos es sembrar y cultivar para poder presentar al vecino un alimento natural, sin tanto qu\u00edmico y a un buen precio, a diferencia de lo que se est\u00e1 vendiendo en las verduler\u00edas\u201d.<\/em><\/p>\n<p>En una reuni\u00f3n con autoridades del municipio, en la que el Intendente estuvo ausente, les respondieron que el pedido de tierras era imposible de cumplir, pero en su lugar les ofrecieron herramientas para poder desarrollar emprendimiento relacionados a la costura y a la panader\u00eda.<\/p>\n<p>Esto sucedi\u00f3 hace seis meses, las organizaciones a\u00fan se encuentran esperando novedades de esta situaci\u00f3n.<\/p>\n<p>Erica Manrrique, se refiri\u00f3 a la situaci\u00f3n, <em>\u201cEllos nos plantearon que tierras es imposible. Es m\u00e1s, cuando tuvimos esa reuni\u00f3n nos dijo que busquemos territorios o terrenos donde este deshabitado, a\u00f1os sin usar, sin que nadie se ocupe de ese espacios y nosotros presentamos varios lugares, hicimos como un mapeo de la zona y presentamos los habitantes que tiene y cuando fuimos a la reuni\u00f3n nos dijeron que era imposible que ellos nos puedan habilitar el paso para utilizar esa tierra, no estamos pidiendo hect\u00e1reas, estamos pidiendo de terrenos de 30 x 20 como mucho; somos tres organizaciones y cada organizaci\u00f3n abarca casi 500 personas por municipio.<\/em><br \/>\n<em> (\u2026) Nos dijeron que no nos pueden dar tierras pero que por ah\u00ed nos pueden dar herramientas para poder armar un taller tanto de costura como de panader\u00eda entonces dijimos bueno, si no est\u00e1 la tierra por lo menos ver otra manera de distribuir y dar trabajo, de poder elaborar algo. Pero tampoco hay una respuesta de las herramientas, nos tiro la onda para otra cosa pero \u00a0al final no nos da respuestas de nada\u201d.<\/em><\/p>\n<p>Adem\u00e1s, Manrrique, explic\u00f3 que han pedido una reuni\u00f3n directa con el intendente Ach\u00e1val, ya que nunca se pudieron reunir con \u00e9l, <em>\u201cNosotros pedimos una reuni\u00f3n directa con Ach\u00e1val porque hasta ahora no lo pudimos ver a \u00e9l, solamente nos presentan sus secretarios y desde ellos no hay una respuesta definitiva. (\u2026) Desde hace dos semanas que nos vienen pateando diciendo esta semana vamos a tener pero no nos dicen ni dia, ni hora. Y bueno, nuestra medida es salir a la calle para hacernos escuchar y hacernos ver que no es un pedido de organizaci\u00f3n de la interna, es un pedido a nivel general. Es un beneficio para la organizaci\u00f3n y para los vecinos porque si armamos un taller de panader\u00eda vamos a poder vender \u00a0el kilo de pan a un precio accesible para el vecino, para el kioskero\u201d.<\/em><\/p>\n<p>Compartimos la entrevista completa<\/p>\n<p><a href=\"https:\/\/archive.org\/details\/audio-erica-manrrique-mtd-ocar-barrios-pilar-23-06-2021\">Descargar<\/a><\/p>\n<p>&nbsp;<\/p>\n<audio class=\"wp-audio-shortcode\" id=\"audio-3621-2\" preload=\"none\" style=\"width: 100%;\" controls=\"controls\"><source type=\"audio\/mpeg\" src=\"https:\/\/archive.org\/download\/audio-erica-manrrique-mtd-ocar-barrios-pilar-23-06-2021\/AUDIO%20-%20ERICA%20MANRRIQUE%20%28MTD%20OCAR%20BARRIOS%20PILAR%29%2023%2006%202021.mp3?_=2\" \/><a href=\"https:\/\/archive.org\/download\/audio-erica-manrrique-mtd-ocar-barrios-pilar-23-06-2021\/AUDIO%20-%20ERICA%20MANRRIQUE%20%28MTD%20OCAR%20BARRIOS%20PILAR%29%2023%2006%202021.mp3\">https:\/\/archive.org\/download\/audio-erica-manrrique-mtd-ocar-barrios-pilar-23-06-2021\/AUDIO%20-%20ERICA%20MANRRIQUE%20%28MTD%20OCAR%20BARRIOS%20PILAR%29%2023%2006%202021.mp3<\/a><\/audio>\n<p>&nbsp;<\/p>\n<p>&nbsp;<\/p>\n<div class=\"powerpress_player\" id=\"powerpress_player_439\"><audio class=\"wp-audio-shortcode\" id=\"audio-3621-1\" preload=\"none\" style=\"width: 100%;\" controls=\"controls\"><source type=\"audio\/mpeg\" src=\"https:\/\/archive.org\/download\/audio-erica-manrrique-mtd-ocar-barrios-pilar-23-06-2021\/AUDIO%20-%20ERICA%20MANRRIQUE%20%28MTD%20OCAR%20BARRIOS%20PILAR%29%2023%2006%202021.mp3?_=1\" \/><a href=\"https:\/\/archive.org\/download\/audio-erica-manrrique-mtd-ocar-barrios-pilar-23-06-2021\/AUDIO%20-%20ERICA%20MANRRIQUE%20%28MTD%20OCAR%20BARRIOS%20PILAR%29%2023%2006%202021.mp3\">https:\/\/archive.org\/download\/audio-erica-manrrique-mtd-ocar-barrios-pilar-23-06-2021\/AUDIO%20-%20ERICA%20MANRRIQUE%20%28MTD%20OCAR%20BARRIOS%20PILAR%29%2023%2006%202021.mp3<\/a><\/audio><\/div><p class=\"powerpress_links powerpress_links_mp3\" style=\"margin-bottom: 1px !important;\">Podcast: <a href=\"https:\/\/archive.org\/download\/audio-erica-manrrique-mtd-ocar-barrios-pilar-23-06-2021\/AUDIO%20-%20ERICA%20MANRRIQUE%20%28MTD%20OCAR%20BARRIOS%20PILAR%29%2023%2006%202021.mp3\" class=\"powerpress_link_pinw\" target=\"_blank\" title=\"Reproducir en una nueva ventana\" onclick=\"return powerpress_pinw('https:\/\/fmtinkunaco.ar\/?powerpress_pinw=3621-podcast');\" rel=\"nofollow\">Reproducir en una nueva ventana<\/a> | <a href=\"https:\/\/archive.org\/download\/audio-erica-manrrique-mtd-ocar-barrios-pilar-23-06-2021\/AUDIO%20-%20ERICA%20MANRRIQUE%20%28MTD%20OCAR%20BARRIOS%20PILAR%29%2023%2006%202021.mp3\" class=\"powerpress_link_d\" title=\"Descargar\" rel=\"nofollow\" download=\"AUDIO%20-%20ERICA%20MANRRIQUE%20%28MTD%20OCAR%20BARRIOS%20PILAR%29%2023%2006%202021.mp3\">Descargar<\/a><\/p>","protected":false},"excerpt":{"rendered":"<p>El MTD Oscar Barrios en FOB la Libertaria junto al Frente Popular Dar\u00edo Santill\u00e1n y al Frente de Organizaciones en Lucha, se encuentran esperando respuestas del municipio de Pilar sobre los pedidos realizados en los \u00faltimos seis meses. En principio, las organizaciones le acercaron al municipio de Pilar, liderado por Federico Achaval, la demanda de [&hellip;]<\/p>\n","protected":false},"author":1,"featured_media":3622,"comment_status":"open","ping_status":"open","sticky":false,"template":"","format":"standard","meta":{"footnotes":""},"categories":[4,9],"tags":[219,222,331,340],"class_list":["post-3621","post","type-post","status-publish","format-standard","has-post-thumbnail","hentry","category-derechos-humanos","category-sociedad","tag-fob-la-libertaria","tag-frente-dario-santillan","tag-mtd-oscar-barrios","tag-municipio-de-pilar"],"_links":{"self":[{"href":"https:\/\/fmtinkunaco.ar\/index.php?rest_route=\/wp\/v2\/posts\/3621","targetHints":{"allow":["GET"]}}],"collection":[{"href":"https:\/\/fmtinkunaco.ar\/index.php?rest_route=\/wp\/v2\/posts"}],"about":[{"href":"https:\/\/fmtinkunaco.ar\/index.php?rest_route=\/wp\/v2\/types\/post"}],"author":[{"embeddable":true,"href":"https:\/\/fmtinkunaco.ar\/index.php?rest_route=\/wp\/v2\/users\/1"}],"replies":[{"embeddable":true,"href":"https:\/\/fmtinkunaco.ar\/index.php?rest_route=%2Fwp%2Fv2%2Fcomments&post=3621"}],"version-history":[{"count":0,"href":"https:\/\/fmtinkunaco.ar\/index.php?rest_route=\/wp\/v2\/posts\/3621\/revisions"}],"wp:featuredmedia":[{"embeddable":true,"href":"https:\/\/fmtinkunaco.ar\/index.php?rest_route=\/"}],"wp:attachment":[{"href":"https:\/\/fmtinkunaco.ar\/index.php?rest_route=%2Fwp%2Fv2%2Fmedia&parent=3621"}],"wp:term":[{"taxonomy":"category","embeddable":true,"href":"https:\/\/fmtinkunaco.ar\/index.php?rest_route=%2Fwp%2Fv2%2Fcategories&post=3621"},{"taxonomy":"post_tag","embeddable":true,"href":"https:\/\/fmtinkunaco.ar\/index.php?rest_route=%2Fwp%2Fv2%2Ftags&post=3621"}],"curies":[{"name":"wp","href":"https:\/\/api.w.org\/{rel}","templated":true}]}}