{"id":3625,"date":"2021-06-24T09:44:27","date_gmt":"2021-06-24T12:44:27","guid":{"rendered":"http:\/\/fmtinkunaco.com.ar\/?p=3625"},"modified":"2021-06-24T09:44:27","modified_gmt":"2021-06-24T12:44:27","slug":"vecinos-y-vecinas-del-basural-campo-la-juanita-convocan-nuevamente-a-asamblea","status":"publish","type":"post","link":"https:\/\/fmtinkunaco.ar\/?p=3625","title":{"rendered":"Vecinos y vecinas del Basural Campo La Juanita convocan nuevamente a asamblea"},"content":{"rendered":"<p>Vecinos y vecinas del Basural Campo La Juanita, del municipio de Malvinas Argentinas, convocan nuevamente a asamblea para el jueves 1 de julio, fecha que las autoridades municipales pusieron como l\u00edmite para el ingreso de camiones con basura y poda.<\/p>\n<p>El municipio se comprometi\u00f3, a partir del 1 de julio, a anular las entradas en el predio de camiones del partido de Malvinas Argentinas y a prohibir el ingreso a privados en el predio.<\/p>\n<p>En este marco, los vecinos y vecinas convocan a asamblea con el objetivo de corroborar que esto, realmente, suceda de esta manera.<\/p>\n<p>En di\u00e1logo con el programa radial \u201cEncuentro con las Noticias\u201d, Analia, integrante del espacio de vecinos y vecinas autoconvocadas contra el Basural Campo La Juanita, se refiri\u00f3 a esta nueva convocatoria, <em>\u201cEstamos organizando una asamblea vecinal para el 1 de julio, a las 5 de la tarde frente a la entrada principal de camiones que esta sobre A venida El Callao y lo hacemos con motivo de que el municipio acord\u00f3 esta fecha, el 1 de julio, que no iban a ingresar m\u00e1s sus camiones a descargar la poda ni el resto de los residuos que tiraban en el campo y, de esa forma, tampoco iban a poder entrar privados al predio. Entonces, organizamos poder reunirnos ah\u00ed para ver que esto realmente ocurra y que se est\u00e9n dando los patrullajes que dijeron por parte de la municipalidad que iban a hacer con el \u00e1rea de servicio para detectar si es que hay alguna irregularidad o siguen entrando camiones\u201d.<\/em><\/p>\n<p>Adem\u00e1s, Anal\u00eda, remarc\u00f3 que en caso de cumplirse es un paso enorme para la lucha de las y los vecinos pero que a\u00fan as\u00ed queda mucho por recorrer, <em>\u201cS\u00ed logramos esto, es un avance enorme para los vecinos que por a\u00f1os luchamos y pedimos que dejen de entrar los camiones, que ya no se tire basura ah\u00ed, que se hagan responsables del da\u00f1o que est\u00e1n haciendo, en el predio, en cuanto a contaminaci\u00f3n de aire, agua, tierra. Es algo que ya no se puede ocultar m\u00e1s y por suerte se pudo visibilizar mucho y logramos que se exponga esto que estaba pasando. Pero m\u00e1s all\u00e1 de eso es poder organizarnos para ver c\u00f3mo nos continuamos porque realmente es un avance que no entre m\u00e1s basura al campo pero las monta\u00f1as de basura que ya hay en el predio todav\u00eda no tienen una soluci\u00f3n\u201d.<\/em><\/p>\n<p>Finalmente, Anal\u00eda, sostuvo <em>\u201cOjal\u00e1 que se pueda dar, que al fin se cierre la entrada de los camiones ya es un avance enorme para los vecinos y eso nos alentar\u00eda a poder continuar y ver que aunque cueste mucho realmente se pueden lograr soluciones y que debe seguir este reclamo hasta que podamos tener un predio sano y un buen lugar para la familia ah\u00ed\u201d.<\/em><\/p>\n<p>La convocatoria es el pr\u00f3ximo jueves 1 de julio, a partir de las 17 hs, frente a la entrada de camiones sobre Callao \u2013 Malvinas Argentinas.<\/p>\n<p>Compartimos la entrevista completa<\/p>\n<p><a href=\"https:\/\/archive.org\/details\/audio-analia-basural-campo-la-juanita-24-06-2021\">Descargar<\/a><\/p>\n<p>&nbsp;<\/p>\n<audio class=\"wp-audio-shortcode\" id=\"audio-3625-2\" preload=\"none\" style=\"width: 100%;\" controls=\"controls\"><source type=\"audio\/mpeg\" src=\"https:\/\/archive.org\/download\/audio-analia-basural-campo-la-juanita-24-06-2021\/AUDIO%20-%20ANALIA%20%28BASURAL%20CAMPO%20LA%20JUANITA%29%2024%2006%202021.mp3?_=2\" \/><a href=\"https:\/\/archive.org\/download\/audio-analia-basural-campo-la-juanita-24-06-2021\/AUDIO%20-%20ANALIA%20%28BASURAL%20CAMPO%20LA%20JUANITA%29%2024%2006%202021.mp3\">https:\/\/archive.org\/download\/audio-analia-basural-campo-la-juanita-24-06-2021\/AUDIO%20-%20ANALIA%20%28BASURAL%20CAMPO%20LA%20JUANITA%29%2024%2006%202021.mp3<\/a><\/audio>\n<div class=\"powerpress_player\" id=\"powerpress_player_3374\"><audio class=\"wp-audio-shortcode\" id=\"audio-3625-1\" preload=\"none\" style=\"width: 100%;\" controls=\"controls\"><source type=\"audio\/mpeg\" src=\"https:\/\/archive.org\/download\/audio-analia-basural-campo-la-juanita-24-06-2021\/AUDIO%20-%20ANALIA%20%28BASURAL%20CAMPO%20LA%20JUANITA%29%2024%2006%202021.mp3?_=1\" \/><a href=\"https:\/\/archive.org\/download\/audio-analia-basural-campo-la-juanita-24-06-2021\/AUDIO%20-%20ANALIA%20%28BASURAL%20CAMPO%20LA%20JUANITA%29%2024%2006%202021.mp3\">https:\/\/archive.org\/download\/audio-analia-basural-campo-la-juanita-24-06-2021\/AUDIO%20-%20ANALIA%20%28BASURAL%20CAMPO%20LA%20JUANITA%29%2024%2006%202021.mp3<\/a><\/audio><\/div><p class=\"powerpress_links powerpress_links_mp3\" style=\"margin-bottom: 1px !important;\">Podcast: <a href=\"https:\/\/archive.org\/download\/audio-analia-basural-campo-la-juanita-24-06-2021\/AUDIO%20-%20ANALIA%20%28BASURAL%20CAMPO%20LA%20JUANITA%29%2024%2006%202021.mp3\" class=\"powerpress_link_pinw\" target=\"_blank\" title=\"Reproducir en una nueva ventana\" onclick=\"return powerpress_pinw('https:\/\/fmtinkunaco.ar\/?powerpress_pinw=3625-podcast');\" rel=\"nofollow\">Reproducir en una nueva ventana<\/a> | <a href=\"https:\/\/archive.org\/download\/audio-analia-basural-campo-la-juanita-24-06-2021\/AUDIO%20-%20ANALIA%20%28BASURAL%20CAMPO%20LA%20JUANITA%29%2024%2006%202021.mp3\" class=\"powerpress_link_d\" title=\"Descargar\" rel=\"nofollow\" download=\"AUDIO%20-%20ANALIA%20%28BASURAL%20CAMPO%20LA%20JUANITA%29%2024%2006%202021.mp3\">Descargar<\/a><\/p>","protected":false},"excerpt":{"rendered":"<p>Vecinos y vecinas del Basural Campo La Juanita, del municipio de Malvinas Argentinas, convocan nuevamente a asamblea para el jueves 1 de julio, fecha que las autoridades municipales pusieron como l\u00edmite para el ingreso de camiones con basura y poda. El municipio se comprometi\u00f3, a partir del 1 de julio, a anular las entradas en [&hellip;]<\/p>\n","protected":false},"author":1,"featured_media":3626,"comment_status":"open","ping_status":"open","sticky":false,"template":"","format":"standard","meta":{"footnotes":""},"categories":[4,9],"tags":[46,65,77,338],"class_list":["post-3625","post","type-post","status-publish","format-standard","has-post-thumbnail","hentry","category-derechos-humanos","category-sociedad","tag-asamblea","tag-basural","tag-campo-la-juanita","tag-municipio-de-malvinas-argentinas"],"_links":{"self":[{"href":"https:\/\/fmtinkunaco.ar\/index.php?rest_route=\/wp\/v2\/posts\/3625","targetHints":{"allow":["GET"]}}],"collection":[{"href":"https:\/\/fmtinkunaco.ar\/index.php?rest_route=\/wp\/v2\/posts"}],"about":[{"href":"https:\/\/fmtinkunaco.ar\/index.php?rest_route=\/wp\/v2\/types\/post"}],"author":[{"embeddable":true,"href":"https:\/\/fmtinkunaco.ar\/index.php?rest_route=\/wp\/v2\/users\/1"}],"replies":[{"embeddable":true,"href":"https:\/\/fmtinkunaco.ar\/index.php?rest_route=%2Fwp%2Fv2%2Fcomments&post=3625"}],"version-history":[{"count":0,"href":"https:\/\/fmtinkunaco.ar\/index.php?rest_route=\/wp\/v2\/posts\/3625\/revisions"}],"wp:featuredmedia":[{"embeddable":true,"href":"https:\/\/fmtinkunaco.ar\/index.php?rest_route=\/"}],"wp:attachment":[{"href":"https:\/\/fmtinkunaco.ar\/index.php?rest_route=%2Fwp%2Fv2%2Fmedia&parent=3625"}],"wp:term":[{"taxonomy":"category","embeddable":true,"href":"https:\/\/fmtinkunaco.ar\/index.php?rest_route=%2Fwp%2Fv2%2Fcategories&post=3625"},{"taxonomy":"post_tag","embeddable":true,"href":"https:\/\/fmtinkunaco.ar\/index.php?rest_route=%2Fwp%2Fv2%2Ftags&post=3625"}],"curies":[{"name":"wp","href":"https:\/\/api.w.org\/{rel}","templated":true}]}}