{"id":3654,"date":"2021-06-30T09:39:26","date_gmt":"2021-06-30T12:39:26","guid":{"rendered":"http:\/\/fmtinkunaco.com.ar\/?p=3654"},"modified":"2021-06-30T09:39:26","modified_gmt":"2021-06-30T12:39:26","slug":"la-union-de-trabajadores-de-la-tierra-realiza-un-alimentazo-por-la-ley-de-acceso-a-la-tierra","status":"publish","type":"post","link":"https:\/\/fmtinkunaco.ar\/?p=3654","title":{"rendered":"La Uni\u00f3n de Trabajadores de la Tierra realiza un Alimentazo por la Ley de Acceso a la Tierra \u00a0"},"content":{"rendered":"<p>Hoy, mi\u00e9rcoles 30 de junio, la Uni\u00f3n de Trabajadores de la Tierra (UTT) comienza a nivel federal un Alimentazo con el objetivo de visibilizar la necesidad urgente del acceso a la tierra y exigiendo se apruebe la Ley de Acceso a la Tierra.<\/p>\n<p>El proyecto de ley busca que peque\u00f1os y peque\u00f1as productoras puedan acceder a cr\u00e9ditos blandos con los que financiar tierras para cultivos.<\/p>\n<p>Adem\u00e1s, con esta acci\u00f3n pondr\u00e1n a disposici\u00f3n de la comunidad alimentos sanos y cooperativos.<\/p>\n<p>En di\u00e1logo con el programa radial \u201cEncuentro con las Noticias\u201d, M\u00e1ximo Ortega, Productor Frutihort\u00edcola de Mercedes, remarc\u00f3 cu\u00e1l es su pedido <em>\u201cPedimos la Ley de Acceso a la Tierra, que sea aprobada en el Congreso. Hoy empieza a realizarse un alimentazo federal en todas las provincias que estamos como UTT, tratando de impulsar un poco a la ley que viene demorada y con trabas en el Congreso\u201d.<\/em><\/p>\n<p>La iniciativa comienza este mi\u00e9rcoles, desde las 11 hs, en la Ciudad Aut\u00f3noma de Buenos Aires con un Verdurazo frente al Congreso de la Naci\u00f3n donde se donar\u00e1n m\u00e1s de 10 mil kilos de verduras.<\/p>\n<p>Adem\u00e1s, durante la semana habr\u00e1 feriazos, verdurazos y entregas de bolsones en R\u00edo Negro, Chubut, La Pampa, Santa Fe, Entre R\u00edos, Misiones y Salta.<\/p>\n<p>&#8211; <strong>Mi\u00e9rcoles 30\/06<\/strong><\/p>\n<p><em>Buenos Aires:<\/em> Plaza Congreso, CABA, 11 hs.<\/p>\n<p><em>Misiones:<\/em> bases de Productores Independientes de Puerto Piray<\/p>\n<p><em>Chubut:<\/em> Almac\u00e9n UTT, Islas Malvinas y colectora Ruta Nacional 40, El Hoyo<\/p>\n<p><em>Santa Fe:<\/em> Puente Colgante de la ciudad de Santa Fe, 11 hs<\/p>\n<p><strong>&#8211; Jueves 01\/07<\/strong><\/p>\n<p><em>La Pampa:<\/em> Alimentazo M\u00f3vil de la UTT R\u00edo Colorado, La Adela, desde las 10 hs<\/p>\n<p><strong>&#8211; Viernes 02\/07<\/strong><\/p>\n<p><em>R\u00edo Negro:<\/em> Sede ATE (25 de Mayo 2621, esquina Pellegrini), El Bols\u00f3n, 10 a 13 hs<\/p>\n<p><em>Entre R\u00edos:<\/em> Almac\u00e9n UTT (Urquiza 219), Concepci\u00f3n del Uruguay<\/p>\n<p><strong>&#8211; Lunes 06\/07<\/strong><\/p>\n<p><em>Salta:<\/em> Plaza del Centro, General G\u00fcemes, 9 hs<\/p>\n<p>Compartimos el testimonio<\/p>\n<p><a href=\"https:\/\/archive.org\/details\/audio-maximo-ortega-utt-30-06-2021\">Descargar<\/a><\/p>\n<p>&nbsp;<\/p>\n<audio class=\"wp-audio-shortcode\" id=\"audio-3654-2\" preload=\"none\" style=\"width: 100%;\" controls=\"controls\"><source type=\"audio\/mpeg\" src=\"https:\/\/archive.org\/download\/audio-maximo-ortega-utt-30-06-2021\/AUDIO%20-%20MAXIMO%20ORTEGA%20%28UTT%29%2030%2006%202021.mp3?_=2\" \/><a href=\"https:\/\/archive.org\/download\/audio-maximo-ortega-utt-30-06-2021\/AUDIO%20-%20MAXIMO%20ORTEGA%20%28UTT%29%2030%2006%202021.mp3\">https:\/\/archive.org\/download\/audio-maximo-ortega-utt-30-06-2021\/AUDIO%20-%20MAXIMO%20ORTEGA%20%28UTT%29%2030%2006%202021.mp3<\/a><\/audio>\n<div class=\"powerpress_player\" id=\"powerpress_player_3924\"><audio class=\"wp-audio-shortcode\" id=\"audio-3654-1\" preload=\"none\" style=\"width: 100%;\" controls=\"controls\"><source type=\"audio\/mpeg\" src=\"https:\/\/archive.org\/download\/audio-maximo-ortega-utt-30-06-2021\/AUDIO%20-%20MAXIMO%20ORTEGA%20%28UTT%29%2030%2006%202021.mp3?_=1\" \/><a href=\"https:\/\/archive.org\/download\/audio-maximo-ortega-utt-30-06-2021\/AUDIO%20-%20MAXIMO%20ORTEGA%20%28UTT%29%2030%2006%202021.mp3\">https:\/\/archive.org\/download\/audio-maximo-ortega-utt-30-06-2021\/AUDIO%20-%20MAXIMO%20ORTEGA%20%28UTT%29%2030%2006%202021.mp3<\/a><\/audio><\/div><p class=\"powerpress_links powerpress_links_mp3\" style=\"margin-bottom: 1px !important;\">Podcast: <a href=\"https:\/\/archive.org\/download\/audio-maximo-ortega-utt-30-06-2021\/AUDIO%20-%20MAXIMO%20ORTEGA%20%28UTT%29%2030%2006%202021.mp3\" class=\"powerpress_link_pinw\" target=\"_blank\" title=\"Reproducir en una nueva ventana\" onclick=\"return powerpress_pinw('https:\/\/fmtinkunaco.ar\/?powerpress_pinw=3654-podcast');\" rel=\"nofollow\">Reproducir en una nueva ventana<\/a> | <a href=\"https:\/\/archive.org\/download\/audio-maximo-ortega-utt-30-06-2021\/AUDIO%20-%20MAXIMO%20ORTEGA%20%28UTT%29%2030%2006%202021.mp3\" class=\"powerpress_link_d\" title=\"Descargar\" rel=\"nofollow\" download=\"AUDIO%20-%20MAXIMO%20ORTEGA%20%28UTT%29%2030%2006%202021.mp3\">Descargar<\/a><\/p>","protected":false},"excerpt":{"rendered":"<p>Hoy, mi\u00e9rcoles 30 de junio, la Uni\u00f3n de Trabajadores de la Tierra (UTT) comienza a nivel federal un Alimentazo con el objetivo de visibilizar la necesidad urgente del acceso a la tierra y exigiendo se apruebe la Ley de Acceso a la Tierra. El proyecto de ley busca que peque\u00f1os y peque\u00f1as productoras puedan acceder [&hellip;]<\/p>\n","protected":false},"author":1,"featured_media":3655,"comment_status":"open","ping_status":"open","sticky":false,"template":"","format":"standard","meta":{"footnotes":""},"categories":[4,9],"tags":[32,499,507],"class_list":["post-3654","post","type-post","status-publish","format-standard","has-post-thumbnail","hentry","category-derechos-humanos","category-sociedad","tag-alimentazo-federal","tag-union-de-trabajadores-de-la-tierra","tag-utt"],"_links":{"self":[{"href":"https:\/\/fmtinkunaco.ar\/index.php?rest_route=\/wp\/v2\/posts\/3654","targetHints":{"allow":["GET"]}}],"collection":[{"href":"https:\/\/fmtinkunaco.ar\/index.php?rest_route=\/wp\/v2\/posts"}],"about":[{"href":"https:\/\/fmtinkunaco.ar\/index.php?rest_route=\/wp\/v2\/types\/post"}],"author":[{"embeddable":true,"href":"https:\/\/fmtinkunaco.ar\/index.php?rest_route=\/wp\/v2\/users\/1"}],"replies":[{"embeddable":true,"href":"https:\/\/fmtinkunaco.ar\/index.php?rest_route=%2Fwp%2Fv2%2Fcomments&post=3654"}],"version-history":[{"count":0,"href":"https:\/\/fmtinkunaco.ar\/index.php?rest_route=\/wp\/v2\/posts\/3654\/revisions"}],"wp:featuredmedia":[{"embeddable":true,"href":"https:\/\/fmtinkunaco.ar\/index.php?rest_route=\/"}],"wp:attachment":[{"href":"https:\/\/fmtinkunaco.ar\/index.php?rest_route=%2Fwp%2Fv2%2Fmedia&parent=3654"}],"wp:term":[{"taxonomy":"category","embeddable":true,"href":"https:\/\/fmtinkunaco.ar\/index.php?rest_route=%2Fwp%2Fv2%2Fcategories&post=3654"},{"taxonomy":"post_tag","embeddable":true,"href":"https:\/\/fmtinkunaco.ar\/index.php?rest_route=%2Fwp%2Fv2%2Ftags&post=3654"}],"curies":[{"name":"wp","href":"https:\/\/api.w.org\/{rel}","templated":true}]}}