{"id":3671,"date":"2021-07-02T10:56:55","date_gmt":"2021-07-02T13:56:55","guid":{"rendered":"http:\/\/fmtinkunaco.com.ar\/?p=3671"},"modified":"2021-07-02T10:56:55","modified_gmt":"2021-07-02T13:56:55","slug":"sobrevivientes-y-familiares-de-campo-de-mayo-rechazan-el-pedido-de-libertad-condicional-de-riveros","status":"publish","type":"post","link":"https:\/\/fmtinkunaco.ar\/?p=3671","title":{"rendered":"Sobrevivientes y Familiares de Campo de Mayo rechazan el pedido de libertad condicional de Riveros"},"content":{"rendered":"<p>Santiago Omar Riveros \u00a0fue comandante de Institutos Militares de Campo de Mayo durante la \u00faltima dictadura c\u00edvica militar y eclesi\u00e1stica y, actualmente, se encuentra con prisi\u00f3n domiciliaria y es uno de los 22 imputados en el juicio conocido como Megacausa Campo de Mayo.<\/p>\n<p>La defensa de Riveros se encuentra pidiendo la libertad condiciones y, por ello, el Tribunal Oral Federal 1 de San Mart\u00edn escuch\u00f3 a sobrevivientes de Campo de Mayo para que expusieran su posici\u00f3n frente a esta posibilidad. Esta oportunidad se dio a partir de la Coordinaci\u00f3n de Asistencia a Testigos V\u00edctimas de la Secretar\u00eda de Derechos Humanos de la Naci\u00f3n, sobrevivientes y familiares.<\/p>\n<p>En di\u00e1logo con el programa radial \u201cEncuentro con las Noticias\u201d, Iris Avellaneda, victima sobreviviente de Campo de Mayo y mam\u00e1 del\u00a0 \u201cNegrito\u201d Floreal, V\u00edctima del Terrorismo de Estado, se refiri\u00f3 a esta audiencia, <em>\u201cSe dio esta oportunidad de que pudi\u00e9ramos hablar los sobrevivientes y el caso era que no ten\u00edamos que testimoniar lo ocurrido, sino solamente opinar sobre Santiago Riveros que piden la libertad condicional; entonces yo como ex detenida desaparecida que estuve en Campo de Mayo y fui maltratada, de todo me hicieron ah\u00ed, y el ide\u00f3logo era Santiago Riveros. Entonces si nosotros los sobrevivientes aflojamos y decimos que despu\u00e9s de 45 a\u00f1os de lucha permanente pidiendo justicia, se le da libertad condicional me parece que es una falta de respeto. Entonces lo que nosotros pensamos, los sobrevivientes que estuvimos todos, que un delincuente, un genocida no puede estar libre\u201d.<\/em><\/p>\n<p>Avellaneda, adem\u00e1s, remarc\u00f3 <em>\u201cYo lo ped\u00ed, y lo exig\u00ed, que Santiago Riveros tiene que estar en c\u00e1rcel com\u00fan, no en su casa con prisi\u00f3n domiciliaria. No le cabe porque es un genocida y es un peligro para la humanidad\u201d.<\/em><\/p>\n<p>Durante la audiencia virtual manifestaron su rechazo Alicia Vattino, Juana Muniz Barreto, Walter Meza Niella, Ramiro Mena, Daniel Cabezas, Juliana Garc\u00eda y los nietos restituidos Manuel Goncalves y Catalina Ovando de Sanctis. Tambi\u00e9n participaron Jos\u00e9 Schulman, de la Liga Argentina por los Derechos del Hombre, el fiscal Marcelo Garc\u00eda Berro y los abogados Pablo Llonto, representante de v\u00edctimas y familiares, y Carolina Villella, por Abuelas.<\/p>\n<p>Riveros tiene muchas condenas por cr\u00edmenes de lesa humanidad, muchas de ellas a perpetua. En 2019, sus condenas fueron unificadas en una pena \u00fanica de 25 a\u00f1os, que se cumplir\u00e1n en 2026. Su defensa argument\u00f3 que ya estuvo detenido 20 a\u00f1os y pidi\u00f3 su libertad condicional.<\/p>\n<p>Compartimos la entrevista completa<\/p>\n<p><a href=\"https:\/\/archive.org\/details\/audio-iris-avellaneda-02-07-2021\">Descargar<\/a><\/p>\n<p>&nbsp;<\/p>\n<audio class=\"wp-audio-shortcode\" id=\"audio-3671-2\" preload=\"none\" style=\"width: 100%;\" controls=\"controls\"><source type=\"audio\/mpeg\" src=\"https:\/\/archive.org\/download\/audio-iris-avellaneda-02-07-2021\/AUDIO%20-%20IRIS%20AVELLANEDA%2002%2007%202021.mp3?_=2\" \/><a href=\"https:\/\/archive.org\/download\/audio-iris-avellaneda-02-07-2021\/AUDIO%20-%20IRIS%20AVELLANEDA%2002%2007%202021.mp3\">https:\/\/archive.org\/download\/audio-iris-avellaneda-02-07-2021\/AUDIO%20-%20IRIS%20AVELLANEDA%2002%2007%202021.mp3<\/a><\/audio>\n<div class=\"powerpress_player\" id=\"powerpress_player_7165\"><audio class=\"wp-audio-shortcode\" id=\"audio-3671-1\" preload=\"none\" style=\"width: 100%;\" controls=\"controls\"><source type=\"audio\/mpeg\" src=\"https:\/\/archive.org\/download\/audio-iris-avellaneda-02-07-2021\/AUDIO%20-%20IRIS%20AVELLANEDA%2002%2007%202021.mp3?_=1\" \/><a href=\"https:\/\/archive.org\/download\/audio-iris-avellaneda-02-07-2021\/AUDIO%20-%20IRIS%20AVELLANEDA%2002%2007%202021.mp3\">https:\/\/archive.org\/download\/audio-iris-avellaneda-02-07-2021\/AUDIO%20-%20IRIS%20AVELLANEDA%2002%2007%202021.mp3<\/a><\/audio><\/div><p class=\"powerpress_links powerpress_links_mp3\" style=\"margin-bottom: 1px !important;\">Podcast: <a href=\"https:\/\/archive.org\/download\/audio-iris-avellaneda-02-07-2021\/AUDIO%20-%20IRIS%20AVELLANEDA%2002%2007%202021.mp3\" class=\"powerpress_link_pinw\" target=\"_blank\" title=\"Reproducir en una nueva ventana\" onclick=\"return powerpress_pinw('https:\/\/fmtinkunaco.ar\/?powerpress_pinw=3671-podcast');\" rel=\"nofollow\">Reproducir en una nueva ventana<\/a> | <a href=\"https:\/\/archive.org\/download\/audio-iris-avellaneda-02-07-2021\/AUDIO%20-%20IRIS%20AVELLANEDA%2002%2007%202021.mp3\" class=\"powerpress_link_d\" title=\"Descargar\" rel=\"nofollow\" download=\"AUDIO%20-%20IRIS%20AVELLANEDA%2002%2007%202021.mp3\">Descargar<\/a><\/p>","protected":false},"excerpt":{"rendered":"<p>Santiago Omar Riveros \u00a0fue comandante de Institutos Militares de Campo de Mayo durante la \u00faltima dictadura c\u00edvica militar y eclesi\u00e1stica y, actualmente, se encuentra con prisi\u00f3n domiciliaria y es uno de los 22 imputados en el juicio conocido como Megacausa Campo de Mayo. La defensa de Riveros se encuentra pidiendo la libertad condiciones y, por [&hellip;]<\/p>\n","protected":false},"author":1,"featured_media":3672,"comment_status":"open","ping_status":"open","sticky":false,"template":"","format":"standard","meta":{"footnotes":""},"categories":[4],"tags":[76,260],"class_list":["post-3671","post","type-post","status-publish","format-standard","has-post-thumbnail","hentry","category-derechos-humanos","tag-campo-de-mayo","tag-iris-avellaneda"],"_links":{"self":[{"href":"https:\/\/fmtinkunaco.ar\/index.php?rest_route=\/wp\/v2\/posts\/3671","targetHints":{"allow":["GET"]}}],"collection":[{"href":"https:\/\/fmtinkunaco.ar\/index.php?rest_route=\/wp\/v2\/posts"}],"about":[{"href":"https:\/\/fmtinkunaco.ar\/index.php?rest_route=\/wp\/v2\/types\/post"}],"author":[{"embeddable":true,"href":"https:\/\/fmtinkunaco.ar\/index.php?rest_route=\/wp\/v2\/users\/1"}],"replies":[{"embeddable":true,"href":"https:\/\/fmtinkunaco.ar\/index.php?rest_route=%2Fwp%2Fv2%2Fcomments&post=3671"}],"version-history":[{"count":0,"href":"https:\/\/fmtinkunaco.ar\/index.php?rest_route=\/wp\/v2\/posts\/3671\/revisions"}],"wp:featuredmedia":[{"embeddable":true,"href":"https:\/\/fmtinkunaco.ar\/index.php?rest_route=\/"}],"wp:attachment":[{"href":"https:\/\/fmtinkunaco.ar\/index.php?rest_route=%2Fwp%2Fv2%2Fmedia&parent=3671"}],"wp:term":[{"taxonomy":"category","embeddable":true,"href":"https:\/\/fmtinkunaco.ar\/index.php?rest_route=%2Fwp%2Fv2%2Fcategories&post=3671"},{"taxonomy":"post_tag","embeddable":true,"href":"https:\/\/fmtinkunaco.ar\/index.php?rest_route=%2Fwp%2Fv2%2Ftags&post=3671"}],"curies":[{"name":"wp","href":"https:\/\/api.w.org\/{rel}","templated":true}]}}