{"id":3677,"date":"2021-07-06T10:12:51","date_gmt":"2021-07-06T13:12:51","guid":{"rendered":"http:\/\/fmtinkunaco.com.ar\/?p=3677"},"modified":"2021-07-06T10:12:51","modified_gmt":"2021-07-06T13:12:51","slug":"vecinos-del-basural-campo-la-juanita-consiguen-que-se-bloqueen-los-ingresos-al-predio","status":"publish","type":"post","link":"https:\/\/fmtinkunaco.ar\/?p=3677","title":{"rendered":"Vecinos del Basural Campo la Juanita consiguen que se bloqueen los ingresos al predio"},"content":{"rendered":"<p>En las \u00faltimas horas, vecinos y vecinas del basural Campo la Juanita confirmaron que las autoridades municipales de Malvinas Argentinas realizaron el bloqueo de los ingresos al basural.<\/p>\n<p>Recordemos que el jueves 1 de julio era la fecha que hab\u00eda tomado el intendente Leonardo Nardini para comprometerse al bloqueo de las entradas del basural y s\u00ed bien el jueves esto sucedi\u00f3, ya el d\u00eda viernes los camiones privados volvieron a ingresar al predio.<\/p>\n<p>En di\u00e1logo con el programa radial \u201cEncuentro con las Noticias\u201d, Analia, integrante de la asamblea contra el basural describi\u00f3 esta situaci\u00f3n, <em>\u201cEl 1 de julio era la fecha donde ya no iban a poder ingresar los camiones al predio, esto se dio as\u00ed, el 1 no hubo actividad en el campo, hab\u00eda una barricada de tierra que imped\u00eda el paso de los camiones, los portones del acceso principal estaba cerrado y se dio el cierre el 1. Al d\u00eda siguiente, lamentablemente, volvi\u00f3 a abrir sus puertas el campo, si bien no entraban los camiones municipales en eso si cumpli\u00f3 el municipio, ya no enviaba los camiones al predio a descargar pero decenas de camiones privados ingresaron todo el d\u00eda. Nosotros hac\u00edamos las denuncias al 109, que era el n\u00famero que nos dio la municipalidad para denunciar en caso de que veamos camiones entrando al predio pero no nos tomaban las denuncias. Nos informaron que, por parte de la municipalidad, no ten\u00edan ninguna notificaci\u00f3n de que deb\u00edan hacer patrullajes en la zona y mucho menos de impedir el acceso de los camiones\u201d.<\/em><\/p>\n<p>Anal\u00eda, relato como los vecinos y vecinas se organizaron para conseguir respuestas concretas, <em>\u201cLos vecinos y las vecinas nos desalentamos al ver que otra vez no se hab\u00eda frenado, por completo, el ingreso de los camiones pero a pesar de eso continuamos reclamando. Todo el fin de semana hicimos los reclamos a trabes de las redes sociales, a la pagina del intendente, a la pagina del municipio donde expresamos nuestro descontento y exig\u00edamos que se de este cierre que nos hab\u00edan prometido. Hicimos, por suerte, bastante ruido y funciono porque el d\u00eda lunes pudimos hablar otra vez con la municipalidad donde volvieron a ratificar que la intenci\u00f3n es que no entre ning\u00fan privado y nos garantizaban que, ahora s\u00ed, el 109 iba a tomar nuestras denuncias. Tambi\u00e9n se sumo un m\u00f3vil policial en las puertas del predio y esto impidi\u00f3 el paso de todos los camiones\u201d.<\/em><\/p>\n<p>Finalmente, Analia, remarc\u00f3 <em>\u201cNos da confianza de que esto puede ser el comienzo a una soluci\u00f3n de tantos a\u00f1os de contaminaci\u00f3n y un comienzo a la mejora de nuestra calidad de vida. Si bien queda mucho camino por recorrer porque la basura que est\u00e1 en el predio todav\u00eda no va a ser saneada hasta que no se resuelva el tema judicial que hay con el predio. Pero que no se siga metiendo basura en el campo ya tiene que hacer que baje la contaminaci\u00f3n a la que estamos expuestos, tambi\u00e9n van a ser reducidas las quemas al no ingresar material nuevo se podr\u00eda empezar a bajar la intensidad de las quemas y eso ya ser\u00eda un cambio enorme a nuestra calidad de vida. Ser\u00eda una mejora que se va a poder percibir con el paso de los d\u00edas\u201d.<\/em><\/p>\n<p>Compartimos la entrevista completa<\/p>\n<p><a href=\"https:\/\/archive.org\/details\/audio-analia-campo-basural-la-juanita\">Descargar<\/a><\/p>\n<p>&nbsp;<\/p>\n<audio class=\"wp-audio-shortcode\" id=\"audio-3677-2\" preload=\"none\" style=\"width: 100%;\" controls=\"controls\"><source type=\"audio\/mpeg\" src=\"https:\/\/archive.org\/download\/audio-analia-campo-basural-la-juanita\/AUDIO%20-%20ANALIA%20%28CAMPO%20BASURAL%20LA%20JUANITA%29.mp3?_=2\" \/><a href=\"https:\/\/archive.org\/download\/audio-analia-campo-basural-la-juanita\/AUDIO%20-%20ANALIA%20%28CAMPO%20BASURAL%20LA%20JUANITA%29.mp3\">https:\/\/archive.org\/download\/audio-analia-campo-basural-la-juanita\/AUDIO%20-%20ANALIA%20%28CAMPO%20BASURAL%20LA%20JUANITA%29.mp3<\/a><\/audio>\n<div class=\"powerpress_player\" id=\"powerpress_player_3619\"><audio class=\"wp-audio-shortcode\" id=\"audio-3677-1\" preload=\"none\" style=\"width: 100%;\" controls=\"controls\"><source type=\"audio\/mpeg\" src=\"https:\/\/archive.org\/download\/audio-analia-campo-basural-la-juanita\/AUDIO%20-%20ANALIA%20%28CAMPO%20BASURAL%20LA%20JUANITA%29.mp3?_=1\" \/><a href=\"https:\/\/archive.org\/download\/audio-analia-campo-basural-la-juanita\/AUDIO%20-%20ANALIA%20%28CAMPO%20BASURAL%20LA%20JUANITA%29.mp3\">https:\/\/archive.org\/download\/audio-analia-campo-basural-la-juanita\/AUDIO%20-%20ANALIA%20%28CAMPO%20BASURAL%20LA%20JUANITA%29.mp3<\/a><\/audio><\/div><p class=\"powerpress_links powerpress_links_mp3\" style=\"margin-bottom: 1px !important;\">Podcast: <a href=\"https:\/\/archive.org\/download\/audio-analia-campo-basural-la-juanita\/AUDIO%20-%20ANALIA%20%28CAMPO%20BASURAL%20LA%20JUANITA%29.mp3\" class=\"powerpress_link_pinw\" target=\"_blank\" title=\"Reproducir en una nueva ventana\" onclick=\"return powerpress_pinw('https:\/\/fmtinkunaco.ar\/?powerpress_pinw=3677-podcast');\" rel=\"nofollow\">Reproducir en una nueva ventana<\/a> | <a href=\"https:\/\/archive.org\/download\/audio-analia-campo-basural-la-juanita\/AUDIO%20-%20ANALIA%20%28CAMPO%20BASURAL%20LA%20JUANITA%29.mp3\" class=\"powerpress_link_d\" title=\"Descargar\" rel=\"nofollow\" download=\"AUDIO%20-%20ANALIA%20%28CAMPO%20BASURAL%20LA%20JUANITA%29.mp3\">Descargar<\/a><\/p>","protected":false},"excerpt":{"rendered":"<p>En las \u00faltimas horas, vecinos y vecinas del basural Campo la Juanita confirmaron que las autoridades municipales de Malvinas Argentinas realizaron el bloqueo de los ingresos al basural. Recordemos que el jueves 1 de julio era la fecha que hab\u00eda tomado el intendente Leonardo Nardini para comprometerse al bloqueo de las entradas del basural y [&hellip;]<\/p>\n","protected":false},"author":1,"featured_media":3678,"comment_status":"open","ping_status":"open","sticky":false,"template":"","format":"standard","meta":{"footnotes":""},"categories":[4],"tags":[36,77,338],"class_list":["post-3677","post","type-post","status-publish","format-standard","has-post-thumbnail","hentry","category-derechos-humanos","tag-ambiente","tag-campo-la-juanita","tag-municipio-de-malvinas-argentinas"],"_links":{"self":[{"href":"https:\/\/fmtinkunaco.ar\/index.php?rest_route=\/wp\/v2\/posts\/3677","targetHints":{"allow":["GET"]}}],"collection":[{"href":"https:\/\/fmtinkunaco.ar\/index.php?rest_route=\/wp\/v2\/posts"}],"about":[{"href":"https:\/\/fmtinkunaco.ar\/index.php?rest_route=\/wp\/v2\/types\/post"}],"author":[{"embeddable":true,"href":"https:\/\/fmtinkunaco.ar\/index.php?rest_route=\/wp\/v2\/users\/1"}],"replies":[{"embeddable":true,"href":"https:\/\/fmtinkunaco.ar\/index.php?rest_route=%2Fwp%2Fv2%2Fcomments&post=3677"}],"version-history":[{"count":0,"href":"https:\/\/fmtinkunaco.ar\/index.php?rest_route=\/wp\/v2\/posts\/3677\/revisions"}],"wp:featuredmedia":[{"embeddable":true,"href":"https:\/\/fmtinkunaco.ar\/index.php?rest_route=\/"}],"wp:attachment":[{"href":"https:\/\/fmtinkunaco.ar\/index.php?rest_route=%2Fwp%2Fv2%2Fmedia&parent=3677"}],"wp:term":[{"taxonomy":"category","embeddable":true,"href":"https:\/\/fmtinkunaco.ar\/index.php?rest_route=%2Fwp%2Fv2%2Fcategories&post=3677"},{"taxonomy":"post_tag","embeddable":true,"href":"https:\/\/fmtinkunaco.ar\/index.php?rest_route=%2Fwp%2Fv2%2Ftags&post=3677"}],"curies":[{"name":"wp","href":"https:\/\/api.w.org\/{rel}","templated":true}]}}