{"id":3684,"date":"2021-07-06T15:54:03","date_gmt":"2021-07-06T18:54:03","guid":{"rendered":"http:\/\/fmtinkunaco.com.ar\/?p=3684"},"modified":"2021-07-06T15:54:03","modified_gmt":"2021-07-06T18:54:03","slug":"la-fundacion-pelota-de-trapo-realiza-una-colecta-para-el-dia-de-las-infancias","status":"publish","type":"post","link":"https:\/\/fmtinkunaco.ar\/?p=3684","title":{"rendered":"La Fundaci\u00f3n Pelota de Trapo realiza una colecta para el \u201cD\u00eda de las infancias\u201d"},"content":{"rendered":"<p>La Fundaci\u00f3n Pelota de Trapo se encuentra realizando una colecta de ropa en buen estado, zapatillas y juguetes por el \u201cD\u00eda de la Ni\u00f1ez\u201d.<\/p>\n<p>Se encuentran solicitando zapatillas entre el n\u00famero 33 y el 38, juguetes nuevos o que lo parezcan y ropa en muy buen estado.<\/p>\n<p>La Fundaci\u00f3n tiene m\u00e1s de 40 a\u00f1os de trabajo y actualmente desarrolla varios programas en el partido de Avellaneda \u2013 provincia de Buenos Aires.<\/p>\n<p>En di\u00e1logo con la FM Tinkunaco, Silvana Melo, integrante de la Fundaci\u00f3n Pelota de Trapo, se refiri\u00f3 a la situaci\u00f3n actual del trabajo diario, <em>\u201cHoy estamos viviendo un tiempo muy complicado donde dejamos de tratar de transformar la vida de nuestros ni\u00f1os para tratar de garantizarles que coman. En estos d\u00edas estamos pensando en el d\u00eda de las infancias y es muy complicado porque antes, en tiempos donde no se sufr\u00eda tanto, pod\u00edamos comprar algunos juguetes y alguna ropita para regalarles. Hoy no lo podemos hacer porque estamos invirtiendo, todos nuestros recursos, en alimentos\u201d.<\/em><\/p>\n<p>Finalmente, Silvana Melo, sostuvo <em>\u201cLes pedimos a toda la gente que nos conoce, la que lee nuestra agencia y la que tiene un poco de sensibilidad para con los pibes y las pibas que nos acerque ropa en muy buen estado, zapatillas fundamental y juguetes que si no son nuevos, pareciera que lo fueran. As\u00ed que, eso es lo que pedimos, y pensar en que cuando esto pase poder volver a tratar de pelear por transformar y dignificar la vida de nuestros pibes en camino de miel y chocolate como so\u00f1aba Alberto Morlachetti\u201d.<\/em><\/p>\n<p>Para colaborar te podes comunicar al 15-53265838 o a trav\u00e9s del mail <a href=\"mailto:pelotadetrapo@pelotadetrapo.org.ar\">pelotadetrapo@pelotadetrapo.org.ar<\/a><\/p>\n<p>Compartimos entrevista completa<\/p>\n<p><a href=\"https:\/\/archive.org\/details\/audio-silvana-melo-pelota-de-trapo-07-07-2021\">Descargar<\/a><\/p>\n<p>&nbsp;<\/p>\n<audio class=\"wp-audio-shortcode\" id=\"audio-3684-2\" preload=\"none\" style=\"width: 100%;\" controls=\"controls\"><source type=\"audio\/mpeg\" src=\"https:\/\/archive.org\/download\/audio-silvana-melo-pelota-de-trapo-07-07-2021\/AUDIO%20-%20SILVANA%20MELO%20%28PELOTA%20DE%20TRAPO%29%2007%2007%202021.mp3?_=2\" \/><a href=\"https:\/\/archive.org\/download\/audio-silvana-melo-pelota-de-trapo-07-07-2021\/AUDIO%20-%20SILVANA%20MELO%20%28PELOTA%20DE%20TRAPO%29%2007%2007%202021.mp3\">https:\/\/archive.org\/download\/audio-silvana-melo-pelota-de-trapo-07-07-2021\/AUDIO%20-%20SILVANA%20MELO%20%28PELOTA%20DE%20TRAPO%29%2007%2007%202021.mp3<\/a><\/audio>\n<div class=\"powerpress_player\" id=\"powerpress_player_1971\"><audio class=\"wp-audio-shortcode\" id=\"audio-3684-1\" preload=\"none\" style=\"width: 100%;\" controls=\"controls\"><source type=\"audio\/mpeg\" src=\"https:\/\/archive.org\/download\/audio-silvana-melo-pelota-de-trapo-07-07-2021\/AUDIO%20-%20SILVANA%20MELO%20%28PELOTA%20DE%20TRAPO%29%2007%2007%202021.mp3?_=1\" \/><a href=\"https:\/\/archive.org\/download\/audio-silvana-melo-pelota-de-trapo-07-07-2021\/AUDIO%20-%20SILVANA%20MELO%20%28PELOTA%20DE%20TRAPO%29%2007%2007%202021.mp3\">https:\/\/archive.org\/download\/audio-silvana-melo-pelota-de-trapo-07-07-2021\/AUDIO%20-%20SILVANA%20MELO%20%28PELOTA%20DE%20TRAPO%29%2007%2007%202021.mp3<\/a><\/audio><\/div><p class=\"powerpress_links powerpress_links_mp3\" style=\"margin-bottom: 1px !important;\">Podcast: <a href=\"https:\/\/archive.org\/download\/audio-silvana-melo-pelota-de-trapo-07-07-2021\/AUDIO%20-%20SILVANA%20MELO%20%28PELOTA%20DE%20TRAPO%29%2007%2007%202021.mp3\" class=\"powerpress_link_pinw\" target=\"_blank\" title=\"Reproducir en una nueva ventana\" onclick=\"return powerpress_pinw('https:\/\/fmtinkunaco.ar\/?powerpress_pinw=3684-podcast');\" rel=\"nofollow\">Reproducir en una nueva ventana<\/a> | <a href=\"https:\/\/archive.org\/download\/audio-silvana-melo-pelota-de-trapo-07-07-2021\/AUDIO%20-%20SILVANA%20MELO%20%28PELOTA%20DE%20TRAPO%29%2007%2007%202021.mp3\" class=\"powerpress_link_d\" title=\"Descargar\" rel=\"nofollow\" download=\"AUDIO%20-%20SILVANA%20MELO%20%28PELOTA%20DE%20TRAPO%29%2007%2007%202021.mp3\">Descargar<\/a><\/p>","protected":false},"excerpt":{"rendered":"<p>La Fundaci\u00f3n Pelota de Trapo se encuentra realizando una colecta de ropa en buen estado, zapatillas y juguetes por el \u201cD\u00eda de la Ni\u00f1ez\u201d. Se encuentran solicitando zapatillas entre el n\u00famero 33 y el 38, juguetes nuevos o que lo parezcan y ropa en muy buen estado. La Fundaci\u00f3n tiene m\u00e1s de 40 a\u00f1os de [&hellip;]<\/p>\n","protected":false},"author":1,"featured_media":3685,"comment_status":"open","ping_status":"open","sticky":false,"template":"","format":"standard","meta":{"footnotes":""},"categories":[4,9],"tags":[157,159,228],"class_list":["post-3684","post","type-post","status-publish","format-standard","has-post-thumbnail","hentry","category-derechos-humanos","category-sociedad","tag-dia-de-la-ninez","tag-dia-de-las-infancias","tag-fundacion-pelota-de-trapo"],"_links":{"self":[{"href":"https:\/\/fmtinkunaco.ar\/index.php?rest_route=\/wp\/v2\/posts\/3684","targetHints":{"allow":["GET"]}}],"collection":[{"href":"https:\/\/fmtinkunaco.ar\/index.php?rest_route=\/wp\/v2\/posts"}],"about":[{"href":"https:\/\/fmtinkunaco.ar\/index.php?rest_route=\/wp\/v2\/types\/post"}],"author":[{"embeddable":true,"href":"https:\/\/fmtinkunaco.ar\/index.php?rest_route=\/wp\/v2\/users\/1"}],"replies":[{"embeddable":true,"href":"https:\/\/fmtinkunaco.ar\/index.php?rest_route=%2Fwp%2Fv2%2Fcomments&post=3684"}],"version-history":[{"count":0,"href":"https:\/\/fmtinkunaco.ar\/index.php?rest_route=\/wp\/v2\/posts\/3684\/revisions"}],"wp:featuredmedia":[{"embeddable":true,"href":"https:\/\/fmtinkunaco.ar\/index.php?rest_route=\/"}],"wp:attachment":[{"href":"https:\/\/fmtinkunaco.ar\/index.php?rest_route=%2Fwp%2Fv2%2Fmedia&parent=3684"}],"wp:term":[{"taxonomy":"category","embeddable":true,"href":"https:\/\/fmtinkunaco.ar\/index.php?rest_route=%2Fwp%2Fv2%2Fcategories&post=3684"},{"taxonomy":"post_tag","embeddable":true,"href":"https:\/\/fmtinkunaco.ar\/index.php?rest_route=%2Fwp%2Fv2%2Ftags&post=3684"}],"curies":[{"name":"wp","href":"https:\/\/api.w.org\/{rel}","templated":true}]}}