{"id":3687,"date":"2021-07-07T09:51:37","date_gmt":"2021-07-07T12:51:37","guid":{"rendered":"http:\/\/fmtinkunaco.com.ar\/?p=3687"},"modified":"2021-07-07T09:51:37","modified_gmt":"2021-07-07T12:51:37","slug":"el-centro-comunitario-belen-ubicado-en-san-atilio-cumple-37-anos","status":"publish","type":"post","link":"https:\/\/fmtinkunaco.ar\/?p=3687","title":{"rendered":"El Centro Comunitario Bel\u00e9n, ubicado en San Atilio, cumple 37 a\u00f1os"},"content":{"rendered":"<p>El viernes 9 de julio, el Centro Comunitario Bel\u00e9n ubicado en el barrio San Atilio \u2013 Jos\u00e9. C. Paz se encuentra cumpliendo y celebrando 37 a\u00f1os de trabajo en el territorio y con la comunidad.<\/p>\n<p>La organizaci\u00f3n sin fines de lucro trabaja, desde sus inicios, con ni\u00f1eces desde 3 meses a 18 a\u00f1os; las ni\u00f1as y ni\u00f1as de 3 meses a 12 a\u00f1os desarrollan sus actividades en el edificio del centro comunitario y las y los j\u00f3venes a partir de 12 a\u00f1os forman parte del espacio de la Biblioteca Popular Paulo Freire que tambi\u00e9n integra la organizaci\u00f3n. Adem\u00e1s, la Radio FM Tinkunaco tambi\u00e9n desarrolla sus actividades en el edificio del centro comunitario y forma parte del mismo.<\/p>\n<p>En di\u00e1logo con la FM Tinkunaco, Ramona Insaurralde, Coordinadora del Centro Comunitario Bel\u00e9n, describi\u00f3 el trabajo cotidiano que realizan en el marco de la pandemia<em> \u201cCuando empez\u00f3 la pandemia hubo que re adaptarse a la situaci\u00f3n y nosotros lo que pudimos ver, con el equipo de trabajo, es que era imprescindible seguir brindando el alimento, porque los chicos ac\u00e1 desayunan, almuerzan y meriendan y decidimos que ten\u00edamos que seguir brindando el servicio de comida. Las educadoras, que atend\u00edan a los ni\u00f1os, armaron equipos y se cocina todos los d\u00edas y las familias pueden retirar las viandas. Tambi\u00e9n se brinda la merienda para que se lleven los papas a la casa\u201d.<\/em><\/p>\n<p>El Centro Comunitario no s\u00f3lo brinda alimentos a las ni\u00f1eces y adolescencias si no que es un lugar imprescindible para el desarrollo creativo y para adquirir conocimientos; la organizaci\u00f3n tiene sus bases en la educaci\u00f3n popular y comunitaria.<\/p>\n<p>Ramona Insaurralde, adem\u00e1s, detall\u00f3 la diferencia entre este cumplea\u00f1os en pandemia y los festejos caracter\u00edsticos de la organizaci\u00f3n, <em>\u201cEl 9 de julio cumplimos 37 a\u00f1os en el barrio y todos los a\u00f1os nos juntamos con las familias y festejamos; el a\u00f1o pasado no se pudo hacer el festejo y este a\u00f1o decidimos que no nos podemos juntar porque tenemos que seguir cuid\u00e1ndonos para que esto pase pronto, entonces decidimos hace un buen locro, van a venir algunos papas, unos vecinos a colaborar para cocinar para que todas las familias del centro se puedan llevar un rico locro y un pedazo de torta para festejar cada uno en su casa\u201d.<\/em><\/p>\n<p>Compartimos la entrevista completa<\/p>\n<p><a href=\"https:\/\/archive.org\/details\/audio-ramona-37-an-os-del-ccb-08-07-2021\">Descargar<\/a><\/p>\n<p>&nbsp;<\/p>\n<audio class=\"wp-audio-shortcode\" id=\"audio-3687-2\" preload=\"none\" style=\"width: 100%;\" controls=\"controls\"><source type=\"audio\/mpeg\" src=\"https:\/\/archive.org\/download\/audio-ramona-37-an-os-del-ccb-08-07-2021\/AUDIO%20-%20RAMONA%20%2837%20A%C3%91OS%20DEL%20CCB%29%2008%2007%202021.mp3?_=2\" \/><a href=\"https:\/\/archive.org\/download\/audio-ramona-37-an-os-del-ccb-08-07-2021\/AUDIO%20-%20RAMONA%20%2837%20A%C3%91OS%20DEL%20CCB%29%2008%2007%202021.mp3\">https:\/\/archive.org\/download\/audio-ramona-37-an-os-del-ccb-08-07-2021\/AUDIO%20-%20RAMONA%20%2837%20A%C3%91OS%20DEL%20CCB%29%2008%2007%202021.mp3<\/a><\/audio>\n<div class=\"powerpress_player\" id=\"powerpress_player_9067\"><audio class=\"wp-audio-shortcode\" id=\"audio-3687-1\" preload=\"none\" style=\"width: 100%;\" controls=\"controls\"><source type=\"audio\/mpeg\" src=\"https:\/\/archive.org\/download\/audio-ramona-37-an-os-del-ccb-08-07-2021\/AUDIO%20-%20RAMONA%20%2837%20A%C3%91OS%20DEL%20CCB%29%2008%2007%202021.mp3?_=1\" \/><a href=\"https:\/\/archive.org\/download\/audio-ramona-37-an-os-del-ccb-08-07-2021\/AUDIO%20-%20RAMONA%20%2837%20A%C3%91OS%20DEL%20CCB%29%2008%2007%202021.mp3\">https:\/\/archive.org\/download\/audio-ramona-37-an-os-del-ccb-08-07-2021\/AUDIO%20-%20RAMONA%20%2837%20A%C3%91OS%20DEL%20CCB%29%2008%2007%202021.mp3<\/a><\/audio><\/div><p class=\"powerpress_links powerpress_links_mp3\" style=\"margin-bottom: 1px !important;\">Podcast: <a href=\"https:\/\/archive.org\/download\/audio-ramona-37-an-os-del-ccb-08-07-2021\/AUDIO%20-%20RAMONA%20%2837%20A%C3%91OS%20DEL%20CCB%29%2008%2007%202021.mp3\" class=\"powerpress_link_pinw\" target=\"_blank\" title=\"Reproducir en una nueva ventana\" onclick=\"return powerpress_pinw('https:\/\/fmtinkunaco.ar\/?powerpress_pinw=3687-podcast');\" rel=\"nofollow\">Reproducir en una nueva ventana<\/a> | <a href=\"https:\/\/archive.org\/download\/audio-ramona-37-an-os-del-ccb-08-07-2021\/AUDIO%20-%20RAMONA%20%2837%20A%C3%91OS%20DEL%20CCB%29%2008%2007%202021.mp3\" class=\"powerpress_link_d\" title=\"Descargar\" rel=\"nofollow\" download=\"AUDIO%20-%20RAMONA%20%2837%20A%C3%91OS%20DEL%20CCB%29%2008%2007%202021.mp3\">Descargar<\/a><\/p>","protected":false},"excerpt":{"rendered":"<p>El viernes 9 de julio, el Centro Comunitario Bel\u00e9n ubicado en el barrio San Atilio \u2013 Jos\u00e9. C. Paz se encuentra cumpliendo y celebrando 37 a\u00f1os de trabajo en el territorio y con la comunidad. La organizaci\u00f3n sin fines de lucro trabaja, desde sus inicios, con ni\u00f1eces desde 3 meses a 18 a\u00f1os; las ni\u00f1as [&hellip;]<\/p>\n","protected":false},"author":1,"featured_media":3688,"comment_status":"open","ping_status":"open","sticky":false,"template":"","format":"standard","meta":{"footnotes":""},"categories":[9],"tags":[93,337,444],"class_list":["post-3687","post","type-post","status-publish","format-standard","has-post-thumbnail","hentry","category-sociedad","tag-centro-comunitario-belen","tag-municipio-de-jose-c-paz","tag-san-atilio"],"_links":{"self":[{"href":"https:\/\/fmtinkunaco.ar\/index.php?rest_route=\/wp\/v2\/posts\/3687","targetHints":{"allow":["GET"]}}],"collection":[{"href":"https:\/\/fmtinkunaco.ar\/index.php?rest_route=\/wp\/v2\/posts"}],"about":[{"href":"https:\/\/fmtinkunaco.ar\/index.php?rest_route=\/wp\/v2\/types\/post"}],"author":[{"embeddable":true,"href":"https:\/\/fmtinkunaco.ar\/index.php?rest_route=\/wp\/v2\/users\/1"}],"replies":[{"embeddable":true,"href":"https:\/\/fmtinkunaco.ar\/index.php?rest_route=%2Fwp%2Fv2%2Fcomments&post=3687"}],"version-history":[{"count":0,"href":"https:\/\/fmtinkunaco.ar\/index.php?rest_route=\/wp\/v2\/posts\/3687\/revisions"}],"wp:featuredmedia":[{"embeddable":true,"href":"https:\/\/fmtinkunaco.ar\/index.php?rest_route=\/"}],"wp:attachment":[{"href":"https:\/\/fmtinkunaco.ar\/index.php?rest_route=%2Fwp%2Fv2%2Fmedia&parent=3687"}],"wp:term":[{"taxonomy":"category","embeddable":true,"href":"https:\/\/fmtinkunaco.ar\/index.php?rest_route=%2Fwp%2Fv2%2Fcategories&post=3687"},{"taxonomy":"post_tag","embeddable":true,"href":"https:\/\/fmtinkunaco.ar\/index.php?rest_route=%2Fwp%2Fv2%2Ftags&post=3687"}],"curies":[{"name":"wp","href":"https:\/\/api.w.org\/{rel}","templated":true}]}}