{"id":3690,"date":"2021-07-07T13:40:01","date_gmt":"2021-07-07T16:40:01","guid":{"rendered":"http:\/\/fmtinkunaco.com.ar\/?p=3690"},"modified":"2021-07-07T13:40:01","modified_gmt":"2021-07-07T16:40:01","slug":"vacaciones-de-invierno-con-el-espectaculo-interactivo-terror-en-casa","status":"publish","type":"post","link":"https:\/\/fmtinkunaco.ar\/?p=3690","title":{"rendered":"Vacaciones de invierno con el espect\u00e1culo interactivo: \u00a1Terror en casa!"},"content":{"rendered":"<p><strong>\u00a1Terror en Casa!<\/strong> es un espect\u00e1culo interactivo que se realizar\u00e1 por zoom los d\u00edas 22, 23, 29 y 30 de julio, d\u00f3nde vas a poder escuchar relatos de terror, suspenso y misterio.<\/p>\n<p>Este espect\u00e1culo es una co-producci\u00f3n entre varias salas y grupos teatrales del Conurbano Bonaerense, entre otras, La Herrer\u00eda, Traves\u00eda Teatro, el Centro Cultural Espacios, La Tuerca, El Bald\u00edo, cuenta con el auspicio de la Universidad Nacional de General Sarmiento y con la participaci\u00f3n art\u00edstica de la Compa\u00f1\u00eda Nacional de F\u00f3sforos, Arde la Nona, los Hermanos Guerra, Bel\u00e9n Torras, Cynthia Campilli, Evangelina Tedesco, Omar \u00c1lvarez T\u00edteres, La Desmesura, Pachachos, Duas clown, Articulada Compa\u00f1\u00eda, Ed Gud y otros espacios.<\/p>\n<p>En di\u00e1logo con el programa radial \u201cEncuentro con las Noticia\u201d, Gast\u00f3n Guerra, integrante de \u201cLos Hermanos Guerra\u201d y la \u201cHerrer\u00eda Teatro\u201d, se refiri\u00f3 a este proyecto <em>\u201cNos sumamos a esta propuesta que hizo el compa\u00f1ero Cristian Palacios y nos juntamos cinco salas de la regi\u00f3n con todos los artistas y trabajadores, vamos a ser mas de 20 personas trabajando en este proyecto que es Terror en Casa que va a ser una variet\u00e9 de terror para ni\u00f1es mayores de 7 a\u00f1os, consideramos que va a ser para esa edad, donde va a haber un mont\u00f3n de n\u00fameros relacionados con la tem\u00e1tica del miedo y del terror; va a ser en vivo por zoom con una entrada muy accesible y esa entrada va a ser para solventar el trabajo de los compa\u00f1eros artistas que trabajaron ah\u00ed y hace un a\u00f1o y medio que no est\u00e1n pudiendo generar sus ingresos como antes\u201d.<\/em><\/p>\n<p>Guerra, adem\u00e1s, remarc\u00f3 <em>\u201cEs una entrada muy accesible para grupo familiar porque es una entrada para el que quiera estar detr\u00e1s de esa pantalla juntos en familia preparando su merienda, su cena o su pochoclo, su galletita para esta mirando y bueno, tambi\u00e9n pueden estar tapados con una s\u00e1bana porque se van a morir de miedo\u201d.<\/em><\/p>\n<p>Adem\u00e1s \u201cTerror en Casa\u201d va a formar parte de la \u201cFiesta de los Miedos\u201d \u2013 festival organizado por el Centro Cultural de la Universidad Nacional de General Sarmiento en el marco de las vacaciones de invierno que este a\u00f1o ser\u00e1 virtual.<\/p>\n<p>La invitaci\u00f3n es, mediante zoom, los d\u00edas 22, 23, 29 y 30 de julio a partir de las 20hs; la entrada se puede adquirir por Alternativa y Mercado Pago. Luego de realizar el pago, vas a recibir el link para conectarte acompa\u00f1ado de un video con instrucciones.<\/p>\n<p>El espect\u00e1culo es recomendado para chicos y chicas a partir de los 7 a\u00f1os.<\/p>\n<p>Compartimos la entrevista completa<\/p>\n<p><a href=\"https:\/\/archive.org\/details\/audio-gaston-guerra-07-07-2021\">Descargar<\/a><\/p>\n<p>&nbsp;<\/p>\n<audio class=\"wp-audio-shortcode\" id=\"audio-3690-2\" preload=\"none\" style=\"width: 100%;\" controls=\"controls\"><source type=\"audio\/mpeg\" src=\"https:\/\/archive.org\/download\/audio-gaston-guerra-07-07-2021\/AUDIO%20-%20GASTON%20GUERRA%2007%2007%202021.mp3?_=2\" \/><a href=\"https:\/\/archive.org\/download\/audio-gaston-guerra-07-07-2021\/AUDIO%20-%20GASTON%20GUERRA%2007%2007%202021.mp3\">https:\/\/archive.org\/download\/audio-gaston-guerra-07-07-2021\/AUDIO%20-%20GASTON%20GUERRA%2007%2007%202021.mp3<\/a><\/audio>\n<div class=\"powerpress_player\" id=\"powerpress_player_1174\"><audio class=\"wp-audio-shortcode\" id=\"audio-3690-1\" preload=\"none\" style=\"width: 100%;\" controls=\"controls\"><source type=\"audio\/mpeg\" src=\"https:\/\/archive.org\/download\/audio-gaston-guerra-07-07-2021\/AUDIO%20-%20GASTON%20GUERRA%2007%2007%202021.mp3?_=1\" \/><a href=\"https:\/\/archive.org\/download\/audio-gaston-guerra-07-07-2021\/AUDIO%20-%20GASTON%20GUERRA%2007%2007%202021.mp3\">https:\/\/archive.org\/download\/audio-gaston-guerra-07-07-2021\/AUDIO%20-%20GASTON%20GUERRA%2007%2007%202021.mp3<\/a><\/audio><\/div><p class=\"powerpress_links powerpress_links_mp3\" style=\"margin-bottom: 1px !important;\">Podcast: <a href=\"https:\/\/archive.org\/download\/audio-gaston-guerra-07-07-2021\/AUDIO%20-%20GASTON%20GUERRA%2007%2007%202021.mp3\" class=\"powerpress_link_pinw\" target=\"_blank\" title=\"Reproducir en una nueva ventana\" onclick=\"return powerpress_pinw('https:\/\/fmtinkunaco.ar\/?powerpress_pinw=3690-podcast');\" rel=\"nofollow\">Reproducir en una nueva ventana<\/a> | <a href=\"https:\/\/archive.org\/download\/audio-gaston-guerra-07-07-2021\/AUDIO%20-%20GASTON%20GUERRA%2007%2007%202021.mp3\" class=\"powerpress_link_d\" title=\"Descargar\" rel=\"nofollow\" download=\"AUDIO%20-%20GASTON%20GUERRA%2007%2007%202021.mp3\">Descargar<\/a><\/p>","protected":false},"excerpt":{"rendered":"<p>\u00a1Terror en Casa! es un espect\u00e1culo interactivo que se realizar\u00e1 por zoom los d\u00edas 22, 23, 29 y 30 de julio, d\u00f3nde vas a poder escuchar relatos de terror, suspenso y misterio. Este espect\u00e1culo es una co-producci\u00f3n entre varias salas y grupos teatrales del Conurbano Bonaerense, entre otras, La Herrer\u00eda, Traves\u00eda Teatro, el Centro Cultural [&hellip;]<\/p>\n","protected":false},"author":1,"featured_media":3691,"comment_status":"open","ping_status":"open","sticky":false,"template":"","format":"standard","meta":{"footnotes":""},"categories":[3],"tags":[238,239,473,508],"class_list":["post-3690","post","type-post","status-publish","format-standard","has-post-thumbnail","hentry","category-cultura","tag-hermanos-guerra","tag-herreria-teatro","tag-teatro","tag-vacaciones-de-invierno"],"_links":{"self":[{"href":"https:\/\/fmtinkunaco.ar\/index.php?rest_route=\/wp\/v2\/posts\/3690","targetHints":{"allow":["GET"]}}],"collection":[{"href":"https:\/\/fmtinkunaco.ar\/index.php?rest_route=\/wp\/v2\/posts"}],"about":[{"href":"https:\/\/fmtinkunaco.ar\/index.php?rest_route=\/wp\/v2\/types\/post"}],"author":[{"embeddable":true,"href":"https:\/\/fmtinkunaco.ar\/index.php?rest_route=\/wp\/v2\/users\/1"}],"replies":[{"embeddable":true,"href":"https:\/\/fmtinkunaco.ar\/index.php?rest_route=%2Fwp%2Fv2%2Fcomments&post=3690"}],"version-history":[{"count":0,"href":"https:\/\/fmtinkunaco.ar\/index.php?rest_route=\/wp\/v2\/posts\/3690\/revisions"}],"wp:featuredmedia":[{"embeddable":true,"href":"https:\/\/fmtinkunaco.ar\/index.php?rest_route=\/"}],"wp:attachment":[{"href":"https:\/\/fmtinkunaco.ar\/index.php?rest_route=%2Fwp%2Fv2%2Fmedia&parent=3690"}],"wp:term":[{"taxonomy":"category","embeddable":true,"href":"https:\/\/fmtinkunaco.ar\/index.php?rest_route=%2Fwp%2Fv2%2Fcategories&post=3690"},{"taxonomy":"post_tag","embeddable":true,"href":"https:\/\/fmtinkunaco.ar\/index.php?rest_route=%2Fwp%2Fv2%2Ftags&post=3690"}],"curies":[{"name":"wp","href":"https:\/\/api.w.org\/{rel}","templated":true}]}}