{"id":3696,"date":"2021-07-13T10:36:17","date_gmt":"2021-07-13T13:36:17","guid":{"rendered":"http:\/\/fmtinkunaco.com.ar\/?p=3696"},"modified":"2021-07-13T10:36:17","modified_gmt":"2021-07-13T13:36:17","slug":"organizaciones-de-jose-c-paz-conforman-la-otra-agenda-y-realizaran-un-relevamiento-comunitario","status":"publish","type":"post","link":"https:\/\/fmtinkunaco.ar\/?p=3696","title":{"rendered":"Organizaciones de Jos\u00e9. C. Paz conforman \u201cLa Otra Agenda\u201d y realizar\u00e1n un relevamiento comunitario"},"content":{"rendered":"<p>Las organizaciones sociales, comunitarias, barriales, autogestivas, independientes, pol\u00edticas y muchas de ellas hist\u00f3ricas de Jos\u00e9 C. Paz han conformado el espacio \u201cLa Otra Agenda\u201d con el objetivo de articular acciones para reclamar presencia del estado en diferentes aspectos y proponer una agenda de temas vinculados a los derechos elementales de las familias de Jos\u00e9 C. Paz.<\/p>\n<p>En este marco, este fin de semana, realizar\u00e1n la primera actividad de visibilidad y relevamiento en el Barrio San Atilio \u2013 Jos\u00e9. C. Paz.<\/p>\n<p>En di\u00e1logo con el programa radial \u201cEncuentro con las Noticias\u201d, Marcelo Ochoa, Docentes \u2013 Agente Multiplicador de Salud e integrante del colectivo <em>\u201cLa otra agenda\u201d, se refiri\u00f3 al espacio \u201cEs un espacio que surge como para volver a recuperar un encuentro que hubo el a\u00f1o pasado en torno al reclamo y la exigencia de un comit\u00e9 de crisis en Jos\u00e9. C. Paz donde logramos reunirnos varias organizaciones que venimos trabajando hace mucho tiempo en el territorio. Ese comit\u00e9 nunca funcion\u00f3. Las organizaciones decidimos quienes serian nuestros representantes pero nunca funcion\u00f3 y nos encontramos con una segunda ola de pandemia y con un segundo a\u00f1o de pandemia en el que dijimos tenemos que articular necesariamente porque la situaci\u00f3n est\u00e1 cada vez m\u00e1s complicada desde el punto de vista territorial\u201d.<\/em><\/p>\n<p>Ochoa remarc\u00f3 que los encuentros que se vienen dando entre las organizaciones son totalmente transversales, <em>\u201cest\u00e1 siendo bastante transversal el encuentro y lo que hay en com\u00fan es tambi\u00e9n una lectura de nuestra realidad local que tiene que ver con el agotamiento de una forma de hacer pol\u00edtica, tiene que ver con la lectura con lo estrat\u00e9gico que somos las organizaciones en el territorio para garantizar derechos y tambi\u00e9n una perspectiva, m\u00e1s ambiciosa, respecto de que cuando los gobiernos pasan son las organizaciones que quedan en el territorio y entonces, tambi\u00e9n, la invitaci\u00f3n a pensarnos a largo plaza mas all\u00e1 de la coyuntura\u201d.<\/em><\/p>\n<p>El primer encuentro, de manera presencial de \u201cLa Otra Agenda\u201d, ser\u00e1 el pr\u00f3ximo domingo 18 de julio en la Plaza del barrio San Atilio con el objetivo de realizar un relevamiento comunitario sobre vulneraci\u00f3n de derechos durante la pandemia abarcando salud, educaci\u00f3n, genero, entre otras.<\/p>\n<p>Compartimos la entrevista completa<\/p>\n<p><a href=\"https:\/\/archive.org\/details\/audio-marcelo-ochoa-13-07-2021\">Descargar<\/a><\/p>\n<p>&nbsp;<\/p>\n<audio class=\"wp-audio-shortcode\" id=\"audio-3696-2\" preload=\"none\" style=\"width: 100%;\" controls=\"controls\"><source type=\"audio\/mpeg\" src=\"https:\/\/archive.org\/download\/audio-marcelo-ochoa-13-07-2021\/AUDIO%20-%20MARCELO%20OCHOA%2013%2007%202021.mp3?_=2\" \/><a href=\"https:\/\/archive.org\/download\/audio-marcelo-ochoa-13-07-2021\/AUDIO%20-%20MARCELO%20OCHOA%2013%2007%202021.mp3\">https:\/\/archive.org\/download\/audio-marcelo-ochoa-13-07-2021\/AUDIO%20-%20MARCELO%20OCHOA%2013%2007%202021.mp3<\/a><\/audio>\n<div class=\"powerpress_player\" id=\"powerpress_player_823\"><audio class=\"wp-audio-shortcode\" id=\"audio-3696-1\" preload=\"none\" style=\"width: 100%;\" controls=\"controls\"><source type=\"audio\/mpeg\" src=\"https:\/\/archive.org\/download\/audio-marcelo-ochoa-13-07-2021\/AUDIO%20-%20MARCELO%20OCHOA%2013%2007%202021.mp3?_=1\" \/><a href=\"https:\/\/archive.org\/download\/audio-marcelo-ochoa-13-07-2021\/AUDIO%20-%20MARCELO%20OCHOA%2013%2007%202021.mp3\">https:\/\/archive.org\/download\/audio-marcelo-ochoa-13-07-2021\/AUDIO%20-%20MARCELO%20OCHOA%2013%2007%202021.mp3<\/a><\/audio><\/div><p class=\"powerpress_links powerpress_links_mp3\" style=\"margin-bottom: 1px !important;\">Podcast: <a href=\"https:\/\/archive.org\/download\/audio-marcelo-ochoa-13-07-2021\/AUDIO%20-%20MARCELO%20OCHOA%2013%2007%202021.mp3\" class=\"powerpress_link_pinw\" target=\"_blank\" title=\"Reproducir en una nueva ventana\" onclick=\"return powerpress_pinw('https:\/\/fmtinkunaco.ar\/?powerpress_pinw=3696-podcast');\" rel=\"nofollow\">Reproducir en una nueva ventana<\/a> | <a href=\"https:\/\/archive.org\/download\/audio-marcelo-ochoa-13-07-2021\/AUDIO%20-%20MARCELO%20OCHOA%2013%2007%202021.mp3\" class=\"powerpress_link_d\" title=\"Descargar\" rel=\"nofollow\" download=\"AUDIO%20-%20MARCELO%20OCHOA%2013%2007%202021.mp3\">Descargar<\/a><\/p>","protected":false},"excerpt":{"rendered":"<p>Las organizaciones sociales, comunitarias, barriales, autogestivas, independientes, pol\u00edticas y muchas de ellas hist\u00f3ricas de Jos\u00e9 C. Paz han conformado el espacio \u201cLa Otra Agenda\u201d con el objetivo de articular acciones para reclamar presencia del estado en diferentes aspectos y proponer una agenda de temas vinculados a los derechos elementales de las familias de Jos\u00e9 C. [&hellip;]<\/p>\n","protected":false},"author":1,"featured_media":3697,"comment_status":"open","ping_status":"open","sticky":false,"template":"","format":"standard","meta":{"footnotes":""},"categories":[9],"tags":[275,297,337],"class_list":["post-3696","post","type-post","status-publish","format-standard","has-post-thumbnail","hentry","category-sociedad","tag-la-otra-agenda","tag-marcelo-ochoa","tag-municipio-de-jose-c-paz"],"_links":{"self":[{"href":"https:\/\/fmtinkunaco.ar\/index.php?rest_route=\/wp\/v2\/posts\/3696","targetHints":{"allow":["GET"]}}],"collection":[{"href":"https:\/\/fmtinkunaco.ar\/index.php?rest_route=\/wp\/v2\/posts"}],"about":[{"href":"https:\/\/fmtinkunaco.ar\/index.php?rest_route=\/wp\/v2\/types\/post"}],"author":[{"embeddable":true,"href":"https:\/\/fmtinkunaco.ar\/index.php?rest_route=\/wp\/v2\/users\/1"}],"replies":[{"embeddable":true,"href":"https:\/\/fmtinkunaco.ar\/index.php?rest_route=%2Fwp%2Fv2%2Fcomments&post=3696"}],"version-history":[{"count":0,"href":"https:\/\/fmtinkunaco.ar\/index.php?rest_route=\/wp\/v2\/posts\/3696\/revisions"}],"wp:featuredmedia":[{"embeddable":true,"href":"https:\/\/fmtinkunaco.ar\/index.php?rest_route=\/"}],"wp:attachment":[{"href":"https:\/\/fmtinkunaco.ar\/index.php?rest_route=%2Fwp%2Fv2%2Fmedia&parent=3696"}],"wp:term":[{"taxonomy":"category","embeddable":true,"href":"https:\/\/fmtinkunaco.ar\/index.php?rest_route=%2Fwp%2Fv2%2Fcategories&post=3696"},{"taxonomy":"post_tag","embeddable":true,"href":"https:\/\/fmtinkunaco.ar\/index.php?rest_route=%2Fwp%2Fv2%2Ftags&post=3696"}],"curies":[{"name":"wp","href":"https:\/\/api.w.org\/{rel}","templated":true}]}}