{"id":3703,"date":"2021-07-14T13:21:55","date_gmt":"2021-07-14T16:21:55","guid":{"rendered":"http:\/\/fmtinkunaco.com.ar\/?p=3703"},"modified":"2021-07-14T13:21:55","modified_gmt":"2021-07-14T16:21:55","slug":"la-asamblea-permanente-de-danza-de-pilar-organiza-el-encuentro-somos-danza","status":"publish","type":"post","link":"https:\/\/fmtinkunaco.ar\/?p=3703","title":{"rendered":"La Asamblea Permanente de Danza de Pilar organiza el Encuentro \u201cSomos Danza\u201d"},"content":{"rendered":"<p>El pr\u00f3ximo fin de semana, s\u00e1bado 17 y domingo 18 de julio, la Asamblea Permanente de Danza de Pilar convoca a participar del Encuentro virtual \u201cSomos Danza\u201d que tiene como objetivo \u00a0recaudar fondos para el sostenimiento de los espacios dedicados a la danza de la comunidad de Pilar, y de visibilizar la situaci\u00f3n de extrema precarizaci\u00f3n del sector.<\/p>\n<p>La Asamblea Permanente de Danza de Pilar surge, hace m\u00e1s de 4 a\u00f1os, a partir de la organizaci\u00f3n de diferentes espacios en torno al Proyecto de Ley Nacional de Danza.<\/p>\n<p>En di\u00e1logo con el programa radial \u201cEncuentro con las Noticias\u201d, Melina Foster, Docente de danzas e integrante de la Asamblea Permanente de Danza de Pilar, se refiri\u00f3 al encuentro y al porqu\u00e9 del mismo, <em>\u201cSomos Danza es un encuentro viene de la ida, la vuelta, los protocolos y todo el mundo vuelto loco porque abrir un espacio y sostener un espacio es un mont\u00f3n, un mont\u00f3n de inversi\u00f3n y pasaba que empezabas a retomar la actividad y hab\u00eda que cerrar de vuelta y hab\u00eda que invertir en protocolos para la apertura que despu\u00e9s no suced\u00edan. (\u2026) entonces decidimos organizar una actividad que permitiera gestionarnos desde la asamblea como una facilidad y que permitiera a los estudios tener un ingreso extra ahora que estamos volviendo a las actividades\u201d.<\/em><\/p>\n<p>Adem\u00e1s, Foster, explic\u00f3 que Somos Danza tiene en otros objetivos el de promocionar y visibilizar el trabajo de les hacedores de danza de nuestra comunidad, fomentando la asociatividad y la creaci\u00f3n de redes, <em>\u201cEs un encuentro de clases, de talleristas de distintos pa\u00edses, hay compa\u00f1eras de Espa\u00f1a, de Venezuela, maestros que trabajan ac\u00e1 a nivel internacional. Es un encuentro s\u00faper rico en cuanto a la oferta pedag\u00f3gica y s\u00faper accesible porque tambi\u00e9n lo pens\u00e1bamos para nuestra propia comunidad que por ah\u00ed acceder a una clase, a un taller de esta categor\u00eda hoy no es posible para todos que por ah\u00ed nos dedicamos de lleno a esta actividad, somos docentes o core\u00f3grafos o chicos que est\u00e1n estudiando y tratando de ponerle fichas a este camino que es muy complejo y que quiz\u00e1s no tienen la posibilidad de financiarse este tipo de capacitaciones. Entonces la idea era, por un lado, que le sirva a los espacios y por el otro que le sirva a les estudiantes\u201d.<\/em><\/p>\n<p>El valor del encuentro es de $1000 mil pesos y permite la participaci\u00f3n en las dos jornadas del 17 y 18\u00a0 de julio. En caso de querer participar, se deber\u00e1 completar el formulario que se encuentra en el<a href=\"https:\/\/www.facebook.com\/events\/891080681762356\/?ref=newsfeed\"> evento de facebook<\/a>.<\/p>\n<p>Compartimos la entrevista completa<\/p>\n<p><a href=\"https:\/\/archive.org\/details\/audio-melina-foster-somos-danza-14-07-2021\">Descargar<\/a><\/p>\n<p>&nbsp;<\/p>\n<audio class=\"wp-audio-shortcode\" id=\"audio-3703-2\" preload=\"none\" style=\"width: 100%;\" controls=\"controls\"><source type=\"audio\/mpeg\" src=\"https:\/\/archive.org\/download\/audio-melina-foster-somos-danza-14-07-2021\/AUDIO%20-%20MELINA%20FOSTER%20%28SOMOS%20DANZA%29%2014%2007%202021.mp3?_=2\" \/><a href=\"https:\/\/archive.org\/download\/audio-melina-foster-somos-danza-14-07-2021\/AUDIO%20-%20MELINA%20FOSTER%20%28SOMOS%20DANZA%29%2014%2007%202021.mp3\">https:\/\/archive.org\/download\/audio-melina-foster-somos-danza-14-07-2021\/AUDIO%20-%20MELINA%20FOSTER%20%28SOMOS%20DANZA%29%2014%2007%202021.mp3<\/a><\/audio>\n<div class=\"powerpress_player\" id=\"powerpress_player_1336\"><audio class=\"wp-audio-shortcode\" id=\"audio-3703-1\" preload=\"none\" style=\"width: 100%;\" controls=\"controls\"><source type=\"audio\/mpeg\" src=\"https:\/\/archive.org\/download\/audio-melina-foster-somos-danza-14-07-2021\/AUDIO%20-%20MELINA%20FOSTER%20%28SOMOS%20DANZA%29%2014%2007%202021.mp3?_=1\" \/><a href=\"https:\/\/archive.org\/download\/audio-melina-foster-somos-danza-14-07-2021\/AUDIO%20-%20MELINA%20FOSTER%20%28SOMOS%20DANZA%29%2014%2007%202021.mp3\">https:\/\/archive.org\/download\/audio-melina-foster-somos-danza-14-07-2021\/AUDIO%20-%20MELINA%20FOSTER%20%28SOMOS%20DANZA%29%2014%2007%202021.mp3<\/a><\/audio><\/div><p class=\"powerpress_links powerpress_links_mp3\" style=\"margin-bottom: 1px !important;\">Podcast: <a href=\"https:\/\/archive.org\/download\/audio-melina-foster-somos-danza-14-07-2021\/AUDIO%20-%20MELINA%20FOSTER%20%28SOMOS%20DANZA%29%2014%2007%202021.mp3\" class=\"powerpress_link_pinw\" target=\"_blank\" title=\"Reproducir en una nueva ventana\" onclick=\"return powerpress_pinw('https:\/\/fmtinkunaco.ar\/?powerpress_pinw=3703-podcast');\" rel=\"nofollow\">Reproducir en una nueva ventana<\/a> | <a href=\"https:\/\/archive.org\/download\/audio-melina-foster-somos-danza-14-07-2021\/AUDIO%20-%20MELINA%20FOSTER%20%28SOMOS%20DANZA%29%2014%2007%202021.mp3\" class=\"powerpress_link_d\" title=\"Descargar\" rel=\"nofollow\" download=\"AUDIO%20-%20MELINA%20FOSTER%20%28SOMOS%20DANZA%29%2014%2007%202021.mp3\">Descargar<\/a><\/p>","protected":false},"excerpt":{"rendered":"<p>El pr\u00f3ximo fin de semana, s\u00e1bado 17 y domingo 18 de julio, la Asamblea Permanente de Danza de Pilar convoca a participar del Encuentro virtual \u201cSomos Danza\u201d que tiene como objetivo \u00a0recaudar fondos para el sostenimiento de los espacios dedicados a la danza de la comunidad de Pilar, y de visibilizar la situaci\u00f3n de extrema [&hellip;]<\/p>\n","protected":false},"author":1,"featured_media":3708,"comment_status":"open","ping_status":"open","sticky":false,"template":"","format":"standard","meta":{"footnotes":""},"categories":[3],"tags":[53,314,340,467],"class_list":["post-3703","post","type-post","status-publish","format-standard","has-post-thumbnail","hentry","category-cultura","tag-asamblea-permanente-de-danza-de-pilar","tag-melina-foster","tag-municipio-de-pilar","tag-somos-danza"],"_links":{"self":[{"href":"https:\/\/fmtinkunaco.ar\/index.php?rest_route=\/wp\/v2\/posts\/3703","targetHints":{"allow":["GET"]}}],"collection":[{"href":"https:\/\/fmtinkunaco.ar\/index.php?rest_route=\/wp\/v2\/posts"}],"about":[{"href":"https:\/\/fmtinkunaco.ar\/index.php?rest_route=\/wp\/v2\/types\/post"}],"author":[{"embeddable":true,"href":"https:\/\/fmtinkunaco.ar\/index.php?rest_route=\/wp\/v2\/users\/1"}],"replies":[{"embeddable":true,"href":"https:\/\/fmtinkunaco.ar\/index.php?rest_route=%2Fwp%2Fv2%2Fcomments&post=3703"}],"version-history":[{"count":0,"href":"https:\/\/fmtinkunaco.ar\/index.php?rest_route=\/wp\/v2\/posts\/3703\/revisions"}],"wp:featuredmedia":[{"embeddable":true,"href":"https:\/\/fmtinkunaco.ar\/index.php?rest_route=\/"}],"wp:attachment":[{"href":"https:\/\/fmtinkunaco.ar\/index.php?rest_route=%2Fwp%2Fv2%2Fmedia&parent=3703"}],"wp:term":[{"taxonomy":"category","embeddable":true,"href":"https:\/\/fmtinkunaco.ar\/index.php?rest_route=%2Fwp%2Fv2%2Fcategories&post=3703"},{"taxonomy":"post_tag","embeddable":true,"href":"https:\/\/fmtinkunaco.ar\/index.php?rest_route=%2Fwp%2Fv2%2Ftags&post=3703"}],"curies":[{"name":"wp","href":"https:\/\/api.w.org\/{rel}","templated":true}]}}